{"id":43804,"date":"2026-04-13T15:57:12","date_gmt":"2026-04-13T13:57:12","guid":{"rendered":"https:\/\/www.iceagetv.com\/radiosite\/?p=43804"},"modified":"2026-04-13T15:57:14","modified_gmt":"2026-04-13T13:57:14","slug":"suicide-devaelle-en-2019-lenseignante-de-la-collegienne-condamnee-en-appel-a-un-an-de-prison-avec-sursis","status":"publish","type":"post","link":"https:\/\/www.iceagetv.com\/radiosite\/suicide-devaelle-en-2019-lenseignante-de-la-collegienne-condamnee-en-appel-a-un-an-de-prison-avec-sursis\/","title":{"rendered":"Suicide d&rsquo;Eva\u00eblle en 2019\u00a0: l&rsquo;enseignante de la coll\u00e9gienne condamn\u00e9e en appel \u00e0 un an de prison avec sursis"},"content":{"rendered":"\n<p>L&rsquo;enseignante d&rsquo;Eva\u00eblle, une enfant de 11 ans qui s&rsquo;est suicid\u00e9e en 2019, a \u00e9t\u00e9 reconnue coupable pour harc\u00e8lement sur deux enfants, dont Eva\u00eblle. Elle a \u00e9t\u00e9 condamn\u00e9e ce lundi en appel \u00e0 un an de prison avec sursis.<\/p>\n\n\n\n<p>La cour d&rsquo;appel de Versailles a rendu son verdict ce lundi sur le cas de la professeure de fran\u00e7ais d&rsquo;Eva\u00eblle, poursuivie pour des faits de harc\u00e8lement scolaire apr\u00e8s\u00a0<a href=\"https:\/\/www.francebleu.fr\/infos\/education\/val-d-oise-une-enseignante-mise-en-examen-pour-harcelement-apres-le-suicide-d-une-collegienne-1601020607\">le suicide de la coll\u00e9gienne de 11 ans en juin 2019<\/a>\u00a0\u00e0 Herblay (Val d&rsquo;Oise). L&rsquo;enseignante a \u00e9t\u00e9 condamn\u00e9e \u00e0 un an de prison avec sursis.La cour d&rsquo;appel de Versailles a aussi prononc\u00e9 une \u00ab\u00a0interdiction d\u00e9finitive d&rsquo;exercer les fonctions de professeure de l&rsquo;\u00c9ducation nationale\u00a0\u00bb envers l&rsquo;enseignante. Le rectorat de Versailles devra payer des dommages et int\u00e9r\u00eats aux deux familles parties civiles, car ce dernier est \u00ab\u00a0civilement responsable\u00a0\u00bb de l&rsquo;enseignante, d\u00e9taille la Cour d&rsquo;appel dans son communiqu\u00e9 de presse.Relax\u00e9e en premi\u00e8re instance<\/p>\n\n\n\n<p>En avril 2025, la professeure de fran\u00e7ais avait \u00e9t\u00e9 relax\u00e9e au terme d&rsquo;un proc\u00e8s \u00e9prouvant \u00e0 Pontoise. Le tribunal avait estim\u00e9 que les \u00e9l\u00e9ments retenus contre l&rsquo;enseignante \u00e9taient jug\u00e9s \u00ab\u00a0discordants, indirects, peu pr\u00e9cis \u00a0\u00bb ou relevant simplement de \u00a0\u00bb comportements appropri\u00e9s et l\u00e9gitimes pour l&rsquo;exercice de l&rsquo;autorit\u00e9 d&rsquo;un enseignant en classe \u00ab\u00a0.<\/p>\n\n\n\n<p>Le proc\u00e8s en appel, en f\u00e9vrier dernier, avait dessin\u00e9 un portrait contrast\u00e9 de la professeure de 63 ans. Le parquet g\u00e9n\u00e9ral avait requis 18 mois de prison avec sursis contre cette femme d\u00e9sormais retrait\u00e9e.<\/p>\n\n\n\n<p>Eva\u00eblle, \u00e9l\u00e8ve du coll\u00e8ge Isabelle-Autissier \u00e0 Herblay (Val-d&rsquo;Oise), s&rsquo;\u00e9tait pendue dans sa chambre du pavillon familial dans la m\u00eame commune. L&rsquo;adolescente, d\u00e9crite comme \u00ab\u00a0pr\u00e9coce\u00a0\u00bb, \u00ab\u00a0atypique\u00a0\u00bb et ayant \u00ab\u00a0du mal \u00e0 entrer dans le moule\u00a0\u00bb, \u00e9tait harcel\u00e9e r\u00e9guli\u00e8rement par des \u00e9l\u00e8ves, parfois violents avec elle. Elle faisait face \u00e0 des tensions avec son enseignante de fran\u00e7ais.<\/p>\n\n\n\n<p>Pour les parents de l&rsquo;adolescente, en plus des remarques et critiques incessantes \u00e0 l&rsquo;encontre de leur fille, un \u00e9pisode a particuli\u00e8rement boulevers\u00e9 Eva\u00eblle&nbsp;; des s\u00e9ances de vie de classe en cours de fran\u00e7ais pendant lesquelles la professeure avait demand\u00e9 \u00e0 tous les \u00e9l\u00e8ves de r\u00e9pondre \u00e0 la question: \u00ab\u00a0Pourquoi Eva\u00eblle se sent-elle harcel\u00e9e et exclue?\u00a0\u00bb. Face \u00e0 ses pleurs, l&rsquo;enseignante s&rsquo;\u00e9tait \u00e9nerv\u00e9e et lui avait intim\u00e9 de r\u00e9pondre aux questions.<\/p>\n","protected":false},"excerpt":{"rendered":"<p>L&rsquo;enseignante d&rsquo;Eva\u00eblle, une enfant de 11 ans qui s&rsquo;est suicid\u00e9e en 2019, a \u00e9t\u00e9 reconnue coupable pour harc\u00e8lement sur deux enfants, dont Eva\u00eblle. Elle a \u00e9t\u00e9 condamn\u00e9e ce lundi en appel \u00e0 un an de prison avec sursis. La cour d&rsquo;appel de Versailles a rendu son verdict ce lundi sur le cas de la professeure [&hellip;]<\/p>\n","protected":false},"author":2,"featured_media":43805,"comment_status":"open","ping_status":"open","sticky":false,"template":"","format":"standard","meta":{"_jetpack_memberships_contains_paid_content":false,"footnotes":"","jetpack_publicize_message":"","jetpack_publicize_feature_enabled":true,"jetpack_social_post_already_shared":true,"jetpack_social_options":{"image_generator_settings":{"template":"highway","default_image_id":0,"font":"","enabled":false},"version":2},"_wpas_customize_per_network":false},"categories":[405],"tags":[],"class_list":["post-43804","post","type-post","status-publish","format-standard","has-post-thumbnail","hentry","category-actu-france-monde"],"jetpack_publicize_connections":[],"jetpack_featured_media_url":"https:\/\/i0.wp.com\/www.iceagetv.com\/radiosite\/wp-content\/uploads\/2026\/04\/Suicide-dEvaelle-en-2019.jpg?fit=809%2C509&ssl=1","jetpack_sharing_enabled":true,"_links":{"self":[{"href":"https:\/\/www.iceagetv.com\/radiosite\/wp-json\/wp\/v2\/posts\/43804","targetHints":{"allow":["GET"]}}],"collection":[{"href":"https:\/\/www.iceagetv.com\/radiosite\/wp-json\/wp\/v2\/posts"}],"about":[{"href":"https:\/\/www.iceagetv.com\/radiosite\/wp-json\/wp\/v2\/types\/post"}],"author":[{"embeddable":true,"href":"https:\/\/www.iceagetv.com\/radiosite\/wp-json\/wp\/v2\/users\/2"}],"replies":[{"embeddable":true,"href":"https:\/\/www.iceagetv.com\/radiosite\/wp-json\/wp\/v2\/comments?post=43804"}],"version-history":[{"count":1,"href":"https:\/\/www.iceagetv.com\/radiosite\/wp-json\/wp\/v2\/posts\/43804\/revisions"}],"predecessor-version":[{"id":43806,"href":"https:\/\/www.iceagetv.com\/radiosite\/wp-json\/wp\/v2\/posts\/43804\/revisions\/43806"}],"wp:featuredmedia":[{"embeddable":true,"href":"https:\/\/www.iceagetv.com\/radiosite\/wp-json\/wp\/v2\/media\/43805"}],"wp:attachment":[{"href":"https:\/\/www.iceagetv.com\/radiosite\/wp-json\/wp\/v2\/media?parent=43804"}],"wp:term":[{"taxonomy":"category","embeddable":true,"href":"https:\/\/www.iceagetv.com\/radiosite\/wp-json\/wp\/v2\/categories?post=43804"},{"taxonomy":"post_tag","embeddable":true,"href":"https:\/\/www.iceagetv.com\/radiosite\/wp-json\/wp\/v2\/tags?post=43804"}],"curies":[{"name":"wp","href":"https:\/\/api.w.org\/{rel}","templated":true}]}}