{"id":43836,"date":"2026-04-15T17:30:06","date_gmt":"2026-04-15T15:30:06","guid":{"rendered":"https:\/\/www.iceagetv.com\/radiosite\/?p=43836"},"modified":"2026-04-15T17:30:08","modified_gmt":"2026-04-15T15:30:08","slug":"adolescent-tue-dans-le-rhone-le-mineur-mis-en-cause-sera-presente-a-un-juge-pour-homicide-volontaire-garde-a-vue-levee-pour-le-gerant-de-lepicerie","status":"publish","type":"post","link":"https:\/\/www.iceagetv.com\/radiosite\/adolescent-tue-dans-le-rhone-le-mineur-mis-en-cause-sera-presente-a-un-juge-pour-homicide-volontaire-garde-a-vue-levee-pour-le-gerant-de-lepicerie\/","title":{"rendered":"Adolescent tu\u00e9 dans le Rh\u00f4ne : le mineur mis en cause sera pr\u00e9sent\u00e9 \u00e0 un juge pour \u00ab\u00a0homicide volontaire\u00a0\u00bb, garde \u00e0 vue lev\u00e9e pour le g\u00e9rant de l&rsquo;\u00e9picerie"},"content":{"rendered":"\n<p>Deux jours apr\u00e8s la mort d&rsquo;un jeune de 13 ans tu\u00e9 par balles \u00e0 Villefranche-sur-Sa\u00f4ne, trois autres mineurs ont \u00e9t\u00e9 plac\u00e9s en garde \u00e0 vue et rel\u00e2ch\u00e9s.\u00c0 l&rsquo;issue de sa garde \u00e0 vue, l&rsquo;adolescent mis en cause&nbsp;<a href=\"https:\/\/www.franceinfo.fr\/faits-divers\/un-adolescent-de-13-ans-tue-par-balle-a-villefranche-sur-saone-deux-mineurs-places-en-garde-a-vue_7934834.html\">apr\u00e8s la mort d&rsquo;un gar\u00e7on de 13 ans lundi \u00e0 Villefranche-sur-Sa\u00f4ne<\/a>&nbsp;(Rh\u00f4ne) sera pr\u00e9sent\u00e9 dans la journ\u00e9e de ce mercredi au juge d&rsquo;instruction pour \u00ab\u00a0homicide volontaire\u00a0\u00bb, indique le parquet de Lyon, d\u00e9sormais en charge de l&rsquo;enqu\u00eate. Le parquet a requis un mandat de d\u00e9p\u00f4t \u00e0 l&rsquo;encontre du tireur pr\u00e9sum\u00e9 \u00e2g\u00e9 de 15 ans.<\/p>\n\n\n\n<p>Les autres personnes plac\u00e9es en garde \u00e0 vue, dont le g\u00e9rant de l&rsquo;\u00e9picerie o\u00f9 se sont d\u00e9roul\u00e9s les faits, ont \u00e9t\u00e9 remises en libert\u00e9. Pour le moment, aucune arme n&rsquo;a \u00e9t\u00e9 retrouv\u00e9e sur les lieux. Les suites de l&rsquo;enqu\u00eate sont d\u00e9sormais confi\u00e9es au commissariat de Villefranche-sur-Sa\u00f4ne,&nbsp;<em>\u00ab\u00a0en lieu et place de la DCOS de Lyon\u00a0\u00bb<\/em>, pr\u00e9cise le parquet.<\/p>\n\n\n\n<h2 class=\"wp-block-heading\">Une blessure \u00e0 la gorge \u00ab\u00a0compatible avec un tir d&rsquo;arme \u00e0 feu\u00a0\u00bb<\/h2>\n\n\n\n<p>Lundi, un adolescent de 13 ans a \u00e9t\u00e9 tu\u00e9 par balle alors qu&rsquo;il se trouvait dans un local annexe d&rsquo;une \u00e9picerie du centre commercial du quartier de Belleroche, \u00e0 Villefranche-sur-Sa\u00f4ne. Les faits ont eu lieu vers 13h15. Sur place, les policiers ont constat\u00e9 qu&rsquo;il pr\u00e9sentait une blessure grave \u00e0 la gorge&nbsp;<em>\u00ab\u00a0compatible avec un tir d&rsquo;arme \u00e0 feu tir\u00e9 \u00e0 faible distance\u00a0\u00bb.<\/em>&nbsp;L&rsquo;adolescent &#8211; inconnu de la justice &#8211; est d\u00e9c\u00e9d\u00e9 sur place vers 14h malgr\u00e9 les tentatives de r\u00e9animation.<\/p>\n\n\n\n<p>Dans cette affaire, trois autres mineurs ont \u00e9t\u00e9 plac\u00e9s en garde \u00e0 vue et rel\u00e2ch\u00e9s.<\/p>\n","protected":false},"excerpt":{"rendered":"<p>Deux jours apr\u00e8s la mort d&rsquo;un jeune de 13 ans tu\u00e9 par balles \u00e0 Villefranche-sur-Sa\u00f4ne, trois autres mineurs ont \u00e9t\u00e9 plac\u00e9s en garde \u00e0 vue et rel\u00e2ch\u00e9s.\u00c0 l&rsquo;issue de sa garde \u00e0 vue, l&rsquo;adolescent mis en cause&nbsp;apr\u00e8s la mort d&rsquo;un gar\u00e7on de 13 ans lundi \u00e0 Villefranche-sur-Sa\u00f4ne&nbsp;(Rh\u00f4ne) sera pr\u00e9sent\u00e9 dans la journ\u00e9e de ce mercredi [&hellip;]<\/p>\n","protected":false},"author":2,"featured_media":43837,"comment_status":"open","ping_status":"open","sticky":false,"template":"","format":"standard","meta":{"_jetpack_memberships_contains_paid_content":false,"footnotes":"","jetpack_publicize_message":"","jetpack_publicize_feature_enabled":true,"jetpack_social_post_already_shared":true,"jetpack_social_options":{"image_generator_settings":{"template":"highway","default_image_id":0,"font":"","enabled":false},"version":2},"_wpas_customize_per_network":false},"categories":[405],"tags":[],"class_list":["post-43836","post","type-post","status-publish","format-standard","has-post-thumbnail","hentry","category-actu-france-monde"],"jetpack_publicize_connections":[],"jetpack_featured_media_url":"https:\/\/i0.wp.com\/www.iceagetv.com\/radiosite\/wp-content\/uploads\/2026\/04\/Adolescent-tue-dans-le-Rhone.jpg?fit=815%2C461&ssl=1","jetpack_sharing_enabled":true,"_links":{"self":[{"href":"https:\/\/www.iceagetv.com\/radiosite\/wp-json\/wp\/v2\/posts\/43836","targetHints":{"allow":["GET"]}}],"collection":[{"href":"https:\/\/www.iceagetv.com\/radiosite\/wp-json\/wp\/v2\/posts"}],"about":[{"href":"https:\/\/www.iceagetv.com\/radiosite\/wp-json\/wp\/v2\/types\/post"}],"author":[{"embeddable":true,"href":"https:\/\/www.iceagetv.com\/radiosite\/wp-json\/wp\/v2\/users\/2"}],"replies":[{"embeddable":true,"href":"https:\/\/www.iceagetv.com\/radiosite\/wp-json\/wp\/v2\/comments?post=43836"}],"version-history":[{"count":1,"href":"https:\/\/www.iceagetv.com\/radiosite\/wp-json\/wp\/v2\/posts\/43836\/revisions"}],"predecessor-version":[{"id":43838,"href":"https:\/\/www.iceagetv.com\/radiosite\/wp-json\/wp\/v2\/posts\/43836\/revisions\/43838"}],"wp:featuredmedia":[{"embeddable":true,"href":"https:\/\/www.iceagetv.com\/radiosite\/wp-json\/wp\/v2\/media\/43837"}],"wp:attachment":[{"href":"https:\/\/www.iceagetv.com\/radiosite\/wp-json\/wp\/v2\/media?parent=43836"}],"wp:term":[{"taxonomy":"category","embeddable":true,"href":"https:\/\/www.iceagetv.com\/radiosite\/wp-json\/wp\/v2\/categories?post=43836"},{"taxonomy":"post_tag","embeddable":true,"href":"https:\/\/www.iceagetv.com\/radiosite\/wp-json\/wp\/v2\/tags?post=43836"}],"curies":[{"name":"wp","href":"https:\/\/api.w.org\/{rel}","templated":true}]}}