{"id":43846,"date":"2026-04-16T08:28:01","date_gmt":"2026-04-16T06:28:01","guid":{"rendered":"https:\/\/www.iceagetv.com\/radiosite\/?p=43846"},"modified":"2026-04-16T08:28:03","modified_gmt":"2026-04-16T06:28:03","slug":"lannonce-surprise-cette-nuit-du-president-de-la-fifa-gianni-infantino-liran-disputera-bien-la-coupe-du-monde-de-football-aux-etats-unis-cet-ete-cest-sur","status":"publish","type":"post","link":"https:\/\/www.iceagetv.com\/radiosite\/lannonce-surprise-cette-nuit-du-president-de-la-fifa-gianni-infantino-liran-disputera-bien-la-coupe-du-monde-de-football-aux-etats-unis-cet-ete-cest-sur\/","title":{"rendered":"L&rsquo;annonce surprise cette nuit du pr\u00e9sident de la Fifa Gianni Infantino : \u00ab\u00a0L&rsquo;Iran disputera bien la Coupe du monde de football&#8230; aux Etats-Unis cet \u00e9t\u00e9 ! C&rsquo;est s\u00fbr&#8230;\u00a0\u00bb"},"content":{"rendered":"\n<p>L&rsquo;Iran disputera la Coupe du monde de football, \u00abc&rsquo;est s\u00fbr\u00bb, a affirm\u00e9 cette nuit le pr\u00e9sident de la Fifa Gianni Infantino, alors que la participation de la Team Melli restait incertaine \u00e0 moins de deux mois de l&rsquo;ouverture du Mondial qui va se d\u00e9rouler en grande partie aux Etats-Unis, en raison du conflit au Moyen-Orient. \u00abL\u2019Iran viendra, c\u2019est s\u00fbr\u00bb, a-t-il affirm\u00e9 lors d\u2019une conf\u00e9rence \u00e9conomique organis\u00e9e par la cha\u00eene de t\u00e9l\u00e9vision CNBC \u00e0 Washington.<\/p>\n\n\n\n<p>\u00abNous esp\u00e9rons qu\u2019\u00e0 ce moment-l\u00e0 (le d\u00e9but de la comp\u00e9tition le 11 juin, ndlr), la situation sera une situation pacifique, ce qui aiderait vraiment\u00bb, a-t-il expliqu\u00e9.<\/p>\n\n\n\n<p>\u00abMais l\u2019Iran doit venir, ils repr\u00e9sentent leur peuple, ils se sont qualifi\u00e9s, les joueurs veulent jouer\u00bb, a affirm\u00e9 M. Infantino, qui avait rendu visite \u00e0 la s\u00e9lection iranienne lors d\u2019un stage de pr\u00e9paration \u00e0 Antalya en Turquie fin mars. Il avait \u00e9galement assist\u00e9 \u00e0 un match amical de l\u2019\u00e9quipe d\u2019Iran.<\/p>\n\n\n\n<p>Il s\u2019\u00e9tait alors d\u00e9j\u00e0 engag\u00e9 sur une participation de l\u2019Iran \u00e0 la comp\u00e9tition mondiale m\u00eame si le pr\u00e9sident am\u00e9ricain Donald Trump, avec qui M. Infantino s\u2019affiche r\u00e9guli\u00e8rement, avait auparavant estim\u00e9 que les joueurs iraniens pourraient ne pas \u00eatre en \u00abs\u00e9curit\u00e9\u00bb aux \u00c9tats-Unis.<\/p>\n\n\n\n<p>D\u2019apr\u00e8s le calendrier officiel, l\u2019Iran doit disputer ses trois matches du groupe G aux \u00c9tats-Unis, coorganisateurs du tournoi avec le Mexique et le Canada: \u00e0 Los Angeles contre la Nouvelle-Z\u00e9lande (16 juin) et la Belgique (21 juin) puis \u00e0 Seattle contre l\u2019\u00c9gypte (27 juin). Son camp de base durant le tournoi est cens\u00e9 \u00eatre situ\u00e9 \u00e0 Tucson, en Arizona<\/p>\n","protected":false},"excerpt":{"rendered":"<p>L&rsquo;Iran disputera la Coupe du monde de football, \u00abc&rsquo;est s\u00fbr\u00bb, a affirm\u00e9 cette nuit le pr\u00e9sident de la Fifa Gianni Infantino, alors que la participation de la Team Melli restait incertaine \u00e0 moins de deux mois de l&rsquo;ouverture du Mondial qui va se d\u00e9rouler en grande partie aux Etats-Unis, en raison du conflit au Moyen-Orient. [&hellip;]<\/p>\n","protected":false},"author":2,"featured_media":43847,"comment_status":"open","ping_status":"open","sticky":false,"template":"","format":"standard","meta":{"_jetpack_memberships_contains_paid_content":false,"footnotes":"","jetpack_publicize_message":"","jetpack_publicize_feature_enabled":true,"jetpack_social_post_already_shared":true,"jetpack_social_options":{"image_generator_settings":{"template":"highway","default_image_id":0,"font":"","enabled":false},"version":2},"_wpas_customize_per_network":false},"categories":[18],"tags":[],"class_list":["post-43846","post","type-post","status-publish","format-standard","has-post-thumbnail","hentry","category-actu-sport"],"jetpack_publicize_connections":[],"jetpack_featured_media_url":"https:\/\/i0.wp.com\/www.iceagetv.com\/radiosite\/wp-content\/uploads\/2026\/04\/xwBm7Du3.jpg?fit=679%2C293&ssl=1","jetpack_sharing_enabled":true,"_links":{"self":[{"href":"https:\/\/www.iceagetv.com\/radiosite\/wp-json\/wp\/v2\/posts\/43846","targetHints":{"allow":["GET"]}}],"collection":[{"href":"https:\/\/www.iceagetv.com\/radiosite\/wp-json\/wp\/v2\/posts"}],"about":[{"href":"https:\/\/www.iceagetv.com\/radiosite\/wp-json\/wp\/v2\/types\/post"}],"author":[{"embeddable":true,"href":"https:\/\/www.iceagetv.com\/radiosite\/wp-json\/wp\/v2\/users\/2"}],"replies":[{"embeddable":true,"href":"https:\/\/www.iceagetv.com\/radiosite\/wp-json\/wp\/v2\/comments?post=43846"}],"version-history":[{"count":1,"href":"https:\/\/www.iceagetv.com\/radiosite\/wp-json\/wp\/v2\/posts\/43846\/revisions"}],"predecessor-version":[{"id":43848,"href":"https:\/\/www.iceagetv.com\/radiosite\/wp-json\/wp\/v2\/posts\/43846\/revisions\/43848"}],"wp:featuredmedia":[{"embeddable":true,"href":"https:\/\/www.iceagetv.com\/radiosite\/wp-json\/wp\/v2\/media\/43847"}],"wp:attachment":[{"href":"https:\/\/www.iceagetv.com\/radiosite\/wp-json\/wp\/v2\/media?parent=43846"}],"wp:term":[{"taxonomy":"category","embeddable":true,"href":"https:\/\/www.iceagetv.com\/radiosite\/wp-json\/wp\/v2\/categories?post=43846"},{"taxonomy":"post_tag","embeddable":true,"href":"https:\/\/www.iceagetv.com\/radiosite\/wp-json\/wp\/v2\/tags?post=43846"}],"curies":[{"name":"wp","href":"https:\/\/api.w.org\/{rel}","templated":true}]}}