{"id":43858,"date":"2026-04-16T18:22:47","date_gmt":"2026-04-16T16:22:47","guid":{"rendered":"https:\/\/www.iceagetv.com\/radiosite\/?p=43858"},"modified":"2026-04-16T18:22:49","modified_gmt":"2026-04-16T16:22:49","slug":"guerre-au-moyen-orient-donald-trump-affirme-que-le-liban-et-israel-se-sont-mis-daccord-pour-un-cessez-le-feu-de-10-jours","status":"publish","type":"post","link":"https:\/\/www.iceagetv.com\/radiosite\/guerre-au-moyen-orient-donald-trump-affirme-que-le-liban-et-israel-se-sont-mis-daccord-pour-un-cessez-le-feu-de-10-jours\/","title":{"rendered":"Guerre au Moyen-Orient: Donald Trump affirme que le Liban et Isra\u00ebl se sont mis d&rsquo;accord pour un cessez-le-feu de 10 jours"},"content":{"rendered":"\n<p>Le pr\u00e9sident am\u00e9ricain a annonc\u00e9 sur son r\u00e9seau social Truth Social que le Liban et Isra\u00ebl se sont mis d&rsquo;accord pour un cessez-le-feu de 10 jours.<\/p>\n\n\n\n<p>Le pr\u00e9sident am\u00e9ricain Donald Trump a annonc\u00e9 ce jeudi 16 avril sur son r\u00e9seau social Truth Social que\u00a0<a href=\"https:\/\/www.bfmtv.com\/international\/moyen-orient\/direct-guerre-en-iran-et-au-moyen-orient-donald-trump-affirme-que-les-dirigeants-d-israel-et-du-liban-vont-discuter_LN-202604160076.html\">le Liban et Isra\u00ebl se sont mis d&rsquo;accord pour un cessez-le-feu<\/a>\u00a0de 10 jours \u00e0 partir de 17 heures ( 23 heures, heure fran\u00e7aise).Apr\u00e8s d'\u00a0\u00bbexcellentes discussions\u00a0\u00bb avec le pr\u00e9sident libanais Joseph Aoun et le Premier ministre Benjamin Netanyahu, Donald Trump a indiqu\u00e9 que les deux dirigeants \u00ab\u00a0ont convenu que, pour parvenir \u00e0 la PAIX entre leurs pays, ils mettraient officiellement en place un cessez-le-feu\u00a0\u00bb, \u00e9crit-il sur le r\u00e9seau social,<\/p>\n\n\n\n<p>\u00ab\u00a0J&rsquo;ai charg\u00e9 le vice-pr\u00e9sident JD Vance et le secr\u00e9taire d&rsquo;\u00c9tat Marco Rubio, ainsi que le pr\u00e9sident du Comit\u00e9 des chefs d&rsquo;\u00e9tat-major, Dan Caine, de travailler avec Isra\u00ebl et le Liban pour instaurer une paix durable\u00a0\u00bb, ajoute-t-il.<\/p>\n\n\n\n<p>Mardi, des\u00a0<a href=\"https:\/\/www.bfmtv.com\/international\/moyen-orient\/direct-guerre-au-moyen-orient-l-iran-denonce-une-violation-grave-de-sa-souverainete-apres-l-entree-en-vigueur-du-blocus-americain_LN-202604140070.html\">repr\u00e9sentants libanais et isra\u00e9lien<\/a>\u00a0se sont retrouv\u00e9s \u00e0 Washington, sous m\u00e9diation du chef de la diplomatie am\u00e9ricaine Marco Rubio, pour des pourparlers directs pr\u00e9liminaires de paix.\u00a0Benjamin Netanyahu et Joseph Aoun invit\u00e9 \u00e0 la Maison Blanche<\/p>\n\n\n\n<p>Le locataire de la Maison Blanche a \u00e9galement annonc\u00e9 qu&rsquo;il allait inviter les deux dirigeants \u00e0 la Maison Blanche pour des \u00ab\u00a0premi\u00e8res discussions constructives entre Isra\u00ebl et le Liban depuis 1983\u00a0\u00bb.En r\u00e9action, \u00e0 cette annonce, le Premier ministre libanais Nawaf Salam \u00ab\u00a0salue l&rsquo;annonce du cessez-le-feu\u00a0\u00bb et a remerci\u00e9 \u00ab\u00a0tous les acteurs r\u00e9gionaux et internationaux qui ont \u0153uvr\u00e9 pour parvenir \u00e0 ce r\u00e9sultat\u00a0\u00bb.<\/p>\n\n\n\n<p>La guerre en Iran, d\u00e9clench\u00e9e par les frappes isra\u00e9lo-am\u00e9ricaines le 28 f\u00e9vrier, s&rsquo;est \u00e9tendue au Liban le 2 mars, lorsque le Hezbollah, mouvement chiite libanais affili\u00e9 au r\u00e9gime de T\u00e9h\u00e9ran, a ouvert le feu contre Isra\u00ebl, provoquant une offensive de Tsahal au Liban &#8211; 15 mois seulement apr\u00e8s leur dernier affrontement majeur.La poursuite des combats au Liban a constitu\u00e9 l&rsquo;un des points de blocage lors des r\u00e9centes n\u00e9gociations entre les \u00c9tats-Unis et Iran visant \u00e0 mettre fin au conflit dans le cadre d&rsquo;un cessez-le-feu, en vigueur depuis le 8 avril, de 15 jours.<\/p>\n","protected":false},"excerpt":{"rendered":"<p>Le pr\u00e9sident am\u00e9ricain a annonc\u00e9 sur son r\u00e9seau social Truth Social que le Liban et Isra\u00ebl se sont mis d&rsquo;accord pour un cessez-le-feu de 10 jours. Le pr\u00e9sident am\u00e9ricain Donald Trump a annonc\u00e9 ce jeudi 16 avril sur son r\u00e9seau social Truth Social que\u00a0le Liban et Isra\u00ebl se sont mis d&rsquo;accord pour un cessez-le-feu\u00a0de 10 [&hellip;]<\/p>\n","protected":false},"author":2,"featured_media":43859,"comment_status":"open","ping_status":"open","sticky":false,"template":"","format":"standard","meta":{"_jetpack_memberships_contains_paid_content":false,"footnotes":"","jetpack_publicize_message":"","jetpack_publicize_feature_enabled":true,"jetpack_social_post_already_shared":true,"jetpack_social_options":{"image_generator_settings":{"template":"highway","default_image_id":0,"font":"","enabled":false},"version":2},"_wpas_customize_per_network":false},"categories":[405],"tags":[],"class_list":["post-43858","post","type-post","status-publish","format-standard","has-post-thumbnail","hentry","category-actu-france-monde"],"jetpack_publicize_connections":[],"jetpack_featured_media_url":"https:\/\/i0.wp.com\/www.iceagetv.com\/radiosite\/wp-content\/uploads\/2026\/04\/Donald-Trump-affirme-que-le-Liban-et-Israel-se-sont-mis-daccord-pour-un-cessez-le-feu-de-10-jours.jpg?fit=995%2C394&ssl=1","jetpack_sharing_enabled":true,"_links":{"self":[{"href":"https:\/\/www.iceagetv.com\/radiosite\/wp-json\/wp\/v2\/posts\/43858","targetHints":{"allow":["GET"]}}],"collection":[{"href":"https:\/\/www.iceagetv.com\/radiosite\/wp-json\/wp\/v2\/posts"}],"about":[{"href":"https:\/\/www.iceagetv.com\/radiosite\/wp-json\/wp\/v2\/types\/post"}],"author":[{"embeddable":true,"href":"https:\/\/www.iceagetv.com\/radiosite\/wp-json\/wp\/v2\/users\/2"}],"replies":[{"embeddable":true,"href":"https:\/\/www.iceagetv.com\/radiosite\/wp-json\/wp\/v2\/comments?post=43858"}],"version-history":[{"count":1,"href":"https:\/\/www.iceagetv.com\/radiosite\/wp-json\/wp\/v2\/posts\/43858\/revisions"}],"predecessor-version":[{"id":43860,"href":"https:\/\/www.iceagetv.com\/radiosite\/wp-json\/wp\/v2\/posts\/43858\/revisions\/43860"}],"wp:featuredmedia":[{"embeddable":true,"href":"https:\/\/www.iceagetv.com\/radiosite\/wp-json\/wp\/v2\/media\/43859"}],"wp:attachment":[{"href":"https:\/\/www.iceagetv.com\/radiosite\/wp-json\/wp\/v2\/media?parent=43858"}],"wp:term":[{"taxonomy":"category","embeddable":true,"href":"https:\/\/www.iceagetv.com\/radiosite\/wp-json\/wp\/v2\/categories?post=43858"},{"taxonomy":"post_tag","embeddable":true,"href":"https:\/\/www.iceagetv.com\/radiosite\/wp-json\/wp\/v2\/tags?post=43858"}],"curies":[{"name":"wp","href":"https:\/\/api.w.org\/{rel}","templated":true}]}}