{"id":43884,"date":"2026-04-17T15:07:57","date_gmt":"2026-04-17T13:07:57","guid":{"rendered":"https:\/\/www.iceagetv.com\/radiosite\/?p=43884"},"modified":"2026-04-17T15:07:58","modified_gmt":"2026-04-17T13:07:58","slug":"sebastien-lecornu-annonce-que-les-boulangers-et-fleuristes-independants-pourront-ouvrir-ce-1er-mai","status":"publish","type":"post","link":"https:\/\/www.iceagetv.com\/radiosite\/sebastien-lecornu-annonce-que-les-boulangers-et-fleuristes-independants-pourront-ouvrir-ce-1er-mai\/","title":{"rendered":"S\u00e9bastien Lecornu annonce que les boulangers et fleuristes ind\u00e9pendants pourront ouvrir \u00ab\u00a0ce 1er-Mai\u00a0\u00bb"},"content":{"rendered":"\n<p>D\u00e9plorant \u00ab\u00a0une ins\u00e9curit\u00e9 juridique\u00a0\u00bb sur le travail le jour du 1er-Mai, S\u00e9bastien Lecornu a annonc\u00e9 ce vendredi qu&rsquo;un projet de loi sera pr\u00e9sent\u00e9 d&rsquo;ici la fin du mois.<\/p>\n\n\n\n<p>S\u00e9bastien Lecornu annonce ce vendredi 17 avril qu&rsquo;un projet de loi sera pr\u00e9sent\u00e9 avant ce 1er-Mai par le Conseil des ministres sur le travail le 1er-Mai. \u00ab\u00a0Les boulangers ind\u00e9pendants, artisans et fleuristes ind\u00e9pendants, artisans pourront ouvrir ce 1er-Mai\u00a0\u00bb, a tenu \u00e0 rassurer S\u00e9bastien Lecornu depuis Matignon. Le chef du gouvernement constate \u00ab\u00a0une ins\u00e9curit\u00e9 juridique depuis de nombreuses ann\u00e9es\u00a0\u00bb.La proposition de loi, pouss\u00e9e par l&rsquo;ex-Premier ministre Gabriel Attal, ouvrait la possibilit\u00e9 aux salari\u00e9s des boulangeries et des fleuristes de travailler le 1er-Mai sur la base du \u00ab\u00a0volontariat\u00a0\u00bb avec une majoration de salaire. Le projet incluait aussi les points de vente de produits alimentaires au d\u00e9tail et les \u00e9tablissements exer\u00e7ant une activit\u00e9 culturelle.<\/p>\n\n\n\n<h2 class=\"wp-block-heading\" id=\"cb61l\">Un projet \u00ab\u00a0catastrophique\u00a0\u00bb selon la CGT<\/h2>\n\n\n\n<p>Mais\u00a0<a href=\"https:\/\/www.bfmtv.com\/economie\/emploi\/le-travail-des-salaries-des-petits-commerces-ne-sera-pas-autorise-pour-le-1er-mai-2026-le-gouvernement-renonce-a-la-proposition-de-loi-et-renvoie-la-question-a-2027_AD-202604130814.html\">S\u00e9bastien Lecornu a renonc\u00e9 \u00e0 cette proposition de loi<\/a>, soulignant notamment \u00ab\u00a0la sensibilit\u00e9 particuli\u00e8re du sujet\u00a0\u00bb, selon les termes du ministre du Travail Jean-Pierre Farandou. Le Premier ministre avait abandonn\u00e9 l&rsquo;id\u00e9e de convoquer une commission mixte paritaire apr\u00e8s une motion de rejet vot\u00e9e vendredi par l&rsquo;Assembl\u00e9e nationale.Le projet \u00e9tait particuli\u00e8rement contest\u00e9 par les syndicats.\u00a0<a href=\"https:\/\/www.bfmtv.com\/economie\/economie-social\/social\/sophie-binet-reconnait-qu-il-est-utile-d-avoir-des-boulangeries-ouvertes-le-1er-mai-mais-pour-les-salaries-des-fleuristes-c-est-une-autre-histoire-car-la-vie-economique-et-sociale-peut-tourner-sans-eux_AD-202604170089.html\">La secr\u00e9taire g\u00e9n\u00e9rale de la CGT, Sophie Binet<\/a>, a qualifi\u00e9 la proposition de \u00ab\u00a0catastrophe\u00a0\u00bb: \u00ab\u00a0Elle ouvrait tous azimuts la possibilit\u00e9 de travailler le 1er-Mai pour la grande distribution, l&rsquo;industrie agroalimentaire, le secteur culturel&#8230;\u00a0\u00bbElle a toutefois reconnu \u00ab\u00a0l&rsquo;utilit\u00e9 d&rsquo;avoir des boulangeries ouvertes le 1er\u00a0\u00bb. Mais la syndicaliste a montr\u00e9 davantage de r\u00e9ticences concernant les fleuristes. \u00ab\u00a0Si les artisans fleuristes peuvent travailler le 1er-Mai, il n&rsquo;y a pas de motif d&rsquo;ordre public qui n\u00e9cessite de faire travailler les salari\u00e9s ce jour-l\u00e0. La vie \u00e9conomique et sociale peut tourner sans eux\u00a0\u00bb, a-t-elle estim\u00e9 aupr\u00e8s\u00a0<a href=\"https:\/\/www.leparisien.fr\/economie\/sophie-binet-secretaire-generale-de-la-cgt-nous-reconnaissons-quil-est-utile-davoir-des-boulangeries-ouvertes-le-1er-mai-16-04-2026-C6M7DU6HKNCJZDXLRF4PNT7DXA.php\" target=\"_blank\" rel=\"noreferrer noopener\">du Parisien.<\/a><\/p>\n","protected":false},"excerpt":{"rendered":"<p>D\u00e9plorant \u00ab\u00a0une ins\u00e9curit\u00e9 juridique\u00a0\u00bb sur le travail le jour du 1er-Mai, S\u00e9bastien Lecornu a annonc\u00e9 ce vendredi qu&rsquo;un projet de loi sera pr\u00e9sent\u00e9 d&rsquo;ici la fin du mois. S\u00e9bastien Lecornu annonce ce vendredi 17 avril qu&rsquo;un projet de loi sera pr\u00e9sent\u00e9 avant ce 1er-Mai par le Conseil des ministres sur le travail le 1er-Mai. \u00ab\u00a0Les [&hellip;]<\/p>\n","protected":false},"author":2,"featured_media":43885,"comment_status":"open","ping_status":"open","sticky":false,"template":"","format":"standard","meta":{"_jetpack_memberships_contains_paid_content":false,"footnotes":"","jetpack_publicize_message":"","jetpack_publicize_feature_enabled":true,"jetpack_social_post_already_shared":true,"jetpack_social_options":{"image_generator_settings":{"template":"highway","default_image_id":0,"font":"","enabled":false},"version":2},"_wpas_customize_per_network":false},"categories":[405],"tags":[],"class_list":["post-43884","post","type-post","status-publish","format-standard","has-post-thumbnail","hentry","category-actu-france-monde"],"jetpack_publicize_connections":[],"jetpack_featured_media_url":"https:\/\/i0.wp.com\/www.iceagetv.com\/radiosite\/wp-content\/uploads\/2026\/04\/Sebastien-Lecornu-annonce-que-les-boulangers-et-fleuristes-independants.jpg?fit=787%2C429&ssl=1","jetpack_sharing_enabled":true,"_links":{"self":[{"href":"https:\/\/www.iceagetv.com\/radiosite\/wp-json\/wp\/v2\/posts\/43884","targetHints":{"allow":["GET"]}}],"collection":[{"href":"https:\/\/www.iceagetv.com\/radiosite\/wp-json\/wp\/v2\/posts"}],"about":[{"href":"https:\/\/www.iceagetv.com\/radiosite\/wp-json\/wp\/v2\/types\/post"}],"author":[{"embeddable":true,"href":"https:\/\/www.iceagetv.com\/radiosite\/wp-json\/wp\/v2\/users\/2"}],"replies":[{"embeddable":true,"href":"https:\/\/www.iceagetv.com\/radiosite\/wp-json\/wp\/v2\/comments?post=43884"}],"version-history":[{"count":1,"href":"https:\/\/www.iceagetv.com\/radiosite\/wp-json\/wp\/v2\/posts\/43884\/revisions"}],"predecessor-version":[{"id":43886,"href":"https:\/\/www.iceagetv.com\/radiosite\/wp-json\/wp\/v2\/posts\/43884\/revisions\/43886"}],"wp:featuredmedia":[{"embeddable":true,"href":"https:\/\/www.iceagetv.com\/radiosite\/wp-json\/wp\/v2\/media\/43885"}],"wp:attachment":[{"href":"https:\/\/www.iceagetv.com\/radiosite\/wp-json\/wp\/v2\/media?parent=43884"}],"wp:term":[{"taxonomy":"category","embeddable":true,"href":"https:\/\/www.iceagetv.com\/radiosite\/wp-json\/wp\/v2\/categories?post=43884"},{"taxonomy":"post_tag","embeddable":true,"href":"https:\/\/www.iceagetv.com\/radiosite\/wp-json\/wp\/v2\/tags?post=43884"}],"curies":[{"name":"wp","href":"https:\/\/api.w.org\/{rel}","templated":true}]}}