{"id":43896,"date":"2026-04-18T08:42:42","date_gmt":"2026-04-18T06:42:42","guid":{"rendered":"https:\/\/www.iceagetv.com\/radiosite\/?p=43896"},"modified":"2026-04-18T08:42:44","modified_gmt":"2026-04-18T06:42:44","slug":"sifflets-cires-jaunes-et-balises-nos-10-conseils-pour-ne-pas-se-faire-pieger-par-les-grandes-marees","status":"publish","type":"post","link":"https:\/\/www.iceagetv.com\/radiosite\/sifflets-cires-jaunes-et-balises-nos-10-conseils-pour-ne-pas-se-faire-pieger-par-les-grandes-marees\/","title":{"rendered":"Sifflets, cir\u00e9s jaunes et balises\u00a0: nos 10 conseils pour ne pas se faire pi\u00e9ger par les grandes mar\u00e9es"},"content":{"rendered":"\n<p>Un nouvel \u00e9pisode de grandes mar\u00e9es a lieu du 17 au 19 avril 2026. Les coefficients iront jusqu&rsquo;\u00e0 105, la mer se retirera loin et remontera plus haut ensuite sur l&rsquo;estran. Mais les grandes mar\u00e9es peuvent surprendre, m\u00eame les habitants du littoral. ICI vous livre 10 conseils pour \u00e9viter les pi\u00e8ges.<\/p>\n\n\n\n<p>C&rsquo;est l&rsquo;un des moments de l&rsquo;ann\u00e9e tr\u00e8s attendus par les touristes et les p\u00eacheurs \u00e0 pied&nbsp;: des grandes mar\u00e9es auront lieu \u00e0 la fin de la semaine, du 17 au 19 avril 2026. Mais comme toujours, le ph\u00e9nom\u00e8ne n&rsquo;est pas sans risque. Ces grandes mar\u00e9es sont attendues&nbsp;<a href=\"https:\/\/www.ici.fr\/infos\/education\/vacances-jours-feries-ponts-decouvrez-le-calendrier-scolaire-de-l-annee-2025-2026-2057831\">en pleines vacances scolaires<\/a>&nbsp;de printemps et alors que le week-end doit \u00eatre ensoleill\u00e9 selon les pr\u00e9visions de&nbsp;<a target=\"_blank\" rel=\"noreferrer noopener\" href=\"https:\/\/meteofrance.com\/\">M\u00e9t\u00e9o France.<\/a>&nbsp;Le nombre de p\u00eacheurs \u00e0 pied sur l&rsquo;estran et de promeneurs sur les passages submersibles risque d&rsquo;\u00eatre important.&nbsp;<em>\u00ab\u00a0La principale cause d&rsquo;isolement par mar\u00e9e demeure la n\u00e9gligence de la part des promeneurs et estivants, mais aussi une m\u00e9connaissance de l&rsquo;environnement maritime. Il suffit de quelques minutes pour se faire surprendre par la mar\u00e9e et les courants et susciter la mobilisation de moyens de secours importants \u2013 a\u00e9riens et nautiques\u00a0\u00bb,<\/em>&nbsp;avertit la pr\u00e9fecture maritime de la Manche et de la mer du Nord, qui comptabilise 695 personnes isol\u00e9es par la mar\u00e9e (dont un d\u00e9c\u00e8s) sur sa zone en 2025. ICI liste 10 conseils pour \u00e9viter de se retrouver pi\u00e9g\u00e9 et profiter \u00e0 fond du spectacle des grandes mar\u00e9es, dont les coefficients iront jusqu&rsquo;\u00e0 104 et 105 (samedi et dimanche).<\/p>\n\n\n\n<h2 class=\"wp-block-heading\">Consulter les horaires de mar\u00e9e<\/h2>\n\n\n\n<p>C&rsquo;est le pi\u00e8ge le plus courant&nbsp;: oublier de&nbsp;<strong>regarder les horaires de mar\u00e9es<\/strong>, ou se dire que ce sera comme la veille. Les horaires de mar\u00e9es varient de quelques dizaines de minutes d&rsquo;un jour sur l&rsquo;autre et ne sont pas les m\u00eames selon l&rsquo;endroit. Les horaires de mar\u00e9es sont notamment \u00e0 retrouver sur le site du service hydrographique et oc\u00e9anographique de la marine, le&nbsp;<a target=\"_blank\" rel=\"noreferrer noopener\" href=\"https:\/\/maree.shom.fr\/harbor\/CONCARNEAU\/hlt\/4?date=2026-04-14&amp;utc=standard\">SHOM<\/a>.<\/p>\n\n\n\n<h2 class=\"wp-block-heading\">Prendre en compte le marnage<\/h2>\n\n\n\n<p>L&rsquo;autre pi\u00e8ge est de ne se fier qu&rsquo;aux horaires de mar\u00e9es. Il faut bien&nbsp;<strong>prendre en compte sa localisation<\/strong>. Les horaires ne sont pas les m\u00eames \u00e0 Dieppe qu&rsquo;au Havre, \u00e0 Concarneau qu&rsquo;\u00e0 Audierne, \u00e0 La Rochelle qu&rsquo;\u00e0 La Tranche-sur-Mer, \u00e0 Biarritz qu&rsquo;\u00e0 Saint-Jean-de-Luz. Le marnage n&rsquo;est pas le m\u00eame non plus. L&rsquo;un des marnages les plus forts d&rsquo;Europe se trouve en baie du Mont-Saint-Michel, avec 14 m\u00e8tres de hauteur de mar\u00e9e de diff\u00e9rence entre la mar\u00e9e haute et la mar\u00e9e basse pour un coefficient de 120,&nbsp;<em>\u00ab\u00a0en raison de l&rsquo;\u00e9troitesse de la Manche et de la pr\u00e9sence de nombreuses baies sur le littoral breton\u00a0\u00bb<\/em>, pr\u00e9cise&nbsp;<a target=\"_blank\" rel=\"noreferrer noopener\" href=\"https:\/\/bretagne-environnement.fr\/article\/bretagne-marees-records-europe#:~:text=Une%20mar%C3%A9e%20se%20d%C3%A9finit%20par,du%20Mont%2DSaint%2DMichel.\">l&rsquo;Observatoire de l&rsquo;environnement en Bretagne<\/a>. \u00c0 l&rsquo;inverse, le marnage du c\u00f4t\u00e9 de La Baule n&rsquo;est que de six m\u00e8tres pour une mar\u00e9e de m\u00eame coefficient.<\/p>\n\n\n\n<h2 class=\"wp-block-heading\">Se m\u00e9fier des courants<\/h2>\n\n\n\n<p>Le&nbsp;<em>\u00ab\u00a0brassage d&rsquo;eau de mer est plus important\u00a0\u00bb<\/em>&nbsp;\u00e9galement, rappelle&nbsp;<a target=\"_blank\" rel=\"noreferrer noopener\" href=\"https:\/\/www.premar-manche.gouv.fr\/communiques-presse\/vigilances-grandes-marees-appel-a-la-prudence-69df372e58891?fbclid=IwY2xjawRMXw1leHRuA2FlbQIxMABicmlkETFkNTJpU2NyTnJ3cGE1RFU1c3J0YwZhcHBfaWQQMjIyMDM5MTc4ODIwMDg5MgABHsR3ECrfwSkpMw1ECYq_U0Iz3dqmrF-Ho6AjeXSyaVDhzd2a3kQqoOlhUOHK_aem_dXzYOhLzyyEaaRzRz__7aQ\">la pr\u00e9fecture maritime de la Manche et de la mer du Nord.<\/a>&nbsp;Ce n&rsquo;est pas tout, insiste l&rsquo;Observatoire, il faut aussi&nbsp;<strong>prendre en compte les courants,<\/strong>&nbsp;plus forts au nord qu&rsquo;au sud. Les vitesses moyennes des courants de mar\u00e9es ne&nbsp;<em>\u00ab\u00a0d\u00e9passent g\u00e9n\u00e9ralement pas 40 cm\/s au sud, alors qu\u2019elles peuvent atteindre 80 cm\/s \u00e0 1,30 m\/s (2,5 n\u0153uds) au nord. Deux secteurs autour d\u2019Ouessant et de Br\u00e9hat concentrent les plus fortes vitesses.\u00a0\u00bb<\/em><\/p>\n\n\n\n<p>Sur la plage, on ne traverse pas non plus un bras de mer en cours de remplissage, m\u00eame s&rsquo;il para\u00eet peu profond, car les courants peuvent vous emporter rapidement. En 2024,&nbsp;<a href=\"https:\/\/www.ici.fr\/bretagne\/cotes-d-armor-22\/saint-brieuc\/baie-de-saint-brieuc-la-grosse-frayeur-de-sylvie-et-ginette-emportees-par-le-courant-en-pechant-a-pied-1307964\">Sylvie et Ginette, des amies venues p\u00eacher \u00e0 pied en baie de Saint-Brieuc, ont \u00e9t\u00e9 emport\u00e9es dans une fili\u00e8re<\/a>, un couloir d&rsquo;eau avec un fort courant.&nbsp;<em>\u00ab\u00a0On ne pouvait plus passer, on avait de l\u2019eau presque jusqu\u2019au cou. On s\u2019est dit qu\u2019il fallait bien rentrer \u00e0 la maison, alors on a tent\u00e9&#8230; Et d\u2019un coup, de l\u2019eau au-dessus de la poitrine&nbsp;! On \u00e9tait vraiment emport\u00e9es par le courant\u00a0\u00bb,<\/em>&nbsp;racontait en novembre Sylvie \u00e0 ICI Armorique. Les deux femmes ont \u00e9t\u00e9 sauv\u00e9es par un homme qui leur a tendu une perche.<\/p>\n\n\n\n<h2 class=\"wp-block-heading\">Faire attention \u00e0 la m\u00e9t\u00e9o<\/h2>\n\n\n\n<p>Il faut aussi prendre en compte la m\u00e9t\u00e9o,&nbsp;<em>\u00ab\u00a0les forts vents d&rsquo;ouest sont souvent plus dangereux\u00a0\u00bb,<\/em>&nbsp;pr\u00e9cise la&nbsp;<a target=\"_blank\" rel=\"noreferrer noopener\" href=\"https:\/\/www.snsm.org\/conseil\/attention-aux-marees\/\">SNSM<\/a>. Il est compliqu\u00e9 de se d\u00e9placer lorsque la m\u00e9t\u00e9o devient mauvaise. Le brouillard peut aussi faire perdre le sens de l&rsquo;orientation aux p\u00eacheurs \u00e0 pied.<\/p>\n\n\n\n<p>Sans compter que la visibilit\u00e9 peut varier en fonction de la mar\u00e9e. Les autorit\u00e9s rappellent de&nbsp;<em>\u00ab\u00a0conserver un point de rep\u00e8re visuel sur le littoral (en montant, la mar\u00e9e peut modifier consid\u00e9rablement la perception de l&rsquo;environnement)\u00a0\u00bb.<\/em><\/p>\n\n\n\n<h2 class=\"wp-block-heading\">D\u00e9tecter les dangers du lieu<\/h2>\n\n\n\n<p>D&rsquo;autres \u00e9cueils peuvent pi\u00e9ger les moins avertis&nbsp;: les sables mouvants, les rochers, les bancs de sable isol\u00e9s. En Vend\u00e9e, en ao\u00fbt 2025,&nbsp;<a href=\"https:\/\/www.ici.fr\/pays-de-la-loire\/vendee-85\/deux-morts-par-noyade-et-des-secours-en-mer-en-loire-atlantique-et-vendee-2692577\">11 personnes ont \u00e9t\u00e9 pi\u00e9g\u00e9es sur un banc de sable \u00e0 L&rsquo;Aiguillon-la-Presqu&rsquo;\u00eele.<\/a>&nbsp;En mars 2026, un couple de p\u00eacheurs \u00e0 pied s&rsquo;est envas\u00e9, les quinquag\u00e9naires ont d\u00fb \u00eatre&nbsp;<a href=\"https:\/\/www.ici.fr\/pays-de-la-loire\/vendee-85\/barbatre\/noirmoutier-les-pompiers-sauvent-une-femme-prise-au-piege-par-la-maree-montante-et-envasee-pres-du-passage-du-gois-9234195\">ramen\u00e9s sur la terre ferme par un a\u00e9roglisseur.<\/a><\/p>\n\n\n\n<p>Danger \u00e9galement sur les passages submersibles \u00e0 mar\u00e9e haute, comme le passage du Gois \u00e0 Noirmoutier, une route de 4,2 km de long.\u00a0<em>\u00ab\u00a0Ses neuf balises servent de refuge aux plus t\u00e9m\u00e9raires qui se sont fait surprendre par la mont\u00e9e des eaux\u00a0\u00bb<\/em>, rappelle\u00a0<a href=\"https:\/\/www.ile-noirmoutier.com\/fr\/explorer-l-ile\/le-passage-du-gois\" target=\"_blank\" rel=\"noreferrer noopener\">l&rsquo;office de tourisme.<\/a>\u00a0Parfois,\u00a0<a href=\"https:\/\/www.ici.fr\/pays-de-la-loire\/vendee-85\/barbatre\/ils-perdent-leurs-cles-sur-le-passage-du-gois-pres-de-noirmoutier-leur-camping-car-flotte-sur-l-eau-7762141\">c&rsquo;est le camping-car qui se fait pi\u00e9ger et emporter par la mar\u00e9e<\/a>, comme le mentionnait, photo \u00e0 l&rsquo;appui, ICI Loire Oc\u00e9an, en octobre 2025. Les occupants de l&rsquo;engin s&rsquo;\u00e9taient r\u00e9fugi\u00e9s sur l&rsquo;une des balises \u00e0 cage.Les pompiers interviennent \u00e9galement r\u00e9guli\u00e8rement au Trou \u00e0 l&rsquo;Homme, \u00e0 \u00c9tretat, pour r\u00e9cup\u00e9rer des promeneurs pi\u00e9g\u00e9s,&nbsp;<a href=\"https:\/\/www.ici.fr\/infos\/faits-divers-justice\/12-personnes-boquees-au-trou-a-l-homme-a-etretat-ramenees-sur-la-plage-au-bout-en-plus-de-deux-heures-8176660\">comme ces 12 personnes en juin dernier<\/a>&nbsp;ou plus r\u00e9cemment d\u00e9but avril,&nbsp;<a href=\"https:\/\/www.ici.fr\/normandie\/seine-maritime-76\/etretat\/dix-touristes-etrangers-bloques-par-la-maree-au-trou-a-l-homme-a-etretat-2411115\">10 touristes \u00e9trangers qui ont \u00e9t\u00e9 ramen\u00e9s sur la plage par la SNSM et les pompiers.<\/a>&nbsp;Dans la Somme,&nbsp;<a href=\"https:\/\/www.ici.fr\/infos\/faits-divers-justice\/mers-les-bains-neuf-personnes-piegees-par-la-maree-secourues-5004375\">neuf personnes ont d\u00fb \u00eatre secourues \u00e0 Mers-les-Bains en ao\u00fbt 2025,<\/a>&nbsp;\u00e9galement surprises par la mar\u00e9e au pied des falaises.<\/p>\n\n\n\n<p>Pour certains, l&rsquo;aventure ne se termine pas sans souci. \u00c0 Bidart (Pays basque), en juin 2025,&nbsp;<a href=\"https:\/\/www.ici.fr\/infos\/faits-divers-justice\/piegees-par-la-maree-montante-quatre-randonneuses-ont-ete-secourues-au-pied-des-falaises-a-bidart-9532848\">une randonneuse de 56 ans a \u00e9t\u00e9 transport\u00e9e \u00e0 l&rsquo;h\u00f4pital en urgence relative<\/a>, apr\u00e8s que son groupe a \u00e9t\u00e9 encercl\u00e9 par l&rsquo;eau au pied des falaises. Elles ont d\u00fb \u00eatre secourues du haut de la falaise \u00e0 l&rsquo;aide de cordes. C&rsquo;est parfois m\u00eame&nbsp;<a href=\"https:\/\/www.ici.fr\/infos\/faits-divers-justice\/deux-baigneuses-bloquees-sur-une-falaise-a-bidart-surprises-par-la-maree-3191553\">l&rsquo;h\u00e9licopt\u00e8re qui est mobilis\u00e9 pour venir en aide aux personnes pi\u00e9g\u00e9es, comme \u00e0 Bidart.<\/a><\/p>\n\n\n\n<p>Attention \u00e9galement aux ba\u00efnes, sur les c\u00f4tes du sud-ouest, qui sont moins rep\u00e9rables \u00e0 mar\u00e9e haute et qui peuvent envoyer rapidement les baigneurs au large.<\/p>\n","protected":false},"excerpt":{"rendered":"<p>Un nouvel \u00e9pisode de grandes mar\u00e9es a lieu du 17 au 19 avril 2026. Les coefficients iront jusqu&rsquo;\u00e0 105, la mer se retirera loin et remontera plus haut ensuite sur l&rsquo;estran. Mais les grandes mar\u00e9es peuvent surprendre, m\u00eame les habitants du littoral. ICI vous livre 10 conseils pour \u00e9viter les pi\u00e8ges. C&rsquo;est l&rsquo;un des moments [&hellip;]<\/p>\n","protected":false},"author":2,"featured_media":43897,"comment_status":"open","ping_status":"open","sticky":false,"template":"","format":"standard","meta":{"_jetpack_memberships_contains_paid_content":false,"footnotes":"","jetpack_publicize_message":"","jetpack_publicize_feature_enabled":true,"jetpack_social_post_already_shared":true,"jetpack_social_options":{"image_generator_settings":{"template":"highway","default_image_id":0,"font":"","enabled":false},"version":2},"_wpas_customize_per_network":false},"categories":[405],"tags":[],"class_list":["post-43896","post","type-post","status-publish","format-standard","has-post-thumbnail","hentry","category-actu-france-monde"],"jetpack_publicize_connections":[],"jetpack_featured_media_url":"https:\/\/i0.wp.com\/www.iceagetv.com\/radiosite\/wp-content\/uploads\/2026\/04\/nos-10-conseils-pour-ne-pas-se-faire-pieger-par-les-grandes-marees.jpg?fit=616%2C328&ssl=1","jetpack_sharing_enabled":true,"_links":{"self":[{"href":"https:\/\/www.iceagetv.com\/radiosite\/wp-json\/wp\/v2\/posts\/43896","targetHints":{"allow":["GET"]}}],"collection":[{"href":"https:\/\/www.iceagetv.com\/radiosite\/wp-json\/wp\/v2\/posts"}],"about":[{"href":"https:\/\/www.iceagetv.com\/radiosite\/wp-json\/wp\/v2\/types\/post"}],"author":[{"embeddable":true,"href":"https:\/\/www.iceagetv.com\/radiosite\/wp-json\/wp\/v2\/users\/2"}],"replies":[{"embeddable":true,"href":"https:\/\/www.iceagetv.com\/radiosite\/wp-json\/wp\/v2\/comments?post=43896"}],"version-history":[{"count":1,"href":"https:\/\/www.iceagetv.com\/radiosite\/wp-json\/wp\/v2\/posts\/43896\/revisions"}],"predecessor-version":[{"id":43898,"href":"https:\/\/www.iceagetv.com\/radiosite\/wp-json\/wp\/v2\/posts\/43896\/revisions\/43898"}],"wp:featuredmedia":[{"embeddable":true,"href":"https:\/\/www.iceagetv.com\/radiosite\/wp-json\/wp\/v2\/media\/43897"}],"wp:attachment":[{"href":"https:\/\/www.iceagetv.com\/radiosite\/wp-json\/wp\/v2\/media?parent=43896"}],"wp:term":[{"taxonomy":"category","embeddable":true,"href":"https:\/\/www.iceagetv.com\/radiosite\/wp-json\/wp\/v2\/categories?post=43896"},{"taxonomy":"post_tag","embeddable":true,"href":"https:\/\/www.iceagetv.com\/radiosite\/wp-json\/wp\/v2\/tags?post=43896"}],"curies":[{"name":"wp","href":"https:\/\/api.w.org\/{rel}","templated":true}]}}