{"id":43913,"date":"2026-04-19T10:53:11","date_gmt":"2026-04-19T08:53:11","guid":{"rendered":"https:\/\/www.iceagetv.com\/radiosite\/?p=43913"},"modified":"2026-04-19T10:53:13","modified_gmt":"2026-04-19T08:53:13","slug":"le-17eme-regiment-du-genie-parachutiste-de-montauban-rend-hommage-a-un-militaire-dexception-tue-au-liban","status":"publish","type":"post","link":"https:\/\/www.iceagetv.com\/radiosite\/le-17eme-regiment-du-genie-parachutiste-de-montauban-rend-hommage-a-un-militaire-dexception-tue-au-liban\/","title":{"rendered":"Le 17\u00e8me r\u00e9giment du g\u00e9nie parachutiste de Montauban rend hommage \u00e0 un \u00ab\u00a0militaire d&rsquo;exception\u00a0\u00bb tu\u00e9 au Liban"},"content":{"rendered":"\n<p>Un soldat originaire de Montauban, rattach\u00e9 au 17e r\u00e9giment du g\u00e9nie parachutiste de Montauban (Tarn-et-Garonne) a \u00e9t\u00e9 tu\u00e9 ce samedi au Liban. Son r\u00e9giment rend hommage \u00e0 \u00ab\u00a0un militaire d&rsquo;exception\u00a0\u00bb, \u00ab\u00a0profond\u00e9ment g\u00e9n\u00e9reux et courageux\u00a0\u00bb qui avait rejoint les rangs du 17e r\u00e9giment il y a 5 ans.<\/p>\n\n\n\n<p>Ce samedi 18 avril au soir, le colonel J\u00e9r\u00e9my Akil, chef de corps du 17e r\u00e9giment du g\u00e9nie parachutiste de Montauban (Tarn-et-Garonne) a pris la parole afin de\u00a0<strong>rendre hommage au sergent-chef Florian Montorio<\/strong>\u00a0tu\u00e9 ce samedi matin dans le sud du Liban\u00a0<a href=\"https:\/\/www.ici.fr\/infos\/international\/liban-un-militaire-francais-est-decede-annonce-emmanuel-macron-6438087\">dans une embuscade contre des Casques bleus de la Finul attribu\u00e9e au Hezbollah.<\/a>\u00a0Florian Montorio \u00e9tait n\u00e9 \u00e0 Montauban, il \u00e9tait mari\u00e9 et p\u00e8re de deux filles. \u00ab\u00a0<em>C&rsquo;\u00e9tait un militaire d&rsquo;exception<\/em>\u00a0\u00bb a d\u00e9clar\u00e9 en pr\u00e9ambule, le colonel J\u00e9r\u00e9my Akil.Un militaire exp\u00e9riment\u00e9 originaire de Montauban<\/p>\n\n\n\n<p><strong>Le sergent-chef \u00e9tait \u00e2g\u00e9 de 40 ans<\/strong>, \u00ab\u00a0<em>c&rsquo;est donc un p\u00e8re, un fils et un compagnon dans la force de l&rsquo;\u00e2ge qui part beaucoup trop t\u00f4t<\/em>\u00a0\u00bb a regrett\u00e9 le colonel Akil. Florian Montorio s&rsquo;\u00e9tait engag\u00e9 en 2007, \u00e0 l&rsquo;\u00e2ge de 21 ans dans l&rsquo;arm\u00e9e et il a rejoint les rangs du 17e r\u00e9giment du g\u00e9nie parachutiste de Montauban en 2021, apr\u00e8s un parcours d\u00e9j\u00e0 riche.<\/p>\n\n\n\n<p>Il est intervenu au Mali, dans de nombreux pays d&rsquo;Afrique, en Irak. La Guyane figure parmi ses derniers terrains d&rsquo;op\u00e9rations ext\u00e9rieurs. \u00ab\u00a0<em>Florian avait une exp\u00e9rience op\u00e9rationnelle extr\u00eamement riche. Cela augmentait encore la valeur de son service<\/em>.\u00a0\u00bb<\/p>\n\n\n\n<h2 class=\"wp-block-heading\">Le r\u00e9giment loue sa bravoure, sa g\u00e9n\u00e9rosit\u00e9 et son d\u00e9sir de transmettre<\/h2>\n\n\n\n<p>\u00ab\u00a0<em>Florian \u00e9tait profond\u00e9ment g\u00e9n\u00e9reux et profond\u00e9ment courageux\u00a0\u00bb<\/em>&nbsp;a soulign\u00e9 le colonel Akil.<br>\u00ab\u00a0<em>A titre d&rsquo;exemple, il avait pris en charge au combat en Afghanistan un de ses camarades bless\u00e9s dans des circonstances particuli\u00e8rement p\u00e9rilleuses. Sa bravoure et sa valeur \u00e9taient immenses. En 19 ans de service, il aura parcouru un grand nombre de th\u00e9\u00e2tres d&rsquo;op\u00e9rations ext\u00e9rieures et pris part \u00e0 de nombreuses missions.\u00a0\u00bb<\/em><\/p>\n\n\n\n<p>Il avait chevill\u00e9 au corps \u00ab\u00a0<em>ce d\u00e9sir de transmettre aux plus jeunes ce que lui-m\u00eame estimait avoir re\u00e7u, c&rsquo;est une valeur militaire qui nous est ch\u00e8re et que Florian incarnait \u00e0 merveille<\/em>\u00ab\u00a0.Tout le r\u00e9giment le pleure et l&rsquo;honore\u00a0\u00bb<\/p>\n\n\n\n<p>Au nom des sapeurs-parachutistes, le chef de corps du 17e r\u00e9giment a assur\u00e9 \u00ab\u00a0<em>\u00e0 ses camarades, \u00e0 ses proches et \u00e0 sa famille son soutien entier et ind\u00e9fectible.\u00a0\u00bb<\/em>&nbsp;Le colonel Akil a ajout\u00e9 que Florian Montorio \u00e9tait parti \u00ab\u00a0<em>dans un \u00e9tat d&rsquo;esprit qui le caract\u00e9risait tr\u00e8s bien, c&rsquo;est \u00e0 dire la volont\u00e9 de servir, la volont\u00e9 d&rsquo;\u00eatre utile \u00e0 son pays et aux populations locales. Florian \u00e9tait au terme de son parcours militaire et d&rsquo;ici \u00e0 quelques mois, il \u00e9tait pr\u00e9vu qu&rsquo;il revienne \u00e0 la vie civile.\u00a0\u00bb<\/em><\/p>\n\n\n\n<p><strong>Un hommage sera rendu au sergent-chef dans les prochains jours<\/strong>, lors d&rsquo;une c\u00e9r\u00e9monie d&rsquo;hommage dont les modalit\u00e9s sont encore \u00e0 l&rsquo;\u00e9tude. Trois autres soldats fran\u00e7ais ont \u00e9t\u00e9 bless\u00e9s ce samedi au Liban, \u00ab\u00a0<em>on est de tout c\u0153ur avec eux<\/em>\u00a0\u00bb a ajout\u00e9 le chef de corps du 17e r\u00e9giment sans pr\u00e9ciser \u00e0 quel r\u00e9giment ils appartenaient.<\/p>\n\n\n\n<h2 class=\"wp-block-heading\">Le 17e RGP de Montauban engag\u00e9 sur les op\u00e9rations ext\u00e9rieures<\/h2>\n\n\n\n<p>Le 17e r\u00e9giment du g\u00e9nie parachutiste de Montauban compte&nbsp;<strong>un peu moins de 200 militaires d\u00e9ploy\u00e9s sur des th\u00e9\u00e2tres d&rsquo;op\u00e9rations ext\u00e9rieures<\/strong>&nbsp;de l&rsquo;arm\u00e9e de Terre, toutes op\u00e9rations confondues, pas seulement au Liban. Il intervient r\u00e9guli\u00e8rement pour des missions de Casques Bleus de La Force int\u00e9rimaire des Nations unies au Liban (Finul). Un d\u00e9part en mission fait l&rsquo;objet d&rsquo;une longue pr\u00e9paration technique, tactique. \u00ab\u00a0<em>Le r\u00e9giment sur les vingt derni\u00e8res ann\u00e9es aura pay\u00e9 le prix du sang\u00a0\u00bb<\/em>&nbsp;souligne le colonel Akil. \u00ab\u00a0<em>Florian est le 10e militaire \u00e0 \u00eatre tomb\u00e9 en op\u00e9ration, ce qui est \u00e9videmment beaucoup trop<\/em>.&nbsp;<em>Mais ce qui explique aussi la grande r\u00e9silience du r\u00e9giment qui sait sortir grandi de ces \u00e9preuves<\/em>.\u00a0\u00bb<\/p>\n","protected":false},"excerpt":{"rendered":"<p>Un soldat originaire de Montauban, rattach\u00e9 au 17e r\u00e9giment du g\u00e9nie parachutiste de Montauban (Tarn-et-Garonne) a \u00e9t\u00e9 tu\u00e9 ce samedi au Liban. Son r\u00e9giment rend hommage \u00e0 \u00ab\u00a0un militaire d&rsquo;exception\u00a0\u00bb, \u00ab\u00a0profond\u00e9ment g\u00e9n\u00e9reux et courageux\u00a0\u00bb qui avait rejoint les rangs du 17e r\u00e9giment il y a 5 ans. Ce samedi 18 avril au soir, le colonel [&hellip;]<\/p>\n","protected":false},"author":2,"featured_media":43914,"comment_status":"open","ping_status":"open","sticky":false,"template":"","format":"standard","meta":{"_jetpack_memberships_contains_paid_content":false,"footnotes":"","jetpack_publicize_message":"","jetpack_publicize_feature_enabled":true,"jetpack_social_post_already_shared":true,"jetpack_social_options":{"image_generator_settings":{"template":"highway","default_image_id":0,"font":"","enabled":false},"version":2},"_wpas_customize_per_network":false},"categories":[405],"tags":[],"class_list":["post-43913","post","type-post","status-publish","format-standard","has-post-thumbnail","hentry","category-actu-france-monde"],"jetpack_publicize_connections":[],"jetpack_featured_media_url":"https:\/\/i0.wp.com\/www.iceagetv.com\/radiosite\/wp-content\/uploads\/2026\/04\/Un-soldat-originaire-de-Montauban.jpg?fit=837%2C493&ssl=1","jetpack_sharing_enabled":true,"_links":{"self":[{"href":"https:\/\/www.iceagetv.com\/radiosite\/wp-json\/wp\/v2\/posts\/43913","targetHints":{"allow":["GET"]}}],"collection":[{"href":"https:\/\/www.iceagetv.com\/radiosite\/wp-json\/wp\/v2\/posts"}],"about":[{"href":"https:\/\/www.iceagetv.com\/radiosite\/wp-json\/wp\/v2\/types\/post"}],"author":[{"embeddable":true,"href":"https:\/\/www.iceagetv.com\/radiosite\/wp-json\/wp\/v2\/users\/2"}],"replies":[{"embeddable":true,"href":"https:\/\/www.iceagetv.com\/radiosite\/wp-json\/wp\/v2\/comments?post=43913"}],"version-history":[{"count":1,"href":"https:\/\/www.iceagetv.com\/radiosite\/wp-json\/wp\/v2\/posts\/43913\/revisions"}],"predecessor-version":[{"id":43915,"href":"https:\/\/www.iceagetv.com\/radiosite\/wp-json\/wp\/v2\/posts\/43913\/revisions\/43915"}],"wp:featuredmedia":[{"embeddable":true,"href":"https:\/\/www.iceagetv.com\/radiosite\/wp-json\/wp\/v2\/media\/43914"}],"wp:attachment":[{"href":"https:\/\/www.iceagetv.com\/radiosite\/wp-json\/wp\/v2\/media?parent=43913"}],"wp:term":[{"taxonomy":"category","embeddable":true,"href":"https:\/\/www.iceagetv.com\/radiosite\/wp-json\/wp\/v2\/categories?post=43913"},{"taxonomy":"post_tag","embeddable":true,"href":"https:\/\/www.iceagetv.com\/radiosite\/wp-json\/wp\/v2\/tags?post=43913"}],"curies":[{"name":"wp","href":"https:\/\/api.w.org\/{rel}","templated":true}]}}