{"id":43932,"date":"2026-04-20T17:46:31","date_gmt":"2026-04-20T15:46:31","guid":{"rendered":"https:\/\/www.iceagetv.com\/radiosite\/?p=43932"},"modified":"2026-04-20T17:46:32","modified_gmt":"2026-04-20T15:46:32","slug":"guerre-au-moyen-orient-emmanuel-macron-assure-que-la-france-na-pas-ete-prise-a-partie-dans-le-detroit-dormuz","status":"publish","type":"post","link":"https:\/\/www.iceagetv.com\/radiosite\/guerre-au-moyen-orient-emmanuel-macron-assure-que-la-france-na-pas-ete-prise-a-partie-dans-le-detroit-dormuz\/","title":{"rendered":"Guerre au Moyen-Orient: Emmanuel Macron assure que la France n&rsquo;a pas \u00e9t\u00e9 \u00ab\u00a0prise \u00e0 partie\u00a0\u00bb dans le d\u00e9troit d&rsquo;Ormuz"},"content":{"rendered":"\n<p>Dans le cadre d&rsquo;un sommet pour renforcer la coop\u00e9ration franco-polonaise \u00e0 Gdansk, Emmanuel Macron a assur\u00e9 que la France n&rsquo;a pas \u00e9t\u00e9 vis\u00e9e dans le d\u00e9troit d&rsquo;Ormuz, tr\u00e8s perturb\u00e9 apr\u00e8s la fermeture de cette voie commerciale par l&rsquo;Iran, apr\u00e8s une br\u00e8ve r\u00e9ouverture.<\/p>\n\n\n\n<p>Depuis la Pologne, le pr\u00e9sident de la R\u00e9publique Emmanuel Macron a indiqu\u00e9 ce lundi 20 avril que la \u00ab\u00a0France n&rsquo;a pas \u00e9t\u00e9 prise \u00e0 partie\u00a0\u00bb dans le d\u00e9troit d&rsquo;Ormuz, ferm\u00e9 \u00e0 nouveau par l&rsquo;Iran apr\u00e8s une br\u00e8ve r\u00e9ouverture.\u00a0\u00bbPlusieurs tankers et porte-conteners ont engag\u00e9 une sortie du d\u00e9troit d&rsquo;Ormuz, il est vraisemblable que suite \u00e0 la d\u00e9cision am\u00e9ricaine de maintenir un blocus cibl\u00e9 sur Ormuz, (&#8230;) les autorit\u00e9s iraniennes ont chang\u00e9 leur position initiale\u00a0\u00bb, explique Emmanuel Macron.<\/p>\n\n\n\n<p>Samedi, un navire de CMA CGM \u00ab\u00a0a fait l\u2019objet hier de tirs de semonce\u00a0\u00bb dans le d\u00e9troit d&rsquo;Ormuz, a indiqu\u00e9 dimanche \u00e0 l&rsquo;AFP le groupe fran\u00e7ais de transport maritime.<\/p>\n","protected":false},"excerpt":{"rendered":"<p>Dans le cadre d&rsquo;un sommet pour renforcer la coop\u00e9ration franco-polonaise \u00e0 Gdansk, Emmanuel Macron a assur\u00e9 que la France n&rsquo;a pas \u00e9t\u00e9 vis\u00e9e dans le d\u00e9troit d&rsquo;Ormuz, tr\u00e8s perturb\u00e9 apr\u00e8s la fermeture de cette voie commerciale par l&rsquo;Iran, apr\u00e8s une br\u00e8ve r\u00e9ouverture. Depuis la Pologne, le pr\u00e9sident de la R\u00e9publique Emmanuel Macron a indiqu\u00e9 ce [&hellip;]<\/p>\n","protected":false},"author":2,"featured_media":43933,"comment_status":"open","ping_status":"open","sticky":false,"template":"","format":"standard","meta":{"_jetpack_memberships_contains_paid_content":false,"footnotes":"","jetpack_publicize_message":"","jetpack_publicize_feature_enabled":true,"jetpack_social_post_already_shared":true,"jetpack_social_options":{"image_generator_settings":{"template":"highway","default_image_id":0,"font":"","enabled":false},"version":2},"_wpas_customize_per_network":false},"categories":[405],"tags":[],"class_list":["post-43932","post","type-post","status-publish","format-standard","has-post-thumbnail","hentry","category-actu-france-monde"],"jetpack_publicize_connections":[],"jetpack_featured_media_url":"https:\/\/i0.wp.com\/www.iceagetv.com\/radiosite\/wp-content\/uploads\/2026\/04\/Emmanuel-Macron-assure-que-la-Franc.jpg?fit=774%2C421&ssl=1","jetpack_sharing_enabled":true,"_links":{"self":[{"href":"https:\/\/www.iceagetv.com\/radiosite\/wp-json\/wp\/v2\/posts\/43932","targetHints":{"allow":["GET"]}}],"collection":[{"href":"https:\/\/www.iceagetv.com\/radiosite\/wp-json\/wp\/v2\/posts"}],"about":[{"href":"https:\/\/www.iceagetv.com\/radiosite\/wp-json\/wp\/v2\/types\/post"}],"author":[{"embeddable":true,"href":"https:\/\/www.iceagetv.com\/radiosite\/wp-json\/wp\/v2\/users\/2"}],"replies":[{"embeddable":true,"href":"https:\/\/www.iceagetv.com\/radiosite\/wp-json\/wp\/v2\/comments?post=43932"}],"version-history":[{"count":1,"href":"https:\/\/www.iceagetv.com\/radiosite\/wp-json\/wp\/v2\/posts\/43932\/revisions"}],"predecessor-version":[{"id":43934,"href":"https:\/\/www.iceagetv.com\/radiosite\/wp-json\/wp\/v2\/posts\/43932\/revisions\/43934"}],"wp:featuredmedia":[{"embeddable":true,"href":"https:\/\/www.iceagetv.com\/radiosite\/wp-json\/wp\/v2\/media\/43933"}],"wp:attachment":[{"href":"https:\/\/www.iceagetv.com\/radiosite\/wp-json\/wp\/v2\/media?parent=43932"}],"wp:term":[{"taxonomy":"category","embeddable":true,"href":"https:\/\/www.iceagetv.com\/radiosite\/wp-json\/wp\/v2\/categories?post=43932"},{"taxonomy":"post_tag","embeddable":true,"href":"https:\/\/www.iceagetv.com\/radiosite\/wp-json\/wp\/v2\/tags?post=43932"}],"curies":[{"name":"wp","href":"https:\/\/api.w.org\/{rel}","templated":true}]}}