{"id":43935,"date":"2026-04-20T20:03:42","date_gmt":"2026-04-20T18:03:42","guid":{"rendered":"https:\/\/www.iceagetv.com\/radiosite\/?p=43935"},"modified":"2026-04-20T20:03:44","modified_gmt":"2026-04-20T18:03:44","slug":"elon-musk-ne-sest-pas-presente-a-sa-convocation-devant-la-justice-francaise-dans-le-cadre-de-lenquete-sur-les-derives-de-son-reseau-social-x","status":"publish","type":"post","link":"https:\/\/www.iceagetv.com\/radiosite\/elon-musk-ne-sest-pas-presente-a-sa-convocation-devant-la-justice-francaise-dans-le-cadre-de-lenquete-sur-les-derives-de-son-reseau-social-x\/","title":{"rendered":"Elon Musk ne s&rsquo;est pas pr\u00e9sent\u00e9 \u00e0 sa convocation devant la justice fran\u00e7aise dans le cadre de l&rsquo;enqu\u00eate sur les d\u00e9rives de son r\u00e9seau social X"},"content":{"rendered":"\n<p>Le milliardaire \u00e9tait convoqu\u00e9 lundi par la justice fran\u00e7aise dans un lieu qui n&rsquo;a pas \u00e9t\u00e9 communiqu\u00e9. Il avait d\u00e9nonc\u00e9 une \u00ab\u00a0attaque politique\u00a0\u00bb.Elon Musk ne s&rsquo;est pas pr\u00e9sent\u00e9 \u00e0 sa convocation par la justice en France, annonce le parquet de Paris, lundi 20 avril. Le milliardaire \u00e9tait convoqu\u00e9 dans le cadre&nbsp;<a href=\"https:\/\/www.franceinfo.fr\/internet\/reseaux-sociaux\/twitter\/negationnisme-deepfakes-usurpation-d-identite-on-vous-resume-les-accusations-qui-visent-le-reseau-x-et-pour-lesquelles-elon-musk-est-convoque-devant-la-justice-francaise_7814324.html\">d&rsquo;une enqu\u00eate sur les possibles d\u00e9rives de son r\u00e9seau social X<\/a>. Le minist\u00e8re public&nbsp;<em>\u00ab\u00a0prend acte de l&rsquo;absence des premi\u00e8res personnes convoqu\u00e9es\u00a0\u00bb<\/em>, pr\u00e9cise le parquet dans un communiqu\u00e9, avant d&rsquo;ajouter que&nbsp;<em>\u00ab\u00a0leur pr\u00e9sence ou leur absence n&rsquo;est pas un obstacle \u00e0 la poursuite des investigations\u00a0\u00bb.<\/em><\/p>\n\n\n\n<p>Aucune information n&rsquo;avait fuit\u00e9 sur le lieu et l&rsquo;horaire de cette convocation d&rsquo;Elon Musk, qui a d\u00e9nonc\u00e9&nbsp;<em>\u00ab\u00a0une attaque politique\u00a0\u00bb<\/em>. Avec l&rsquo;ancienne directrice g\u00e9n\u00e9rale de X, Linda Yaccarino, ils sont vis\u00e9s&nbsp;<em>\u00ab\u00a0en leur qualit\u00e9 de g\u00e9rant de fait et de droit de la plateforme X au moment des faits\u00a0\u00bb<\/em>.<\/p>\n\n\n\n<p>Ouverte en janvier 2025, l&rsquo;enqu\u00eate fran\u00e7aise, dont est saisie l&rsquo;unit\u00e9 nationale cyber de la gendarmerie,&nbsp;<em>\u00ab\u00a0porte sur les \u00e9ventuelles violations par la plateforme X de la l\u00e9gislation fran\u00e7aise, \u00e0 laquelle elle doit bien \u00e9videmment se conformer sur le territoire fran\u00e7ais\u00a0\u00bb<\/em>, a rappel\u00e9 le parquet de Paris dans un communiqu\u00e9. En cause notamment, une possible complicit\u00e9 de diffusion d&rsquo;images p\u00e9dopornographiques et l&rsquo;utilisation du mod\u00e8le d&rsquo;intelligence artificielle de X pour la cr\u00e9ation de&nbsp;<em>deepfakes,<\/em>&nbsp;c&rsquo;est-\u00e0-dire des montages ultrar\u00e9alistes, \u00e0 caract\u00e8re sexuel, sans le consentement des victimes.<\/p>\n","protected":false},"excerpt":{"rendered":"<p>Le milliardaire \u00e9tait convoqu\u00e9 lundi par la justice fran\u00e7aise dans un lieu qui n&rsquo;a pas \u00e9t\u00e9 communiqu\u00e9. Il avait d\u00e9nonc\u00e9 une \u00ab\u00a0attaque politique\u00a0\u00bb.Elon Musk ne s&rsquo;est pas pr\u00e9sent\u00e9 \u00e0 sa convocation par la justice en France, annonce le parquet de Paris, lundi 20 avril. Le milliardaire \u00e9tait convoqu\u00e9 dans le cadre&nbsp;d&rsquo;une enqu\u00eate sur les possibles [&hellip;]<\/p>\n","protected":false},"author":2,"featured_media":43936,"comment_status":"open","ping_status":"open","sticky":false,"template":"","format":"standard","meta":{"_jetpack_memberships_contains_paid_content":false,"footnotes":"","jetpack_publicize_message":"","jetpack_publicize_feature_enabled":true,"jetpack_social_post_already_shared":true,"jetpack_social_options":{"image_generator_settings":{"template":"highway","default_image_id":0,"font":"","enabled":false},"version":2},"_wpas_customize_per_network":false},"categories":[405],"tags":[],"class_list":["post-43935","post","type-post","status-publish","format-standard","has-post-thumbnail","hentry","category-actu-france-monde"],"jetpack_publicize_connections":[],"jetpack_featured_media_url":"https:\/\/i0.wp.com\/www.iceagetv.com\/radiosite\/wp-content\/uploads\/2026\/04\/Elon-Musk-ne-sest-pas-presente-a-sa-convocation.jpg?fit=691%2C473&ssl=1","jetpack_sharing_enabled":true,"_links":{"self":[{"href":"https:\/\/www.iceagetv.com\/radiosite\/wp-json\/wp\/v2\/posts\/43935","targetHints":{"allow":["GET"]}}],"collection":[{"href":"https:\/\/www.iceagetv.com\/radiosite\/wp-json\/wp\/v2\/posts"}],"about":[{"href":"https:\/\/www.iceagetv.com\/radiosite\/wp-json\/wp\/v2\/types\/post"}],"author":[{"embeddable":true,"href":"https:\/\/www.iceagetv.com\/radiosite\/wp-json\/wp\/v2\/users\/2"}],"replies":[{"embeddable":true,"href":"https:\/\/www.iceagetv.com\/radiosite\/wp-json\/wp\/v2\/comments?post=43935"}],"version-history":[{"count":1,"href":"https:\/\/www.iceagetv.com\/radiosite\/wp-json\/wp\/v2\/posts\/43935\/revisions"}],"predecessor-version":[{"id":43937,"href":"https:\/\/www.iceagetv.com\/radiosite\/wp-json\/wp\/v2\/posts\/43935\/revisions\/43937"}],"wp:featuredmedia":[{"embeddable":true,"href":"https:\/\/www.iceagetv.com\/radiosite\/wp-json\/wp\/v2\/media\/43936"}],"wp:attachment":[{"href":"https:\/\/www.iceagetv.com\/radiosite\/wp-json\/wp\/v2\/media?parent=43935"}],"wp:term":[{"taxonomy":"category","embeddable":true,"href":"https:\/\/www.iceagetv.com\/radiosite\/wp-json\/wp\/v2\/categories?post=43935"},{"taxonomy":"post_tag","embeddable":true,"href":"https:\/\/www.iceagetv.com\/radiosite\/wp-json\/wp\/v2\/tags?post=43935"}],"curies":[{"name":"wp","href":"https:\/\/api.w.org\/{rel}","templated":true}]}}