{"id":43938,"date":"2026-04-20T20:41:54","date_gmt":"2026-04-20T18:41:54","guid":{"rendered":"https:\/\/www.iceagetv.com\/radiosite\/?p=43938"},"modified":"2026-04-20T20:41:55","modified_gmt":"2026-04-20T18:41:55","slug":"guerre-au-moyen-orient-donald-trump-annonce-une-fin-de-cessez-le-feu-avec-liran-mercredi-soir-heure-de-washington","status":"publish","type":"post","link":"https:\/\/www.iceagetv.com\/radiosite\/guerre-au-moyen-orient-donald-trump-annonce-une-fin-de-cessez-le-feu-avec-liran-mercredi-soir-heure-de-washington\/","title":{"rendered":"Guerre au Moyen-Orient: Donald Trump annonce une fin de cessez-le-feu avec l&rsquo;Iran mercredi soir, \u00ab\u00a0heure de Washington\u00a0\u00bb"},"content":{"rendered":"\n<p>L&rsquo;extension de la tr\u00eave entre l&rsquo;Iran et les \u00c9tats-Unis devait s&rsquo;achever en th\u00e9orie dans la nuit de mardi \u00e0 mercredi, heure de T\u00e9h\u00e9ran. Un nouveau cycle de pourparlers \u00e0 Islamabad est pr\u00e9vu au Pakistan entre l&rsquo;Iran et les \u00c9tat-Unis.<\/p>\n\n\n\n<p>La fin du cessez-le-feu entre\u00a0<a href=\"https:\/\/www.bfmtv.com\/international\/moyen-orient\/guerre-au-moyen-orient-l-iran-promet-de-riposter-bientot-a-la-saisie-d-un-cargo-par-les-etats-unis_LN-202604200044.html\">les \u00c9tats-Unis et l&rsquo;Iran<\/a>\u00a0expire \u00ab\u00a0mercredi soir, heure de Washington\u00a0\u00bb, a d\u00e9clar\u00e9 ce lundi 20 avril le pr\u00e9sident am\u00e9ricain Donald Trump \u00e0 l&rsquo;agence Bloomberg, relay\u00e9e par\u00a0<a href=\"https:\/\/edition.cnn.com\/2026\/04\/20\/world\/live-news\/iran-war-us-trump-israel\" target=\"_blank\" rel=\"noreferrer noopener\">CNN<\/a>.L&rsquo;extension de la tr\u00eave entre l&rsquo;Iran et les \u00c9tats-Unis devait s&rsquo;achever en th\u00e9orie dans la nuit de mardi \u00e0 mercredi, heure de T\u00e9h\u00e9ran.<\/p>\n\n\n\n<p>Si les revendications am\u00e9ricaines ne sont pas satisfaites d&rsquo;ici l\u00e0, \u00ab\u00a0beaucoup de bombes exploseront\u00a0\u00bb, a ajout\u00e9 le pr\u00e9sident am\u00e9ricain, cette fois \u00e0 la cha\u00eene PBS, apr\u00e8s avoir menac\u00e9 plus t\u00f4t en avril d&rsquo;an\u00e9antir \u00ab\u00a0une civilisation enti\u00e8re\u00a0\u00bb.<\/p>\n\n\n\n<h2 class=\"wp-block-heading\" id=\"4vk27\">Un nouveau cycle de pourparlers pr\u00e9vu \u00e0 Islamabad<\/h2>\n\n\n\n<p>Si les \u00c9tats-Unis ont annonc\u00e9 un nouveau cycle de pourparlers \u00e0 Islamabad au Pakistan,\u00a0<a href=\"https:\/\/www.bfmtv.com\/international\/moyen-orient\/iran\/de-nombreuses-divergences-l-iran-ne-compte-pas-se-rendre-au-pakistan-pour-de-nouveaux-pourparlers-avec-les-etats-unis_AD-202604190339.html\">l&rsquo;Iran indique de son c\u00f4t\u00e9 qu&rsquo;il n&rsquo;existe \u00ab\u00a0aucune perspective claire de n\u00e9gociations fructueuses\u00a0\u00bb<\/a>.T\u00e9h\u00e9ran n&rsquo;a pas \u00ab\u00a0\u00e0 ce stade\u00a0\u00bb de \u00ab\u00a0projet pour le prochain cycle de n\u00e9gociations et aucune d\u00e9cision n&rsquo;a \u00e9t\u00e9 arr\u00eat\u00e9e \u00e0 ce sujet\u00a0\u00bb, a fait savoir pour sa part le porte-parole du minist\u00e8re des Affaires \u00e9trang\u00e8res iranien,\u00a0<a href=\"https:\/\/www.bfmtv.com\/international\/moyen-orient\/iran\/des-violations-manifestes-du-cessez-le-feu-l-iran-met-en-doute-le-serieux-des-etats-unis-dans-la-voie-diplomatique-et-laisse-planer-le-doute-autour-des-pourparlers_AD-202604200396.ht\" target=\"_blank\" rel=\"noreferrer noopener\">Esma\u00efl Bagha\u00ef, mettant en doute \u00ab\u00a0le s\u00e9rieux\u00a0\u00bb des \u00c9tats-Unis<\/a>\u00a0dans le processus diplomatique.Il a ajout\u00e9 que la saisie&nbsp;<a href=\"https:\/\/www.bfmtv.com\/international\/moyen-orient\/iran\/guerre-au-moyen-orient-les-images-de-l-arraisonnement-d-un-cargo-iranien-par-les-etats-unis_AV-202604200189.html\">d&rsquo;un cargo iranien par les \u00c9tats-Unis dans le golfe d&rsquo;Oman<\/a>, leur blocus naval des ports iraniens et les retards dans la mise en \u0153uvre du cessez-le-feu au Liban constituaient autant de \u00ab\u00a0violations manifestes du cessez-le-feu\u00a0\u00bb.<\/p>\n\n\n\n<p>Selon plusieurs m\u00e9dias iraniens, une lev\u00e9e du&nbsp;<a href=\"https:\/\/www.bfmtv.com\/international\/amerique-nord\/etats-unis\/donald-trump\/guerre-en-iran-et-au-moyen-orient-donald-trump-previent-que-le-blocus-des-ports-iraniens-va-continuer-si-un-accord-n-est-pas-conclu_AD-202604180060.html\">blocus naval am\u00e9ricain<\/a>&nbsp;constituerait notamment une condition pr\u00e9alable aux discussions avec Washington.<\/p>\n","protected":false},"excerpt":{"rendered":"<p>L&rsquo;extension de la tr\u00eave entre l&rsquo;Iran et les \u00c9tats-Unis devait s&rsquo;achever en th\u00e9orie dans la nuit de mardi \u00e0 mercredi, heure de T\u00e9h\u00e9ran. Un nouveau cycle de pourparlers \u00e0 Islamabad est pr\u00e9vu au Pakistan entre l&rsquo;Iran et les \u00c9tat-Unis. La fin du cessez-le-feu entre\u00a0les \u00c9tats-Unis et l&rsquo;Iran\u00a0expire \u00ab\u00a0mercredi soir, heure de Washington\u00a0\u00bb, a d\u00e9clar\u00e9 ce [&hellip;]<\/p>\n","protected":false},"author":2,"featured_media":43939,"comment_status":"open","ping_status":"open","sticky":false,"template":"","format":"standard","meta":{"_jetpack_memberships_contains_paid_content":false,"footnotes":"","jetpack_publicize_message":"","jetpack_publicize_feature_enabled":true,"jetpack_social_post_already_shared":true,"jetpack_social_options":{"image_generator_settings":{"template":"highway","default_image_id":0,"font":"","enabled":false},"version":2},"_wpas_customize_per_network":false},"categories":[405],"tags":[],"class_list":["post-43938","post","type-post","status-publish","format-standard","has-post-thumbnail","hentry","category-actu-france-monde"],"jetpack_publicize_connections":[],"jetpack_featured_media_url":"https:\/\/i0.wp.com\/www.iceagetv.com\/radiosite\/wp-content\/uploads\/2026\/04\/Donald-Trump-annonce-une-fin-de-cessez-le-feu.jpg?fit=588%2C287&ssl=1","jetpack_sharing_enabled":true,"_links":{"self":[{"href":"https:\/\/www.iceagetv.com\/radiosite\/wp-json\/wp\/v2\/posts\/43938","targetHints":{"allow":["GET"]}}],"collection":[{"href":"https:\/\/www.iceagetv.com\/radiosite\/wp-json\/wp\/v2\/posts"}],"about":[{"href":"https:\/\/www.iceagetv.com\/radiosite\/wp-json\/wp\/v2\/types\/post"}],"author":[{"embeddable":true,"href":"https:\/\/www.iceagetv.com\/radiosite\/wp-json\/wp\/v2\/users\/2"}],"replies":[{"embeddable":true,"href":"https:\/\/www.iceagetv.com\/radiosite\/wp-json\/wp\/v2\/comments?post=43938"}],"version-history":[{"count":1,"href":"https:\/\/www.iceagetv.com\/radiosite\/wp-json\/wp\/v2\/posts\/43938\/revisions"}],"predecessor-version":[{"id":43940,"href":"https:\/\/www.iceagetv.com\/radiosite\/wp-json\/wp\/v2\/posts\/43938\/revisions\/43940"}],"wp:featuredmedia":[{"embeddable":true,"href":"https:\/\/www.iceagetv.com\/radiosite\/wp-json\/wp\/v2\/media\/43939"}],"wp:attachment":[{"href":"https:\/\/www.iceagetv.com\/radiosite\/wp-json\/wp\/v2\/media?parent=43938"}],"wp:term":[{"taxonomy":"category","embeddable":true,"href":"https:\/\/www.iceagetv.com\/radiosite\/wp-json\/wp\/v2\/categories?post=43938"},{"taxonomy":"post_tag","embeddable":true,"href":"https:\/\/www.iceagetv.com\/radiosite\/wp-json\/wp\/v2\/tags?post=43938"}],"curies":[{"name":"wp","href":"https:\/\/api.w.org\/{rel}","templated":true}]}}