{"id":43975,"date":"2026-04-22T15:42:19","date_gmt":"2026-04-22T13:42:19","guid":{"rendered":"https:\/\/www.iceagetv.com\/radiosite\/?p=43975"},"modified":"2026-04-22T15:42:22","modified_gmt":"2026-04-22T13:42:22","slug":"gravement-blesse-au-liban-la-semaine-derniere-un-soldat-francais-rapatrie-hier-en-france-est-mort-ce-matin-des-suites-de-ses-blessures-annonce-emmanuel-macron","status":"publish","type":"post","link":"https:\/\/www.iceagetv.com\/radiosite\/gravement-blesse-au-liban-la-semaine-derniere-un-soldat-francais-rapatrie-hier-en-france-est-mort-ce-matin-des-suites-de-ses-blessures-annonce-emmanuel-macron\/","title":{"rendered":"Gravement bless\u00e9 au Liban la semaine derni\u00e8re, un soldat fran\u00e7ais rapatri\u00e9 hier en France est mort ce matin des suites de ses blessures, annonce Emmanuel Macron"},"content":{"rendered":"\n<p>Gravement bless\u00e9 au Liban la semaine derni\u00e8re, un soldat fran\u00e7ais rapatri\u00e9 hier en France est mort ce matin des suites de ses blessures, annonce Emmanuel Macron. \u00ab\u00a0Le caporal-chef Anicet Girardin du 132\u00e8me r\u00e9giment d\u2019infanterie cynotechnique de Suippes, rapatri\u00e9 hier du Liban o\u00f9 il avait \u00e9t\u00e9 gravement bless\u00e9 par des combattants du Hezbollah, est mort ce matin des suites de ses blessures. Il est mort pour la France\u00a0\u00bb, \u00e9crit le pr\u00e9sident fran\u00e7ais dans un message post\u00e9 sur X. Et d&rsquo;ajouter : \u00ab\u00a0La Nation, qui rendra demain un hommage \u00e0 l\u2019adjudant Florian Montorio mortellement touch\u00e9 au cours de la m\u00eame embuscade, salue avec \u00e9motion la m\u00e9moire du caporal-chef Anicet Girardin et son sacrifice. Elle adresse \u00e9galement ses pens\u00e9es les plus sinc\u00e8res et sa profonde compassion \u00e0 sa famille, \u00e0 ses proches, ainsi qu\u2019aux familles des autres bless\u00e9s.Elle rend hommage \u00e0 l\u2019engagement exemplaire de nos arm\u00e9es au sein de la FINUL, qui \u0153uvrent avec courage et d\u00e9termination au service de la France et de la paix au Liban\u00a0\u00bb. La c\u00e9r\u00e9monie d&rsquo;hommage, qui se tiendra \u00e0 11H30 au 17e R\u00e9giment du g\u00e9nie parachutiste de Montauban, sera pr\u00e9sid\u00e9e par la ministre des Arm\u00e9es Catherine Vautrin, en pr\u00e9sence du chef d\u2019\u00e9tat-major de l\u2019arm\u00e9e de terre, le g\u00e9n\u00e9ral Pierre Schill, a pr\u00e9cis\u00e9 le minist\u00e8re.<\/p>\n","protected":false},"excerpt":{"rendered":"<p>Gravement bless\u00e9 au Liban la semaine derni\u00e8re, un soldat fran\u00e7ais rapatri\u00e9 hier en France est mort ce matin des suites de ses blessures, annonce Emmanuel Macron. \u00ab\u00a0Le caporal-chef Anicet Girardin du 132\u00e8me r\u00e9giment d\u2019infanterie cynotechnique de Suippes, rapatri\u00e9 hier du Liban o\u00f9 il avait \u00e9t\u00e9 gravement bless\u00e9 par des combattants du Hezbollah, est mort ce [&hellip;]<\/p>\n","protected":false},"author":2,"featured_media":43976,"comment_status":"open","ping_status":"open","sticky":false,"template":"","format":"standard","meta":{"_jetpack_memberships_contains_paid_content":false,"footnotes":"","jetpack_publicize_message":"","jetpack_publicize_feature_enabled":true,"jetpack_social_post_already_shared":true,"jetpack_social_options":{"image_generator_settings":{"template":"highway","default_image_id":0,"font":"","enabled":false},"version":2},"_wpas_customize_per_network":false},"categories":[405],"tags":[],"class_list":["post-43975","post","type-post","status-publish","format-standard","has-post-thumbnail","hentry","category-actu-france-monde"],"jetpack_publicize_connections":[],"jetpack_featured_media_url":"https:\/\/i0.wp.com\/www.iceagetv.com\/radiosite\/wp-content\/uploads\/2026\/04\/capture_decran_2026-04-22_a_15.24.00_0.jpg?fit=750%2C324&ssl=1","jetpack_sharing_enabled":true,"_links":{"self":[{"href":"https:\/\/www.iceagetv.com\/radiosite\/wp-json\/wp\/v2\/posts\/43975","targetHints":{"allow":["GET"]}}],"collection":[{"href":"https:\/\/www.iceagetv.com\/radiosite\/wp-json\/wp\/v2\/posts"}],"about":[{"href":"https:\/\/www.iceagetv.com\/radiosite\/wp-json\/wp\/v2\/types\/post"}],"author":[{"embeddable":true,"href":"https:\/\/www.iceagetv.com\/radiosite\/wp-json\/wp\/v2\/users\/2"}],"replies":[{"embeddable":true,"href":"https:\/\/www.iceagetv.com\/radiosite\/wp-json\/wp\/v2\/comments?post=43975"}],"version-history":[{"count":1,"href":"https:\/\/www.iceagetv.com\/radiosite\/wp-json\/wp\/v2\/posts\/43975\/revisions"}],"predecessor-version":[{"id":43977,"href":"https:\/\/www.iceagetv.com\/radiosite\/wp-json\/wp\/v2\/posts\/43975\/revisions\/43977"}],"wp:featuredmedia":[{"embeddable":true,"href":"https:\/\/www.iceagetv.com\/radiosite\/wp-json\/wp\/v2\/media\/43976"}],"wp:attachment":[{"href":"https:\/\/www.iceagetv.com\/radiosite\/wp-json\/wp\/v2\/media?parent=43975"}],"wp:term":[{"taxonomy":"category","embeddable":true,"href":"https:\/\/www.iceagetv.com\/radiosite\/wp-json\/wp\/v2\/categories?post=43975"},{"taxonomy":"post_tag","embeddable":true,"href":"https:\/\/www.iceagetv.com\/radiosite\/wp-json\/wp\/v2\/tags?post=43975"}],"curies":[{"name":"wp","href":"https:\/\/api.w.org\/{rel}","templated":true}]}}