{"id":43984,"date":"2026-04-23T13:30:07","date_gmt":"2026-04-23T11:30:07","guid":{"rendered":"https:\/\/www.iceagetv.com\/radiosite\/?p=43984"},"modified":"2026-04-23T13:30:09","modified_gmt":"2026-04-23T11:30:09","slug":"a-montauban-hommage-national-a-florian-montorio-casque-bleu-francais-tue-au-liban","status":"publish","type":"post","link":"https:\/\/www.iceagetv.com\/radiosite\/a-montauban-hommage-national-a-florian-montorio-casque-bleu-francais-tue-au-liban\/","title":{"rendered":"A Montauban, hommage national \u00e0 Florian Montorio, Casque bleu fran\u00e7ais tu\u00e9 au Liban"},"content":{"rendered":"\n<p>Un hommage national a \u00e9t\u00e9 rendu jeudi \u00e0 Montauban au sergent-chef Florian Montorio, Casque bleu tu\u00e9 samedi dans une embuscade au Liban et l&rsquo;un des trois militaires fran\u00e7ais morts depuis le d\u00e9but de la guerre d&rsquo;Isra\u00ebl et des Etats-Unis contre l&rsquo;Iran fin f\u00e9vrier.<\/p>\n\n\n\n<p>Ag\u00e9 de 40 ans au moment de sa mort, Florian Montorio appartenait au 17e r\u00e9giment du g\u00e9nie parachutiste (RGP) de Montauban, le seul r\u00e9giment de ce type et dont la mission est d&rsquo;\u00eatre parachut\u00e9 sur le th\u00e9\u00e2tre d&rsquo;op\u00e9rations pour faciliter l&rsquo;avanc\u00e9e d&rsquo;autres troupes au sol.<\/p>\n\n\n\n<p>La c\u00e9r\u00e9monie d&rsquo;hommage a eu lieu au lendemain de la mort d&rsquo;un autre soldat bless\u00e9 dans la m\u00eame embuscade au Liban, portant \u00e0 trois le nombre de militaires fran\u00e7ais d\u00e9c\u00e9d\u00e9s depuis le d\u00e9but de cette guerre qui a embras\u00e9 la r\u00e9gion.<\/p>\n\n\n\n<p>C&rsquo;est sous un soleil \u00e9clatant, sur la vaste place d&rsquo;armes de la caserne Doumerc de cette unit\u00e9, que lui ont \u00e9t\u00e9 rendus les honneurs fun\u00e8bres militaires, lors d&rsquo;une c\u00e9r\u00e9monie pr\u00e9sid\u00e9e par la ministre des Arm\u00e9es, Catherine Vautrin, et le chef d&rsquo;\u00e9tat-major de l&rsquo;arm\u00e9e de Terre, le g\u00e9n\u00e9ral Pierre Schill, en pr\u00e9sence de Caroline de Monaco, marraine du r\u00e9giment.<\/p>\n\n\n\n<p>\u00ab\u00a0Partout o\u00f9 Florian Montorio a servi, partout il s&rsquo;est distingu\u00e9\u00a0\u00bb, a d\u00e9clar\u00e9 au cours de son discours Mme Vautrin, pr\u00e9cisant que, depuis 1978, 144 militaires fran\u00e7ais ont perdu la vie au Liban.<\/p>\n\n\n\n<p>Le militaire, toujours port\u00e9 par \u00ab\u00a0l&rsquo;\u00e9lan permanent du d\u00e9passement\u00a0\u00bb, a \u00e9t\u00e9 \u00ab\u00a0touch\u00e9 par un tir direct d&rsquo;arme l\u00e9g\u00e8re\u00a0\u00bb, a-t-elle pr\u00e9cis\u00e9.<\/p>\n\n\n\n<p>Les autorit\u00e9s fran\u00e7aises et l&rsquo;ONU ont attribu\u00e9 l&rsquo;attaque ayant caus\u00e9 sa mort dans la r\u00e9gion de Deir-Kifa au mouvement pro-iranien Hezbollah, actif dans le sud du Liban, qui a ni\u00e9 toute implication.<\/p>\n\n\n\n<p>Mercredi, le pr\u00e9sident de la R\u00e9publique, Emmanuel Macron, a annonc\u00e9 qu&rsquo;un deuxi\u00e8me militaire fran\u00e7ais de la Force int\u00e9rimaire des Nations unies au Liban (Finul), touch\u00e9 dans la m\u00eame embuscade, avait succomb\u00e9 \u00e0 ses blessures.<\/p>\n\n\n\n<p>Jeudi, Mme Vautrin a aussi rendu hommage \u00e0 ce soldat, Anicet Girardin, 31 ans: \u00ab\u00a0Je veux avoir une pens\u00e9e pour son camarade de combat\u00a0\u00bb, a-t-elle dit.<\/p>\n\n\n\n<p>Selon elle, ce caporal-chef de 31 ans, avait \u00e9t\u00e9 bless\u00e9 alors qu'\u00a0\u00bbil portait secours \u00e0 son chef d&rsquo;\u00e9l\u00e9ment qui venait de tomber\u00a0\u00bb.<\/p>\n\n\n\n<p>S&rsquo;en prendre \u00e0 des Casques bleus identifiables est \u00ab\u00a0constitutif d&rsquo;un crime de guerre\u00a0\u00bb, a soulign\u00e9 de son c\u00f4t\u00e9, \u00e9galement jeudi, le ministre des Affaires \u00e9trang\u00e8res, Jean-No\u00ebl Barrot.<\/p>\n\n\n\n<p>La Finul avait \u00e9galement rappel\u00e9 samedi que \u00ab\u00a0les attaques d\u00e9lib\u00e9r\u00e9es contre les Casques bleus constituent de graves violations du droit international humanitaire ainsi que de la r\u00e9solution 1701 du Conseil de s\u00e9curit\u00e9, et peuvent s&rsquo;apparenter \u00e0 des crimes de guerre\u00a0\u00bb.<\/p>\n\n\n\n<p>-\u00ab\u00a0marche silencieuse\u00a0\u00bb-<\/p>\n\n\n\n<p>P\u00e8re de deux filles de 9 et 15 ans, Florian Montorio avait rejoint le 17e RGP en 2021 et devait retourner \u00e0 la vie civile \u00ab\u00a0d&rsquo;ici quelques mois\u00a0\u00bb, a soulign\u00e9 samedi le responsable de ce r\u00e9giment, le colonel J\u00e9r\u00e9my Akil.<\/p>\n\n\n\n<p>Jeudi, apr\u00e8s la c\u00e9r\u00e9monie militaire, la mairie de Montauban a \u00e9galement organis\u00e9 une \u00ab\u00a0marche silencieuse\u00a0\u00bb: depuis la caserne, un cort\u00e8ge partira pour rejoindre une \u00e9glise de la ville o\u00f9 une messe sera c\u00e9l\u00e9br\u00e9e.<\/p>\n\n\n\n<p>Les Montalbanais pourront \u00ab\u00a0stationner tout le long\u00a0\u00bb et \u00ab\u00a0rendre par leur pr\u00e9sence un hommage au militaire qui a \u00e9t\u00e9 tu\u00e9\u00a0\u00bb, a expliqu\u00e9 \u00e0 l&rsquo;AFP Didier Lallemand, le maire (UDR) de la ville, rappelant \u00ab\u00a0le lien historiquement tr\u00e8s \u00e9troit\u00a0\u00bb entre l&rsquo;arm\u00e9e et la population locale.<\/p>\n\n\n\n<p>\u00ab\u00a0D\u00e8s l&rsquo;annonce du d\u00e9c\u00e8s de ce militaire, il y a vraiment eu une \u00e9motion qui s&rsquo;est empar\u00e9e de la ville\u00a0\u00bb, a-t-il dit soulignant que \u00ab\u00a0l&rsquo;arm\u00e9e \u00e0 Montauban, c&rsquo;est 3.500 militaires, donc c&rsquo;est 3.500 familles, ce sont des enfants qui vont \u00e0 l&rsquo;\u00e9cole \u00e0 Montauban, qui fr\u00e9quentent les clubs sportifs, qui assistent aux manifestations\u00a0\u00bb.<\/p>\n","protected":false},"excerpt":{"rendered":"<p>Un hommage national a \u00e9t\u00e9 rendu jeudi \u00e0 Montauban au sergent-chef Florian Montorio, Casque bleu tu\u00e9 samedi dans une embuscade au Liban et l&rsquo;un des trois militaires fran\u00e7ais morts depuis le d\u00e9but de la guerre d&rsquo;Isra\u00ebl et des Etats-Unis contre l&rsquo;Iran fin f\u00e9vrier. Ag\u00e9 de 40 ans au moment de sa mort, Florian Montorio appartenait [&hellip;]<\/p>\n","protected":false},"author":2,"featured_media":43985,"comment_status":"open","ping_status":"open","sticky":false,"template":"","format":"standard","meta":{"_jetpack_memberships_contains_paid_content":false,"footnotes":"","jetpack_publicize_message":"","jetpack_publicize_feature_enabled":true,"jetpack_social_post_already_shared":true,"jetpack_social_options":{"image_generator_settings":{"template":"highway","default_image_id":0,"font":"","enabled":false},"version":2},"_wpas_customize_per_network":false},"categories":[405],"tags":[],"class_list":["post-43984","post","type-post","status-publish","format-standard","has-post-thumbnail","hentry","category-actu-france-monde"],"jetpack_publicize_connections":[],"jetpack_featured_media_url":"https:\/\/i0.wp.com\/www.iceagetv.com\/radiosite\/wp-content\/uploads\/2026\/04\/hommage-national-a-Florian-Montorio.jpg?fit=739%2C337&ssl=1","jetpack_sharing_enabled":true,"_links":{"self":[{"href":"https:\/\/www.iceagetv.com\/radiosite\/wp-json\/wp\/v2\/posts\/43984","targetHints":{"allow":["GET"]}}],"collection":[{"href":"https:\/\/www.iceagetv.com\/radiosite\/wp-json\/wp\/v2\/posts"}],"about":[{"href":"https:\/\/www.iceagetv.com\/radiosite\/wp-json\/wp\/v2\/types\/post"}],"author":[{"embeddable":true,"href":"https:\/\/www.iceagetv.com\/radiosite\/wp-json\/wp\/v2\/users\/2"}],"replies":[{"embeddable":true,"href":"https:\/\/www.iceagetv.com\/radiosite\/wp-json\/wp\/v2\/comments?post=43984"}],"version-history":[{"count":1,"href":"https:\/\/www.iceagetv.com\/radiosite\/wp-json\/wp\/v2\/posts\/43984\/revisions"}],"predecessor-version":[{"id":43986,"href":"https:\/\/www.iceagetv.com\/radiosite\/wp-json\/wp\/v2\/posts\/43984\/revisions\/43986"}],"wp:featuredmedia":[{"embeddable":true,"href":"https:\/\/www.iceagetv.com\/radiosite\/wp-json\/wp\/v2\/media\/43985"}],"wp:attachment":[{"href":"https:\/\/www.iceagetv.com\/radiosite\/wp-json\/wp\/v2\/media?parent=43984"}],"wp:term":[{"taxonomy":"category","embeddable":true,"href":"https:\/\/www.iceagetv.com\/radiosite\/wp-json\/wp\/v2\/categories?post=43984"},{"taxonomy":"post_tag","embeddable":true,"href":"https:\/\/www.iceagetv.com\/radiosite\/wp-json\/wp\/v2\/tags?post=43984"}],"curies":[{"name":"wp","href":"https:\/\/api.w.org\/{rel}","templated":true}]}}