{"id":44016,"date":"2026-04-25T09:43:22","date_gmt":"2026-04-25T07:43:22","guid":{"rendered":"https:\/\/www.iceagetv.com\/radiosite\/?p=44016"},"modified":"2026-04-25T09:43:24","modified_gmt":"2026-04-25T07:43:24","slug":"eurovision-de-la-chanson-pour-protester-contre-la-presence-disrael-plusieurs-teles-europeennes-dont-lespagne-lirlande-et-la-slovenie-annoncent-quelles-ne-retransmettront-pas-led","status":"publish","type":"post","link":"https:\/\/www.iceagetv.com\/radiosite\/eurovision-de-la-chanson-pour-protester-contre-la-presence-disrael-plusieurs-teles-europeennes-dont-lespagne-lirlande-et-la-slovenie-annoncent-quelles-ne-retransmettront-pas-led\/","title":{"rendered":"Eurovision de la chanson : Pour protester contre la pr\u00e9sence d&rsquo;Isra\u00ebl, plusieurs t\u00e9l\u00e9s europ\u00e9ennes, dont l&rsquo;Espagne, l&rsquo;Irlande et la Slov\u00e9nie, annoncent qu&rsquo;elles ne retransmettront pas l\u2019\u00e9dition 2026"},"content":{"rendered":"\n<p>Plusieurs diffuseurs publics europ\u00e9ens ont annonc\u00e9 qu\u2019ils ne retransmettraient pas l\u2019\u00e9dition 2026 du Concours Eurovision de la chanson pour protester contre la participation d\u2019Isra\u00ebl. Selon des informations rapport\u00e9es par The Guardian, l\u2019Irlande, l\u2019Espagne et la Slov\u00e9nie ont d\u00e9cid\u00e9 de ne pas diffuser l\u2019\u00e9v\u00e9nement sur leurs cha\u00eenes nationales. La t\u00e9l\u00e9vision publique slov\u00e8ne RTV Slovenia a confirm\u00e9 un blackout complet du concours.<\/p>\n\n\n\n<p>\u00c0 la place, elle programmera une s\u00e9rie intitul\u00e9e \u00ab Voices of Palestine \u00bb, compos\u00e9e de documentaires et de films consacr\u00e9s aux Palestiniens.<\/p>\n\n\n\n<p>Sa directrice, Ksenija Horvat, a indiqu\u00e9 \u00e0 l\u2019Associated Press que la cha\u00eene ne retransmettrait pas l\u2019Eurovision cette ann\u00e9e. En Espagne, RTVE a \u00e9galement confirm\u00e9 qu\u2019elle ne diffuserait pas le concours, une premi\u00e8re depuis l\u2019entr\u00e9e du pays dans la comp\u00e9tition en 1961.<\/p>\n\n\n\n<p>En Irlande, RT\u00c9 avait d\u00e9j\u00e0 annonc\u00e9 en d\u00e9cembre qu\u2019elle ne participerait pas et ne retransmettrait pas non plus l\u2019\u00e9v\u00e9nement.<\/p>\n\n\n\n<p>D\u2019autres pays ont pris leurs distances avec cette \u00e9dition. Les Pays-Bas et l\u2019Islande se sont retir\u00e9s de la comp\u00e9tition, tout en maintenant la diffusion sur leurs cha\u00eenes publiques respectives.<\/p>\n\n\n\n<p>Au total, 35 pays doivent participer \u00e0 cette \u00e9dition anniversaire marquant les 70 ans du concours, organis\u00e9e \u00e0 Vienne du 12 au 16 mai. Isra\u00ebl sera repr\u00e9sent\u00e9 par Noam Bettan, 28 ans, avec la chanson \u00ab Michelle \u00bb, interpr\u00e9t\u00e9e en fran\u00e7ais, en h\u00e9breu et en anglais lors de la premi\u00e8re demi-finale.<\/p>\n\n\n\n<p>Ces deux derni\u00e8res ann\u00e9es, les repr\u00e9sentants isra\u00e9liens ont \u00e9t\u00e9 hu\u00e9s pendant le concours, malgr\u00e9 la deuxi\u00e8me place obtenue l\u2019an dernier par Yuval Raphael gr\u00e2ce au vote du public..&nbsp;<\/p>\n","protected":false},"excerpt":{"rendered":"<p>Plusieurs diffuseurs publics europ\u00e9ens ont annonc\u00e9 qu\u2019ils ne retransmettraient pas l\u2019\u00e9dition 2026 du Concours Eurovision de la chanson pour protester contre la participation d\u2019Isra\u00ebl. Selon des informations rapport\u00e9es par The Guardian, l\u2019Irlande, l\u2019Espagne et la Slov\u00e9nie ont d\u00e9cid\u00e9 de ne pas diffuser l\u2019\u00e9v\u00e9nement sur leurs cha\u00eenes nationales. La t\u00e9l\u00e9vision publique slov\u00e8ne RTV Slovenia a confirm\u00e9 [&hellip;]<\/p>\n","protected":false},"author":2,"featured_media":44017,"comment_status":"open","ping_status":"open","sticky":false,"template":"","format":"standard","meta":{"_jetpack_memberships_contains_paid_content":false,"footnotes":"","jetpack_publicize_message":"","jetpack_publicize_feature_enabled":true,"jetpack_social_post_already_shared":true,"jetpack_social_options":{"image_generator_settings":{"template":"highway","default_image_id":0,"font":"","enabled":false},"version":2},"_wpas_customize_per_network":false},"categories":[68],"tags":[],"class_list":["post-44016","post","type-post","status-publish","format-standard","has-post-thumbnail","hentry","category-actu-culturelle"],"jetpack_publicize_connections":[],"jetpack_featured_media_url":"https:\/\/i0.wp.com\/www.iceagetv.com\/radiosite\/wp-content\/uploads\/2026\/04\/CmJ74Tri.jpg?fit=679%2C293&ssl=1","jetpack_sharing_enabled":true,"_links":{"self":[{"href":"https:\/\/www.iceagetv.com\/radiosite\/wp-json\/wp\/v2\/posts\/44016","targetHints":{"allow":["GET"]}}],"collection":[{"href":"https:\/\/www.iceagetv.com\/radiosite\/wp-json\/wp\/v2\/posts"}],"about":[{"href":"https:\/\/www.iceagetv.com\/radiosite\/wp-json\/wp\/v2\/types\/post"}],"author":[{"embeddable":true,"href":"https:\/\/www.iceagetv.com\/radiosite\/wp-json\/wp\/v2\/users\/2"}],"replies":[{"embeddable":true,"href":"https:\/\/www.iceagetv.com\/radiosite\/wp-json\/wp\/v2\/comments?post=44016"}],"version-history":[{"count":1,"href":"https:\/\/www.iceagetv.com\/radiosite\/wp-json\/wp\/v2\/posts\/44016\/revisions"}],"predecessor-version":[{"id":44018,"href":"https:\/\/www.iceagetv.com\/radiosite\/wp-json\/wp\/v2\/posts\/44016\/revisions\/44018"}],"wp:featuredmedia":[{"embeddable":true,"href":"https:\/\/www.iceagetv.com\/radiosite\/wp-json\/wp\/v2\/media\/44017"}],"wp:attachment":[{"href":"https:\/\/www.iceagetv.com\/radiosite\/wp-json\/wp\/v2\/media?parent=44016"}],"wp:term":[{"taxonomy":"category","embeddable":true,"href":"https:\/\/www.iceagetv.com\/radiosite\/wp-json\/wp\/v2\/categories?post=44016"},{"taxonomy":"post_tag","embeddable":true,"href":"https:\/\/www.iceagetv.com\/radiosite\/wp-json\/wp\/v2\/tags?post=44016"}],"curies":[{"name":"wp","href":"https:\/\/api.w.org\/{rel}","templated":true}]}}