{"id":44085,"date":"2026-04-28T12:59:28","date_gmt":"2026-04-28T10:59:28","guid":{"rendered":"https:\/\/www.iceagetv.com\/radiosite\/?p=44085"},"modified":"2026-04-28T12:59:30","modified_gmt":"2026-04-28T10:59:30","slug":"disparition-de-manon-relandeau-en-loire-atlantique-son-conjoint-interpelle-en-algerie","status":"publish","type":"post","link":"https:\/\/www.iceagetv.com\/radiosite\/disparition-de-manon-relandeau-en-loire-atlantique-son-conjoint-interpelle-en-algerie\/","title":{"rendered":"Disparition de Manon Relandeau en Loire-Atlantique: son conjoint interpell\u00e9 en Alg\u00e9rie"},"content":{"rendered":"\n<p>Le conjoint de Manon Relandeau, jeune m\u00e8re de famille de la r\u00e9gion nantaise qui n&rsquo;a plus donn\u00e9 signe de vie depuis un mois, a \u00e9t\u00e9 interpell\u00e9 en Alg\u00e9rie ce lundi. Deux proches du compagnon ont \u00e9galement \u00e9t\u00e9 mises en examen pour \u00ab\u00a0association de malfaiteurs\u00a0\u00bb dans cette affaire.<\/p>\n\n\n\n<p>Le conjoint de Manon Relandeau, jeune m\u00e8re de famille de la r\u00e9gion nantaise\u00a0<a href=\"https:\/\/www.bfmtv.com\/police-justice\/nous-ne-negligeons-aucune-piste-apres-la-disparition-de-manon-relandeau-pres-de-nantes-l-inquietude-grandit-en-loire-atlantique_AN-202604220721.html\">qui n&rsquo;a plus donn\u00e9 signe de vie<\/a>\u00a0depuis le 27 mars, a \u00e9t\u00e9 interpell\u00e9 en Alg\u00e9rie ce lundi 27 avril, a appris BFMTV aupr\u00e8s du parquet de Nantes confirmant une information de\u00a0<a href=\"https:\/\/www.ouest-france.fr\/societe\/faits-divers\/disparition-de-manon-en-loire-atlantique-son-conjoint-soupconne-de-meurtre-et-denlevement-interpelle-en-algerie-f6839948-420a-11f1-bf08-96ac50387fe7\" target=\"_blank\" rel=\"noreferrer noopener\">Presse-Oc\u00e9an<\/a>. La fille du couple, Inaya, qui \u00e9tait \u00e9galement port\u00e9e disparue, se trouvait avec lui.L&rsquo;homme va \u00eatre d\u00e9f\u00e9r\u00e9 devant un parquet local en Alg\u00e9rie, a indiqu\u00e9 une source proche du dossier \u00e0 BFMTV.<\/p>\n\n\n\n<p>Dans le cadre de cette disparition, deux personnes ont \u00e9galement \u00e9t\u00e9 mises en examen pour \u00ab\u00a0association de malfaiteurs en vue de la pr\u00e9paration d\u2019un crime\u00a0\u00bb et \u00ab\u00a0modification des lieux d\u2019un crime\u00a0\u00bb les 22 et 23 avril. Selon les informations de RMC, il s&rsquo;agit de deux proches du conjoint de Manon Relandeau, soup\u00e7onn\u00e9s d&rsquo;avoir aid\u00e9 ce dernier dans sa logistique avant son d\u00e9part en Alg\u00e9rie.<\/p>\n\n\n\n<p>Ils ont tous deux \u00e9t\u00e9 plac\u00e9s en d\u00e9tention provisoire, a ajout\u00e9 le parquet de NantesDisparue depuis un mois<\/p>\n\n\n\n<p>L&rsquo;homme de 41 ans avait pris l&rsquo;avion le 2 avril avec leur fille de 15 mois \u00e0 destination de l&rsquo;Alg\u00e9rie, selon le parquet de Nantes, qui a ouvert une enqu\u00eate pour \u00ab\u00a0enl\u00e8vement de mineure\u00a0\u00bb et \u00ab\u00a0meurtre par conjoint\u00a0\u00bb.<\/p>\n\n\n\n<p>Manon Relandeau est une jeune agricultrice de 31 ans, g\u00e9rante d&rsquo;une pension pour chevaux \u00e0 Saint-\u00c9tienne-de-Montluc (Loire-Atlantique). Elle a disparu sans laisser de traces avec sa fille Inaya, \u00e2g\u00e9e de 15 mois. Dans les colonnes de&nbsp;<a href=\"https:\/\/www.ouest-france.fr\/faits-divers\/disparition\/exclusif-on-a-espoir-de-la-retrouver-apres-la-disparition-de-manon-relandeau-et-son-bebe-ses-proches-temoignent-235f4dee-3e6a-11f1-9f14-5006fd1ed889\" target=\"_blank\" rel=\"noreferrer noopener\">Ouest-France<\/a>&nbsp;il y a quelques jours, les proches de Manon Relandeau d\u00e9crivaient une femme \u00ab\u00a0douce, bienveillante envers les autres, toujours souriante et positive\u00a0\u00bb.<\/p>\n\n\n\n<p><a href=\"https:\/\/www.bfmtv.com\/loire-atlantique\/on-pense-encore-a-une-sequestration-les-proches-de-manon-relandeau-disparue-avec-son-bebe-en-loire-atlantique-gardent-espoir_AN-202604230153.html\">Sa marraine \u00e9voquait \u00e9galement un conjoint possessif<\/a>, \u00e0 la jalousie excessive: \u00ab\u00a0elle a pris conscience que son couple ne fonctionnait pas normalement. Il y avait beaucoup de jalousie. Il l&#8217;emp\u00eachait de parler \u00e0 des hommes, la coupait de sa famille\u00a0\u00bb.<\/p>\n","protected":false},"excerpt":{"rendered":"<p>Le conjoint de Manon Relandeau, jeune m\u00e8re de famille de la r\u00e9gion nantaise qui n&rsquo;a plus donn\u00e9 signe de vie depuis un mois, a \u00e9t\u00e9 interpell\u00e9 en Alg\u00e9rie ce lundi. Deux proches du compagnon ont \u00e9galement \u00e9t\u00e9 mises en examen pour \u00ab\u00a0association de malfaiteurs\u00a0\u00bb dans cette affaire. Le conjoint de Manon Relandeau, jeune m\u00e8re de [&hellip;]<\/p>\n","protected":false},"author":2,"featured_media":44086,"comment_status":"open","ping_status":"open","sticky":false,"template":"","format":"standard","meta":{"_jetpack_memberships_contains_paid_content":false,"footnotes":"","jetpack_publicize_message":"","jetpack_publicize_feature_enabled":true,"jetpack_social_post_already_shared":true,"jetpack_social_options":{"image_generator_settings":{"template":"highway","default_image_id":0,"font":"","enabled":false},"version":2},"_wpas_customize_per_network":false},"categories":[405],"tags":[],"class_list":["post-44085","post","type-post","status-publish","format-standard","has-post-thumbnail","hentry","category-actu-france-monde"],"jetpack_publicize_connections":[],"jetpack_featured_media_url":"https:\/\/i0.wp.com\/www.iceagetv.com\/radiosite\/wp-content\/uploads\/2026\/04\/Disparition-de-Manon-Relandeau-en-Loire-Atlantique.jpg?fit=678%2C398&ssl=1","jetpack_sharing_enabled":true,"_links":{"self":[{"href":"https:\/\/www.iceagetv.com\/radiosite\/wp-json\/wp\/v2\/posts\/44085","targetHints":{"allow":["GET"]}}],"collection":[{"href":"https:\/\/www.iceagetv.com\/radiosite\/wp-json\/wp\/v2\/posts"}],"about":[{"href":"https:\/\/www.iceagetv.com\/radiosite\/wp-json\/wp\/v2\/types\/post"}],"author":[{"embeddable":true,"href":"https:\/\/www.iceagetv.com\/radiosite\/wp-json\/wp\/v2\/users\/2"}],"replies":[{"embeddable":true,"href":"https:\/\/www.iceagetv.com\/radiosite\/wp-json\/wp\/v2\/comments?post=44085"}],"version-history":[{"count":1,"href":"https:\/\/www.iceagetv.com\/radiosite\/wp-json\/wp\/v2\/posts\/44085\/revisions"}],"predecessor-version":[{"id":44087,"href":"https:\/\/www.iceagetv.com\/radiosite\/wp-json\/wp\/v2\/posts\/44085\/revisions\/44087"}],"wp:featuredmedia":[{"embeddable":true,"href":"https:\/\/www.iceagetv.com\/radiosite\/wp-json\/wp\/v2\/media\/44086"}],"wp:attachment":[{"href":"https:\/\/www.iceagetv.com\/radiosite\/wp-json\/wp\/v2\/media?parent=44085"}],"wp:term":[{"taxonomy":"category","embeddable":true,"href":"https:\/\/www.iceagetv.com\/radiosite\/wp-json\/wp\/v2\/categories?post=44085"},{"taxonomy":"post_tag","embeddable":true,"href":"https:\/\/www.iceagetv.com\/radiosite\/wp-json\/wp\/v2\/tags?post=44085"}],"curies":[{"name":"wp","href":"https:\/\/api.w.org\/{rel}","templated":true}]}}