{"id":44088,"date":"2026-04-28T13:53:42","date_gmt":"2026-04-28T11:53:42","guid":{"rendered":"https:\/\/www.iceagetv.com\/radiosite\/?p=44088"},"modified":"2026-04-28T13:53:43","modified_gmt":"2026-04-28T11:53:43","slug":"hommage-national-a-anicet-girardin-un-enfant-de-la-marne-declare-catherine-vautrin-ministre-des-armees","status":"publish","type":"post","link":"https:\/\/www.iceagetv.com\/radiosite\/hommage-national-a-anicet-girardin-un-enfant-de-la-marne-declare-catherine-vautrin-ministre-des-armees\/","title":{"rendered":"Hommage national \u00e0 Anicet Girardin\u00a0: un \u00ab\u00a0enfant de la Marne\u00a0\u00bb d\u00e9clare Catherine Vautrin ministre des Arm\u00e9es"},"content":{"rendered":"\n<p>Un hommage national a \u00e9t\u00e9 rendu ce mardi au militaire r\u00e9mois Anicet Girardin, mort le 22 avril des suites de ses blessures en op\u00e9ration au Liban, au sein de son r\u00e9giment de Suippes (Marne). Il a \u00e9t\u00e9 d\u00e9cor\u00e9 de la l\u00e9gion d&rsquo;honneur \u00e0 titre posthume.<\/p>\n\n\n\n<p>Un\u00a0<a href=\"https:\/\/www.ici.fr\/grand-est\/marne-51\/suippes\/un-hommage-national-sera-rendu-au-caporal-chef-remois-anicet-girardin-annonce-la-ministre-des-armees-catherine-vautrin-7300625\">hommage national au sergent Anicet Girardin,<\/a>\u00a0militaire r\u00e9mois de 31 ans\u00a0<a href=\"https:\/\/www.ici.fr\/infos\/international\/guerre-au-moyen-orient-un-deuxieme-militaire-francais-est-mort-des-suites-de-ses-blessures-au-liban-6920750\">mort le 22 avril des suites de ses blessures au Liban s&rsquo;est tenu ce mardi 28 avril \u00e0 Suippes (Marne).<\/a>\u00a0<strong>La ministre des Arm\u00e9es, la R\u00e9moise Catherine Vautrin, a pr\u00e9sid\u00e9 la c\u00e9r\u00e9monie<\/strong>\u00a0au 132e r\u00e9giment d&rsquo;infanterie cynotechnique auquel appartenait le Fran\u00e7ais,\u00a0<strong>promu \u00e0 titre posthume au grade de sergent.<\/strong>\u00a0Il est le troisi\u00e8me membre de l&rsquo;arm\u00e9e fran\u00e7aise tu\u00e9 depuis le d\u00e9but de la guerre men\u00e9e par les Etats-Unis et Isra\u00ebl en Iran le 28 f\u00e9vrier, conflit qui a embras\u00e9 plusieurs pays du Moyen-Orient. Anicet Girardin est mort en mission pour la Force int\u00e9rimaire des Nations unies au Liban (Finul).Elle a \u00e9galement rendu hommage \u00e0 un&nbsp;<em>\u00ab\u00a0enfant de la Marne et de la Champagne.\u00a0\u00bb<\/em>&nbsp;La ministre a rajout\u00e9 qu&rsquo;\u00e0&nbsp;<em>\u00ab\u00a0Juniville au sud des Ardennes c&rsquo;est tout un village qui l&rsquo;a vu grandir.\u00a0\u00bb<\/em>&nbsp;Anicet Girardin mort&nbsp;<em>\u00ab\u00a0avec bravoure et fid\u00e9lit\u00e9\u00a0\u00bb<\/em>&nbsp;a \u00e9t\u00e9&nbsp;<strong>d\u00e9cor\u00e9 \u00e0 titre posthume de la l\u00e9gion d&rsquo;honneur<\/strong>, de la croix de la valeur militaire et de la m\u00e9daille militaire. Il \u00e9tait aussi ma\u00eetre-chien. Il formait un bin\u00f4me avec Ros depuis 2020. A l&rsquo;occasion de l&rsquo;hommage rendu au militaire, l&rsquo;animal qui l&rsquo;accompagnait dans ses missions a \u00e9t\u00e9 d\u00e9cor\u00e9 de la Croix de la valeur militaire avec \u00e9toile de bronze.<\/p>\n\n\n\n<p>C&rsquo;est d&rsquo;ailleurs l&rsquo;une des images fortes de la matin\u00e9e&nbsp;: la sortie du cercueil du sergent Anicet Girardin drap\u00e9 du drapeau tricolore,&nbsp;<strong>suivi par sa famille dont la veuve du militaire r\u00e9mois qui tenait en laisse Ros.<\/strong><\/p>\n","protected":false},"excerpt":{"rendered":"<p>Un hommage national a \u00e9t\u00e9 rendu ce mardi au militaire r\u00e9mois Anicet Girardin, mort le 22 avril des suites de ses blessures en op\u00e9ration au Liban, au sein de son r\u00e9giment de Suippes (Marne). Il a \u00e9t\u00e9 d\u00e9cor\u00e9 de la l\u00e9gion d&rsquo;honneur \u00e0 titre posthume. Un\u00a0hommage national au sergent Anicet Girardin,\u00a0militaire r\u00e9mois de 31 ans\u00a0mort [&hellip;]<\/p>\n","protected":false},"author":2,"featured_media":44089,"comment_status":"open","ping_status":"open","sticky":false,"template":"","format":"standard","meta":{"_jetpack_memberships_contains_paid_content":false,"footnotes":"","jetpack_publicize_message":"","jetpack_publicize_feature_enabled":true,"jetpack_social_post_already_shared":true,"jetpack_social_options":{"image_generator_settings":{"template":"highway","default_image_id":0,"font":"","enabled":false},"version":2},"_wpas_customize_per_network":false},"categories":[405],"tags":[],"class_list":["post-44088","post","type-post","status-publish","format-standard","has-post-thumbnail","hentry","category-actu-france-monde"],"jetpack_publicize_connections":[],"jetpack_featured_media_url":"https:\/\/i0.wp.com\/www.iceagetv.com\/radiosite\/wp-content\/uploads\/2026\/04\/Hommage-national-a-Anicet-Girardin.jpg?fit=646%2C337&ssl=1","jetpack_sharing_enabled":true,"_links":{"self":[{"href":"https:\/\/www.iceagetv.com\/radiosite\/wp-json\/wp\/v2\/posts\/44088","targetHints":{"allow":["GET"]}}],"collection":[{"href":"https:\/\/www.iceagetv.com\/radiosite\/wp-json\/wp\/v2\/posts"}],"about":[{"href":"https:\/\/www.iceagetv.com\/radiosite\/wp-json\/wp\/v2\/types\/post"}],"author":[{"embeddable":true,"href":"https:\/\/www.iceagetv.com\/radiosite\/wp-json\/wp\/v2\/users\/2"}],"replies":[{"embeddable":true,"href":"https:\/\/www.iceagetv.com\/radiosite\/wp-json\/wp\/v2\/comments?post=44088"}],"version-history":[{"count":1,"href":"https:\/\/www.iceagetv.com\/radiosite\/wp-json\/wp\/v2\/posts\/44088\/revisions"}],"predecessor-version":[{"id":44090,"href":"https:\/\/www.iceagetv.com\/radiosite\/wp-json\/wp\/v2\/posts\/44088\/revisions\/44090"}],"wp:featuredmedia":[{"embeddable":true,"href":"https:\/\/www.iceagetv.com\/radiosite\/wp-json\/wp\/v2\/media\/44089"}],"wp:attachment":[{"href":"https:\/\/www.iceagetv.com\/radiosite\/wp-json\/wp\/v2\/media?parent=44088"}],"wp:term":[{"taxonomy":"category","embeddable":true,"href":"https:\/\/www.iceagetv.com\/radiosite\/wp-json\/wp\/v2\/categories?post=44088"},{"taxonomy":"post_tag","embeddable":true,"href":"https:\/\/www.iceagetv.com\/radiosite\/wp-json\/wp\/v2\/tags?post=44088"}],"curies":[{"name":"wp","href":"https:\/\/api.w.org\/{rel}","templated":true}]}}