{"id":44116,"date":"2026-04-29T16:30:01","date_gmt":"2026-04-29T14:30:01","guid":{"rendered":"https:\/\/www.iceagetv.com\/radiosite\/?p=44116"},"modified":"2026-04-29T16:30:03","modified_gmt":"2026-04-29T14:30:03","slug":"carburants-le-premier-ministre-sebastien-lecornu-appelle-totalenergies-a-redistribuer-ses-eventuels-profits-exceptionnels-apres-lannonce-dun-benefice-en-hausse-de-plus-de-50","status":"publish","type":"post","link":"https:\/\/www.iceagetv.com\/radiosite\/carburants-le-premier-ministre-sebastien-lecornu-appelle-totalenergies-a-redistribuer-ses-eventuels-profits-exceptionnels-apres-lannonce-dun-benefice-en-hausse-de-plus-de-50\/","title":{"rendered":"Carburants: Le Premier ministre S\u00e9bastien Lecornu appelle TotalEnergies \u00e0 \u00ab\u00a0redistribuer\u00a0\u00bb ses \u00e9ventuels profits \u00ab\u00a0exceptionnels\u00a0\u00bb, apr\u00e8s l&rsquo;annonce d&rsquo;un b\u00e9n\u00e9fice en hausse de plus de 50%"},"content":{"rendered":"\n<p><strong>Le Premier ministre S\u00e9bastien Lecornu appelle TotalEnergies \u00e0 \u00ab\u00a0redistribuer\u00a0\u00bb ses \u00e9ventuels profits \u00ab exceptionnels\u00a0\u00bb.&nbsp;<\/strong><strong>\u00ab\u00a0<\/strong><strong>S\u2019il y a des r\u00e9sultats exceptionnels, \u00e7a pose la question d\u2019une redistribution qui peut \u00eatre ou pas \u00e0 proportion ou pas exceptionnel. C\u2019est un dispositif assez noble\u00a0\u00bb, a-t-il d\u00e9clar\u00e9 cet apr\u00e8s-midi depuis le S\u00e9nat.&nbsp;<\/strong><\/p>\n\n\n\n<p>.<\/p>\n\n\n\n<p>Les automobilistes sont-ils des vaches \u00e0 lait et que fait le gouvernement ? Deux questions qui vont revenir en boucle toute la journ\u00e9e apr\u00e8s l&rsquo;annonce choc par Total Energies, des comptes trimestriels en nette am\u00e9lioration, tir\u00e9s par la hausse des cours des hydrocarbures, elle-m\u00eame due \u00e0 l&rsquo;\u00e9clatement du conflit en Iran, fin f\u00e9vrier.<\/p>\n\n\n\n<p><strong>De janvier \u00e0 mars, la soci\u00e9t\u00e9 a d\u00e9gag\u00e9 un b\u00e9n\u00e9fice net consolid\u00e9 de 5,8 milliards de dollars, en hausse de 51% sur un an.<\/strong><\/p>\n\n\n\n<p><strong>Le r\u00e9sultat net ajust\u00e9, s&rsquo;est lui \u00e9tabli \u00e0 5,4 milliards de dollars en progression de 29%.<\/strong><\/p>\n\n\n\n<p>Par rapport au r\u00e9sultat net consolid\u00e9, le r\u00e9sultat net ajust\u00e9 exclut certains \u00e9l\u00e9ments non r\u00e9currents, comme des variations de juste valeur.<\/p>\n\n\n\n<p>Par exemple, en 2022, lorsque Totalenergies avait inscrit une provision de 4,1 milliards de dollars sur certains actifs russes en raison de la guerre en Ukraine, cette charge avait affect\u00e9 le r\u00e9sultat net mais pas le r\u00e9sultat net ajust\u00e9.<\/p>\n\n\n\n<p>La veille son rival britannique BP avait vu son b\u00e9n\u00e9fice net \u00eatre multipli\u00e9 par plus de cinq \u00e0 3,84 milliards de dollars.<\/p>\n","protected":false},"excerpt":{"rendered":"<p>Le Premier ministre S\u00e9bastien Lecornu appelle TotalEnergies \u00e0 \u00ab\u00a0redistribuer\u00a0\u00bb ses \u00e9ventuels profits \u00ab exceptionnels\u00a0\u00bb.&nbsp;\u00ab\u00a0S\u2019il y a des r\u00e9sultats exceptionnels, \u00e7a pose la question d\u2019une redistribution qui peut \u00eatre ou pas \u00e0 proportion ou pas exceptionnel. C\u2019est un dispositif assez noble\u00a0\u00bb, a-t-il d\u00e9clar\u00e9 cet apr\u00e8s-midi depuis le S\u00e9nat.&nbsp; . Les automobilistes sont-ils des vaches \u00e0 lait [&hellip;]<\/p>\n","protected":false},"author":2,"featured_media":44117,"comment_status":"open","ping_status":"open","sticky":false,"template":"","format":"standard","meta":{"_jetpack_memberships_contains_paid_content":false,"footnotes":"","jetpack_publicize_message":"","jetpack_publicize_feature_enabled":true,"jetpack_social_post_already_shared":true,"jetpack_social_options":{"image_generator_settings":{"template":"highway","default_image_id":0,"font":"","enabled":false},"version":2},"_wpas_customize_per_network":false},"categories":[405],"tags":[],"class_list":["post-44116","post","type-post","status-publish","format-standard","has-post-thumbnail","hentry","category-actu-france-monde"],"jetpack_publicize_connections":[],"jetpack_featured_media_url":"https:\/\/i0.wp.com\/www.iceagetv.com\/radiosite\/wp-content\/uploads\/2026\/04\/Capture-decran-2026-04-29-162914.jpg?fit=807%2C352&ssl=1","jetpack_sharing_enabled":true,"_links":{"self":[{"href":"https:\/\/www.iceagetv.com\/radiosite\/wp-json\/wp\/v2\/posts\/44116","targetHints":{"allow":["GET"]}}],"collection":[{"href":"https:\/\/www.iceagetv.com\/radiosite\/wp-json\/wp\/v2\/posts"}],"about":[{"href":"https:\/\/www.iceagetv.com\/radiosite\/wp-json\/wp\/v2\/types\/post"}],"author":[{"embeddable":true,"href":"https:\/\/www.iceagetv.com\/radiosite\/wp-json\/wp\/v2\/users\/2"}],"replies":[{"embeddable":true,"href":"https:\/\/www.iceagetv.com\/radiosite\/wp-json\/wp\/v2\/comments?post=44116"}],"version-history":[{"count":1,"href":"https:\/\/www.iceagetv.com\/radiosite\/wp-json\/wp\/v2\/posts\/44116\/revisions"}],"predecessor-version":[{"id":44118,"href":"https:\/\/www.iceagetv.com\/radiosite\/wp-json\/wp\/v2\/posts\/44116\/revisions\/44118"}],"wp:featuredmedia":[{"embeddable":true,"href":"https:\/\/www.iceagetv.com\/radiosite\/wp-json\/wp\/v2\/media\/44117"}],"wp:attachment":[{"href":"https:\/\/www.iceagetv.com\/radiosite\/wp-json\/wp\/v2\/media?parent=44116"}],"wp:term":[{"taxonomy":"category","embeddable":true,"href":"https:\/\/www.iceagetv.com\/radiosite\/wp-json\/wp\/v2\/categories?post=44116"},{"taxonomy":"post_tag","embeddable":true,"href":"https:\/\/www.iceagetv.com\/radiosite\/wp-json\/wp\/v2\/tags?post=44116"}],"curies":[{"name":"wp","href":"https:\/\/api.w.org\/{rel}","templated":true}]}}