{"id":44119,"date":"2026-04-30T06:07:16","date_gmt":"2026-04-30T04:07:16","guid":{"rendered":"https:\/\/www.iceagetv.com\/radiosite\/?p=44119"},"modified":"2026-04-30T06:07:18","modified_gmt":"2026-04-30T04:07:18","slug":"apres-la-colere-de-macron-le-gouvernement-veut-simplifier-la-titularisation-des-medecins-diplomes-hors-due-qui-exercent-en-france-de-maniere-precaire","status":"publish","type":"post","link":"https:\/\/www.iceagetv.com\/radiosite\/apres-la-colere-de-macron-le-gouvernement-veut-simplifier-la-titularisation-des-medecins-diplomes-hors-due-qui-exercent-en-france-de-maniere-precaire\/","title":{"rendered":"Apr\u00e8s la col\u00e8re de Macron, le gouvernement veut \u00ab\u00a0simplifier\u00a0\u00bb la titularisation des m\u00e9decins dipl\u00f4m\u00e9s hors d&rsquo;UE qui exercent en France de mani\u00e8re pr\u00e9caire"},"content":{"rendered":"\n<p>Le minist\u00e8re de la Sant\u00e9 a indiqu\u00e9 vouloir \u00ab\u00a0reconna\u00eetre\u00a0\u00bb le travail des praticiens \u00e0 dipl\u00f4me hors Union europ\u00e9enne, raison pour laquelle des concertations doivent \u00eatre engag\u00e9es pour \u00ab\u00a0simplifier\u00a0\u00bb la proc\u00e9dure visant \u00e0 les titulariser.Le gouvernement va \u00ab\u00a0simplifier\u00a0\u00bb la proc\u00e9dure visant \u00e0 titulariser les m\u00e9decins dipl\u00f4m\u00e9s hors de l&rsquo;UE qui exercent en France de mani\u00e8re pr\u00e9caire, \u00ab\u00a0d\u00e8s qu&rsquo;un vecteur l\u00e9gislatif\u00a0\u00bb le permettra, et une concertation s&rsquo;ouvrira rapidement, a annonc\u00e9 ce mercredi 29 avril le minist\u00e8re de la Sant\u00e9.Emmanuel Macron s&rsquo;est emport\u00e9 lundi sur le sort de ces \u00ab\u00a0Padhue\u00a0\u00bb (praticiens \u00e0 dipl\u00f4me hors Union europ\u00e9enne), notamment alg\u00e9riens, contraints de repasser des concours pour \u00eatre titularis\u00e9s et pouvoir travailler dans les m\u00eames conditions que leurs confr\u00e8res europ\u00e9ens, apr\u00e8s parfois des ann\u00e9es d&rsquo;exercice \u00e0 l&rsquo;h\u00f4pital.Le gouvernement veut \u00ab\u00a0reconna\u00eetre\u00a0\u00bb l&rsquo;exercice des \u00ab\u00a0Padhue\u00a0\u00bb\u00a0\u00bbNous sommes engag\u00e9s pour simplifier\u00a0\u00bb ces proc\u00e9dures et le gouvernement \u00ab\u00a0va bient\u00f4t lancer des concertations\u00a0\u00bb, avec notamment les ordres professionnels (m\u00e9decins, sage-femmes, dentistes), les repr\u00e9sentants des Padhue, des m\u00e9decins et \u00e9tablissements de sant\u00e9, a indiqu\u00e9 le cabinet de la ministre St\u00e9phanie Rist.L&rsquo;objectif est de \u00ab\u00a0reconna\u00eetre\u00a0\u00bb leur exercice tout en garantissant \u00ab\u00a0la s\u00e9curit\u00e9 des soins\u00a0\u00bb. Pour \u00eatre titularis\u00e9s, les Padhue doivent passer un concours baptis\u00e9 EVC (\u00e9preuves de v\u00e9rification des connaissances) puis entamer un parcours de consolidation des comp\u00e9tences (PCC), sorte de stage de deux ans (pouvant depuis peu \u00eatre raccourci, sous conditions), avant d&rsquo;\u00eatre autoris\u00e9s ou non \u00e0 exercer par une commission d\u00e9di\u00e9e.Le minist\u00e8re veut modifier ces EVC pour \u00ab\u00a0mettre fin \u00e0 cette logique de concours\u00a0\u00bb, qui consiste \u00e0 \u00ab\u00a0ouvrir des postes\u00a0\u00bb sur la base des besoins territoriaux et \u00e0 attribuer chaque poste aux Padhue en fonction de leur rang au classement. Cela pouvait conduire un Padhue exer\u00e7ant dans le sud de la France \u00e0 partir dans le nord, \u00ab\u00a0cassant la dynamique\u00a0\u00bb de son insertion, a expliqu\u00e9 le cabinet.<\/p>\n","protected":false},"excerpt":{"rendered":"<p>Le minist\u00e8re de la Sant\u00e9 a indiqu\u00e9 vouloir \u00ab\u00a0reconna\u00eetre\u00a0\u00bb le travail des praticiens \u00e0 dipl\u00f4me hors Union europ\u00e9enne, raison pour laquelle des concertations doivent \u00eatre engag\u00e9es pour \u00ab\u00a0simplifier\u00a0\u00bb la proc\u00e9dure visant \u00e0 les titulariser.Le gouvernement va \u00ab\u00a0simplifier\u00a0\u00bb la proc\u00e9dure visant \u00e0 titulariser les m\u00e9decins dipl\u00f4m\u00e9s hors de l&rsquo;UE qui exercent en France de mani\u00e8re pr\u00e9caire, [&hellip;]<\/p>\n","protected":false},"author":2,"featured_media":44120,"comment_status":"open","ping_status":"open","sticky":false,"template":"","format":"standard","meta":{"_jetpack_memberships_contains_paid_content":false,"footnotes":"","jetpack_publicize_message":"","jetpack_publicize_feature_enabled":true,"jetpack_social_post_already_shared":true,"jetpack_social_options":{"image_generator_settings":{"template":"highway","default_image_id":0,"font":"","enabled":false},"version":2},"_wpas_customize_per_network":false},"categories":[405],"tags":[],"class_list":["post-44119","post","type-post","status-publish","format-standard","has-post-thumbnail","hentry","category-actu-france-monde"],"jetpack_publicize_connections":[],"jetpack_featured_media_url":"https:\/\/i0.wp.com\/www.iceagetv.com\/radiosite\/wp-content\/uploads\/2026\/04\/Un-medecin-Photo-d-illustration-1961423.webp?fit=736%2C414&ssl=1","jetpack_sharing_enabled":true,"_links":{"self":[{"href":"https:\/\/www.iceagetv.com\/radiosite\/wp-json\/wp\/v2\/posts\/44119","targetHints":{"allow":["GET"]}}],"collection":[{"href":"https:\/\/www.iceagetv.com\/radiosite\/wp-json\/wp\/v2\/posts"}],"about":[{"href":"https:\/\/www.iceagetv.com\/radiosite\/wp-json\/wp\/v2\/types\/post"}],"author":[{"embeddable":true,"href":"https:\/\/www.iceagetv.com\/radiosite\/wp-json\/wp\/v2\/users\/2"}],"replies":[{"embeddable":true,"href":"https:\/\/www.iceagetv.com\/radiosite\/wp-json\/wp\/v2\/comments?post=44119"}],"version-history":[{"count":1,"href":"https:\/\/www.iceagetv.com\/radiosite\/wp-json\/wp\/v2\/posts\/44119\/revisions"}],"predecessor-version":[{"id":44121,"href":"https:\/\/www.iceagetv.com\/radiosite\/wp-json\/wp\/v2\/posts\/44119\/revisions\/44121"}],"wp:featuredmedia":[{"embeddable":true,"href":"https:\/\/www.iceagetv.com\/radiosite\/wp-json\/wp\/v2\/media\/44120"}],"wp:attachment":[{"href":"https:\/\/www.iceagetv.com\/radiosite\/wp-json\/wp\/v2\/media?parent=44119"}],"wp:term":[{"taxonomy":"category","embeddable":true,"href":"https:\/\/www.iceagetv.com\/radiosite\/wp-json\/wp\/v2\/categories?post=44119"},{"taxonomy":"post_tag","embeddable":true,"href":"https:\/\/www.iceagetv.com\/radiosite\/wp-json\/wp\/v2\/tags?post=44119"}],"curies":[{"name":"wp","href":"https:\/\/api.w.org\/{rel}","templated":true}]}}