{"id":44126,"date":"2026-04-30T17:52:37","date_gmt":"2026-04-30T15:52:37","guid":{"rendered":"https:\/\/www.iceagetv.com\/radiosite\/?p=44126"},"modified":"2026-04-30T17:52:39","modified_gmt":"2026-04-30T15:52:39","slug":"attaque-a-londres-ce-que-lon-sait-des-deux-agressions-terroristes-visant-des-juifs","status":"publish","type":"post","link":"https:\/\/www.iceagetv.com\/radiosite\/attaque-a-londres-ce-que-lon-sait-des-deux-agressions-terroristes-visant-des-juifs\/","title":{"rendered":"Attaque \u00e0 Londres\u00a0: Ce que l\u2019on sait des deux agressions \u00ab\u00a0terroristes\u00a0\u00bb visant des juifs"},"content":{"rendered":"\n<p>Deux hommes juifs ont \u00e9t\u00e9 attaqu\u00e9s mercredi dans un quartier du nord de Londres. Profil du suspect, annonces du gouvernement\u2026 \u00ab&nbsp;20 Minutes&nbsp;\u00bb r\u00e9capitule ce qu\u2019il faut savoir sur l\u2019agressiona police a qualifi\u00e9 leur agression de \u00ab&nbsp;terroriste&nbsp;\u00bb. Deux hommes juifs&nbsp;<a href=\"https:\/\/www.20minutes.fr\/monde\/royaume-uni\/4221050-20260429-royaume-uni-attaque-couteau-londres-deux-blesses-suspect-arrete\">ont \u00e9t\u00e9 bless\u00e9s mercredi dans une agression&nbsp;<\/a>\u00e0 l\u2019arme blanche dans le quartier de Golders Green, dans le nord&nbsp;<a href=\"https:\/\/www.20minutes.fr\/faits_divers\/4214667-20260323-royaume-uni-sait-attaque-ambulance-communaute-juive-londres\">de Londres<\/a>. R\u00e9action de la communaut\u00e9 juive, annonces du gouvernement britannique, profil du suspect\u2026 \u00ab&nbsp;20 Minutes&nbsp;\u00bb revient sur ce que l\u2019on sait de cette attaque.<\/p>\n\n\n\n<h2 class=\"wp-block-heading\">Que s\u2019est-il pass\u00e9&nbsp;?<\/h2>\n\n\n\n<p>Un homme a attaqu\u00e9 deux personnes mercredi dans le quartier londonien de Golders Green. Le suspect a \u00e9t\u00e9 ma\u00eetris\u00e9 sur place par des membres de Shomrim North West London, avant que des policiers ne le neutralisent avec un taser et proc\u00e8dent \u00e0 son arrestation, a rapport\u00e9 ce groupe.<\/p>\n\n\n\n<p>Les deux hommes bless\u00e9s sont \u00e2g\u00e9s de 34 et 76 ans. Hospitalis\u00e9s, ils se trouvaient mercredi soir dans un \u00ab&nbsp;\u00e9tat stable&nbsp;\u00bb, selon la police.Cette attaque intervient apr\u00e8s<a href=\"https:\/\/www.20minutes.fr\/monde\/royaume-uni\/4219237-20260420-royaume-uni-serie-incendies-antisemites-secoue-londres-semble-etre-lien-iran\">&nbsp;une s\u00e9rie d\u2019incendies et tentatives d\u2019incendie<\/a>&nbsp;qui, depuis fin mars, ont cibl\u00e9 notamment des synagogues dans plusieurs quartiers du nord-ouest de la capitale. Ces actions n\u2019avaient pas fait de bless\u00e9s mais avaient accru les craintes de la communaut\u00e9 juive, d\u00e9j\u00e0 vives apr\u00e8s une attaque qui avait fait deux morts \u00e0 la synagogue de Manchester en octobre, dans un contexte de hausse des actes antis\u00e9mites dans le pays ces derni\u00e8res ann\u00e9es.<\/p>\n\n\n\n<h2 class=\"wp-block-heading\">Qui est le suspect&nbsp;?<\/h2>\n\n\n\n<p>Il s\u2019agit d\u2019un Britannique de 45 ans n\u00e9 en Somalie. Il a \u00e9t\u00e9 arr\u00eat\u00e9 sur place pour tentative de meurtre. La police a indiqu\u00e9 qu\u2019il avait des \u00ab&nbsp;ant\u00e9c\u00e9dents de violence grave et des probl\u00e8mes psychologiques&nbsp;\u00bb.<\/p>\n\n\n\n<p>Un groupe jusqu\u2019ici peu connu, \u00ab&nbsp;Harakat Ashab al-Yamin al-Islamiyya&nbsp;\u00bb (Hayi), et qui serait pro-Iran, avait revendiqu\u00e9 les incendies et tentatives d\u2019incendie \u00e0 Londres ces derni\u00e8res semaines, ainsi que d\u2019autres ailleurs en Europe. Mercredi, il a salu\u00e9 l\u2019attaque au couteau de Golders Green et l\u2019a attribu\u00e9e \u00e0 ses \u00ab&nbsp;loups solitaires&nbsp;\u00bb.<\/p>\n\n\n\n<p>Les experts s\u2019interrogent sur ce groupe, qui s\u2019apparente \u00e0 une coquille vide reprenant \u00ab&nbsp;des strat\u00e9gies utilis\u00e9es par le pass\u00e9 par des milices pro-Iran en Irak&nbsp;\u00bb, selon un rapport publi\u00e9 jeudi par le groupe de r\u00e9flexion Institute for Strategic Dialogue.Qu\u2019a annonc\u00e9 le gouvernement britannique&nbsp;?<\/p>\n\n\n\n<p>Reconnaissant le \u00ab&nbsp;profond sentiment d\u2019angoisse&nbsp;\u00bb au sein de la communaut\u00e9 juive, le Premier ministre travailliste Keir Starmer a affirm\u00e9 vouloir une r\u00e9ponse polici\u00e8re et judiciaire \u00ab&nbsp;rapide et visible&nbsp;\u00bb, jeudi lors d\u2019une r\u00e9union \u00e0 Downing Street avec des responsables des forces de s\u00e9curit\u00e9 et plusieurs ministres.<\/p>\n\n\n\n<p>Il \u00e9tait attendu \u00e0 la mi-journ\u00e9e \u00e0 Golders Green, o\u00f9 le chef de la police Mark Rowley et la d\u00e9put\u00e9e travailliste locale Sarah Sackman ont \u00e9t\u00e9 chahut\u00e9s la veille.<\/p>\n\n\n\n<p>La ministre de l\u2019Int\u00e9rieur Shabana Mahmood a annonc\u00e9 jeudi que le gouvernement allait mobiliser 25&nbsp;millions de livres (28,8&nbsp;millions d\u2019euros) suppl\u00e9mentaires pour accro\u00eetre les patrouilles de police et la s\u00e9curit\u00e9 de la communaut\u00e9 juive. Elle a aussi affirm\u00e9 que le gouvernement pr\u00e9parait une loi pour \u00ab&nbsp;pouvoir cibler les organisations agissant pour le compte d\u2019Etats&nbsp;\u00bb.<\/p>\n\n\n\n<p>Elle a confirm\u00e9 que le gouvernement \u00e9tudie notamment la possibilit\u00e9 de classer les Gardiens de la r\u00e9volution iraniens &#8211; l\u2019arm\u00e9e id\u00e9ologique de la R\u00e9publique islamique &#8211; comme organisation terroriste.<\/p>\n","protected":false},"excerpt":{"rendered":"<p>Deux hommes juifs ont \u00e9t\u00e9 attaqu\u00e9s mercredi dans un quartier du nord de Londres. Profil du suspect, annonces du gouvernement\u2026 \u00ab&nbsp;20 Minutes&nbsp;\u00bb r\u00e9capitule ce qu\u2019il faut savoir sur l\u2019agressiona police a qualifi\u00e9 leur agression de \u00ab&nbsp;terroriste&nbsp;\u00bb. Deux hommes juifs&nbsp;ont \u00e9t\u00e9 bless\u00e9s mercredi dans une agression&nbsp;\u00e0 l\u2019arme blanche dans le quartier de Golders Green, dans le [&hellip;]<\/p>\n","protected":false},"author":2,"featured_media":44127,"comment_status":"open","ping_status":"open","sticky":false,"template":"","format":"standard","meta":{"_jetpack_memberships_contains_paid_content":false,"footnotes":"","jetpack_publicize_message":"","jetpack_publicize_feature_enabled":true,"jetpack_social_post_already_shared":true,"jetpack_social_options":{"image_generator_settings":{"template":"highway","default_image_id":0,"font":"","enabled":false},"version":2},"_wpas_customize_per_network":false},"categories":[405],"tags":[],"class_list":["post-44126","post","type-post","status-publish","format-standard","has-post-thumbnail","hentry","category-actu-france-monde"],"jetpack_publicize_connections":[],"jetpack_featured_media_url":"https:\/\/i0.wp.com\/www.iceagetv.com\/radiosite\/wp-content\/uploads\/2026\/04\/Capture-decran-2026-04-30-175055.jpg?fit=652%2C442&ssl=1","jetpack_sharing_enabled":true,"_links":{"self":[{"href":"https:\/\/www.iceagetv.com\/radiosite\/wp-json\/wp\/v2\/posts\/44126","targetHints":{"allow":["GET"]}}],"collection":[{"href":"https:\/\/www.iceagetv.com\/radiosite\/wp-json\/wp\/v2\/posts"}],"about":[{"href":"https:\/\/www.iceagetv.com\/radiosite\/wp-json\/wp\/v2\/types\/post"}],"author":[{"embeddable":true,"href":"https:\/\/www.iceagetv.com\/radiosite\/wp-json\/wp\/v2\/users\/2"}],"replies":[{"embeddable":true,"href":"https:\/\/www.iceagetv.com\/radiosite\/wp-json\/wp\/v2\/comments?post=44126"}],"version-history":[{"count":1,"href":"https:\/\/www.iceagetv.com\/radiosite\/wp-json\/wp\/v2\/posts\/44126\/revisions"}],"predecessor-version":[{"id":44128,"href":"https:\/\/www.iceagetv.com\/radiosite\/wp-json\/wp\/v2\/posts\/44126\/revisions\/44128"}],"wp:featuredmedia":[{"embeddable":true,"href":"https:\/\/www.iceagetv.com\/radiosite\/wp-json\/wp\/v2\/media\/44127"}],"wp:attachment":[{"href":"https:\/\/www.iceagetv.com\/radiosite\/wp-json\/wp\/v2\/media?parent=44126"}],"wp:term":[{"taxonomy":"category","embeddable":true,"href":"https:\/\/www.iceagetv.com\/radiosite\/wp-json\/wp\/v2\/categories?post=44126"},{"taxonomy":"post_tag","embeddable":true,"href":"https:\/\/www.iceagetv.com\/radiosite\/wp-json\/wp\/v2\/tags?post=44126"}],"curies":[{"name":"wp","href":"https:\/\/api.w.org\/{rel}","templated":true}]}}