{"id":44132,"date":"2026-05-01T09:11:01","date_gmt":"2026-05-01T07:11:01","guid":{"rendered":"https:\/\/www.iceagetv.com\/radiosite\/?p=44132"},"modified":"2026-05-01T09:11:03","modified_gmt":"2026-05-01T07:11:03","slug":"ce-1er-mai-cest-la-fete-du-travail-pourquoi-ce-jour-est-il-ferie-et-obligatoirement-chome-en-france","status":"publish","type":"post","link":"https:\/\/www.iceagetv.com\/radiosite\/ce-1er-mai-cest-la-fete-du-travail-pourquoi-ce-jour-est-il-ferie-et-obligatoirement-chome-en-france\/","title":{"rendered":"Ce 1er mai, c&rsquo;est la f\u00eate du Travail : pourquoi ce jour est-il f\u00e9ri\u00e9 (et obligatoirement ch\u00f4m\u00e9) en France\u00a0?"},"content":{"rendered":"\n<p>La date est inspir\u00e9e d&rsquo;un mouvement am\u00e9ricain qui date du XIXe si\u00e8cle. \u00c0 l&rsquo;\u00e9poque, on travaillait encore plus de huit heures par jour.Ironie du sort, on parle beaucoup du 1\u1d49\u02b3 mai depuis quelques semaines car le gouvernement a eu un temps en t\u00eate d\u2019autoriser le travail ce jour-l\u00e0. Sur la date choisie pour c\u00e9l\u00e9brer les droits des travailleurs.\u00a0Car c\u2019est bien de cela qu\u2019on parle le 1\u1d49\u02b3 mai, qui pour rappel, est une journ\u00e9e obligatoirement ch\u00f4m\u00e9e li\u00e9e aux droits obtenus par les ouvriers et employ\u00e9s depuis le d\u00e9but de l\u2019\u00e8re moderne.11 jours f\u00e9ri\u00e9s en France<\/p>\n\n\n\n<p>En France, en 2026, on d\u00e9nombre 11 jours f\u00e9ri\u00e9s :\u00a0<br><br>\u2022 le 1<sup>er<\/sup>\u00a0janvier ;<br>\u2022 le lundi de P\u00e2ques ;<br>\u2022 le 1<sup>er<\/sup>\u00a0mai<br>\u2022 le 8 mai ;<br>\u2022 l&rsquo;Ascension ;<br>\u2022 le lundi de Pentec\u00f4te ;<br>\u2022 le 14 juillet ;<br>\u2022 l&rsquo;Assomption ;<br>\u2022 la Toussaint ;<br>\u2022 le 11 novembre ;<br>\u2022 le jour de No\u00ebl.Influence am\u00e9ricaine<\/p>\n\n\n\n<p>Petit rappel historique de circonstance\u2009: la date du 1<sup>er<\/sup>&nbsp;mai \u00ab\u2009fait r\u00e9f\u00e9rence \u00e0 la date anniversaire, en 1884, de l\u2019appel de syndicats ouvriers am\u00e9ricains pour revendiquer la journ\u00e9e de huit heures\u2009\u00bb, peut-on lire sur&nbsp;<a href=\"https:\/\/www.vie-publique.fr\/questions-reponses\/274183-six-questions-sur-la-journee-du-1er-mai\">vie-publique.fr<\/a>. L\u00e0-bas, on parlait de \u00ab\u2009moving day\u2009\u00bb, et le jour correspondait \u00e0 la nouvelle ann\u00e9e comptable pour les entreprises, synonyme pour beaucoup d\u2019ouvriers de l\u2019\u00e9poque, de fin de contrat.<\/p>\n\n\n\n<p>Deux ans et deux jours apr\u00e8s l\u2019appel des syndicats de 1884, une nouvelle manifestation pacifique est g\u00e2ch\u00e9e par des heurts d\u00e9bouchant sur la mort de gr\u00e9vistes. La marche de protestation du lendemain sera \u00e9galement le th\u00e9\u00e2tre d\u2019affrontements avec notamment l\u2019explosion d\u2019une bombe. Plusieurs policiers trouvent la mort, et des syndicalistes sont arr\u00eat\u00e9s puis condamn\u00e9s \u00e0 mort.La tentative de Vichy pour inverser la c\u00e9l\u00e9bration<\/p>\n\n\n\n<p>En France, la mayonnaise prend du temps \u00e0 monter, mais en<strong>\u00a01889<\/strong>, en r\u00e9f\u00e9rence \u00e0 la date am\u00e9ricaine, le 1\u1d49\u02b3 mai est\u00a0<strong>choisi pour \u00eatre une journ\u00e9e de manifestations<\/strong>. C\u2019est un an plus tard, en\u00a0<strong>1890<\/strong>, que ce sera vraiment<strong>\u00a0c\u00e9l\u00e9br\u00e9 pour la premi\u00e8re fois<\/strong>. Deux ans plus tard, en<strong>\u00a01891<\/strong>, la journ\u00e9e tournera au\u00a0<strong>drame<\/strong>\u00a0avec<strong>\u00a0la fusillade de Fourmies<\/strong>, dans le Nord, qui se termine par la mort d\u2019une dizaine de manifestants.La situation v\u00e9g\u00e8te ensuite quelques ann\u00e9es, mais en avril<strong>\u00a01919<\/strong>, le Parlement vote pour<strong>\u00a0la journ\u00e9e de huit heures<\/strong>\u00a0et ent\u00e9rine, au passage,<strong>\u00a0la journ\u00e9e ch\u00f4m\u00e9e du 1\u1d49\u02b3 mai<\/strong>. Et m\u00eame si le r\u00e9gime de Vichy avait tent\u00e9, par la suite, d\u2019en faire la f\u00eate du Travail, la nouvelle interpr\u00e9tation est abolie \u00e0 la Lib\u00e9ration. En 1948, apr\u00e8s la loi de 1947, le premier jour du mois de mai est officiellement institu\u00e9 comme la journ\u00e9e \u00ab\u00a0des travailleuses et des travailleurs\u00a0\u00bb, selon la formulation lue sur vie-publique.fr.<\/p>\n","protected":false},"excerpt":{"rendered":"<p>La date est inspir\u00e9e d&rsquo;un mouvement am\u00e9ricain qui date du XIXe si\u00e8cle. \u00c0 l&rsquo;\u00e9poque, on travaillait encore plus de huit heures par jour.Ironie du sort, on parle beaucoup du 1\u1d49\u02b3 mai depuis quelques semaines car le gouvernement a eu un temps en t\u00eate d\u2019autoriser le travail ce jour-l\u00e0. Sur la date choisie pour c\u00e9l\u00e9brer les [&hellip;]<\/p>\n","protected":false},"author":2,"featured_media":44133,"comment_status":"open","ping_status":"open","sticky":false,"template":"","format":"standard","meta":{"_jetpack_memberships_contains_paid_content":false,"footnotes":"","jetpack_publicize_message":"","jetpack_publicize_feature_enabled":true,"jetpack_social_post_already_shared":true,"jetpack_social_options":{"image_generator_settings":{"template":"highway","default_image_id":0,"font":"","enabled":false},"version":2},"_wpas_customize_per_network":false},"categories":[405],"tags":[],"class_list":["post-44132","post","type-post","status-publish","format-standard","has-post-thumbnail","hentry","category-actu-france-monde"],"jetpack_publicize_connections":[],"jetpack_featured_media_url":"https:\/\/i0.wp.com\/www.iceagetv.com\/radiosite\/wp-content\/uploads\/2026\/05\/Capture-decran-2026-05-01-090900.jpg?fit=876%2C552&ssl=1","jetpack_sharing_enabled":true,"_links":{"self":[{"href":"https:\/\/www.iceagetv.com\/radiosite\/wp-json\/wp\/v2\/posts\/44132","targetHints":{"allow":["GET"]}}],"collection":[{"href":"https:\/\/www.iceagetv.com\/radiosite\/wp-json\/wp\/v2\/posts"}],"about":[{"href":"https:\/\/www.iceagetv.com\/radiosite\/wp-json\/wp\/v2\/types\/post"}],"author":[{"embeddable":true,"href":"https:\/\/www.iceagetv.com\/radiosite\/wp-json\/wp\/v2\/users\/2"}],"replies":[{"embeddable":true,"href":"https:\/\/www.iceagetv.com\/radiosite\/wp-json\/wp\/v2\/comments?post=44132"}],"version-history":[{"count":1,"href":"https:\/\/www.iceagetv.com\/radiosite\/wp-json\/wp\/v2\/posts\/44132\/revisions"}],"predecessor-version":[{"id":44134,"href":"https:\/\/www.iceagetv.com\/radiosite\/wp-json\/wp\/v2\/posts\/44132\/revisions\/44134"}],"wp:featuredmedia":[{"embeddable":true,"href":"https:\/\/www.iceagetv.com\/radiosite\/wp-json\/wp\/v2\/media\/44133"}],"wp:attachment":[{"href":"https:\/\/www.iceagetv.com\/radiosite\/wp-json\/wp\/v2\/media?parent=44132"}],"wp:term":[{"taxonomy":"category","embeddable":true,"href":"https:\/\/www.iceagetv.com\/radiosite\/wp-json\/wp\/v2\/categories?post=44132"},{"taxonomy":"post_tag","embeddable":true,"href":"https:\/\/www.iceagetv.com\/radiosite\/wp-json\/wp\/v2\/tags?post=44132"}],"curies":[{"name":"wp","href":"https:\/\/api.w.org\/{rel}","templated":true}]}}