{"id":44147,"date":"2026-05-02T08:13:10","date_gmt":"2026-05-02T06:13:10","guid":{"rendered":"https:\/\/www.iceagetv.com\/radiosite\/?p=44147"},"modified":"2026-05-02T08:13:12","modified_gmt":"2026-05-02T06:13:12","slug":"le-pentagone-a-annonce-cette-nuit-le-retrait-de-5-000-soldats-americains-stationnes-en-allemagne-soit-15-de-ses-effectifs-presents-dans-le-pays-europeen","status":"publish","type":"post","link":"https:\/\/www.iceagetv.com\/radiosite\/le-pentagone-a-annonce-cette-nuit-le-retrait-de-5-000-soldats-americains-stationnes-en-allemagne-soit-15-de-ses-effectifs-presents-dans-le-pays-europeen\/","title":{"rendered":"Le Pentagone a annonc\u00e9 cette nuit le retrait de 5.000 soldats am\u00e9ricains stationn\u00e9s en Allemagne, soit 15% de ses effectifs pr\u00e9sents dans le pays europ\u00e9en"},"content":{"rendered":"\n<p>Le secr\u00e9taire am\u00e9ricain \u00e0 la D\u00e9fense, Pete Hegseth, a ordonn\u00e9 le retrait de 5.000 soldats d\u2019Allemagne d\u2019ici un an, a indiqu\u00e9 le Pentagone cette nuit, ce qui repr\u00e9sente environ 15% de ses effectifs pr\u00e9sents dans le pays europ\u00e9en. \u00abNous pr\u00e9voyons que le retrait se termine dans les six \u00e0 douze prochains mois\u00bb, a estim\u00e9 le porte-parole du Pentagone Sean Parnell dans un communiqu\u00e9.<\/p>\n\n\n\n<p>Plus de 36.000 soldats am\u00e9ricains sont positionn\u00e9s en Allemagne, selon un d\u00e9compte officiel arr\u00eat\u00e9 fin 2025.<\/p>\n\n\n\n<p>Cette annonce intervient apr\u00e8s que le pr\u00e9sident Donald Trump a envisag\u00e9 plus t\u00f4t dans la semaine une r\u00e9duction des forces arm\u00e9es am\u00e9ricaines stationn\u00e9es en Allemagne, pays alli\u00e9 membre de l\u2019Otan, apr\u00e8s des propos du chancelier Friedrich Merz, qui ont suscit\u00e9 sa col\u00e8re.<\/p>\n\n\n\n<p>Le dirigeant allemand a estim\u00e9 lundi que \u00ables Am\u00e9ricains (n\u2019avaient) visiblement aucune strat\u00e9gie\u00bb en Iran et que T\u00e9h\u00e9ran \u00abhumiliait\u00bb la premi\u00e8re puissance mondiale. \u00abIl pense que c\u2019est OK que l\u2019Iran se dote de l\u2019arme nucl\u00e9aire.<\/p>\n\n\n\n<p>Il ne sait pas de quoi il parle!\u00bb, lui avait r\u00e9torqu\u00e9 Donald Trump mardi. Le lendemain, le pr\u00e9sident am\u00e9ricain avait \u00e9crit que Washington \u00e9tait \u00aben train d\u2019\u00e9tudier et examiner la possible r\u00e9duction\u00bb de la pr\u00e9sence militaire am\u00e9ricaine en Allemagne. \u00abUne d\u00e9cision sera prise tr\u00e8s prochainement\u00bb, avait-il pr\u00e9cis\u00e9.<\/p>\n\n\n\n<p>Donald Trump en veut en particulier aux alli\u00e9s europ\u00e9ens des \u00c9tats-Unis de rechigner \u00e0 contribuer logistiquement ou militairement \u00e0 l\u2019offensive isra\u00e9lo-am\u00e9ricaine contre l\u2019Iran ou \u00e0 la s\u00e9curisation du strat\u00e9gique d\u00e9troit d\u2019Ormuz, pratiquement verrouill\u00e9 par T\u00e9h\u00e9ran.<\/p>\n\n\n\n<p>Plus largement, au fil de ses deux mandats, le pr\u00e9sident r\u00e9publicain a multipli\u00e9 les critiques contre les pays europ\u00e9ens pour ce qu\u2019il consid\u00e8re comme un manque d\u2019engagement dans leur propre d\u00e9fense, et l\u2019Otan, qu\u2019il accuse de d\u00e9pendre excessivement de la protection militaire am\u00e9ricaine. Il agite r\u00e9guli\u00e8rement la menace d\u2019un d\u00e9sengagement des \u00c9tats-Unis.<\/p>\n","protected":false},"excerpt":{"rendered":"<p>Le secr\u00e9taire am\u00e9ricain \u00e0 la D\u00e9fense, Pete Hegseth, a ordonn\u00e9 le retrait de 5.000 soldats d\u2019Allemagne d\u2019ici un an, a indiqu\u00e9 le Pentagone cette nuit, ce qui repr\u00e9sente environ 15% de ses effectifs pr\u00e9sents dans le pays europ\u00e9en. \u00abNous pr\u00e9voyons que le retrait se termine dans les six \u00e0 douze prochains mois\u00bb, a estim\u00e9 le [&hellip;]<\/p>\n","protected":false},"author":2,"featured_media":44148,"comment_status":"open","ping_status":"open","sticky":false,"template":"","format":"standard","meta":{"_jetpack_memberships_contains_paid_content":false,"footnotes":"","jetpack_publicize_message":"","jetpack_publicize_feature_enabled":true,"jetpack_social_post_already_shared":true,"jetpack_social_options":{"image_generator_settings":{"template":"highway","default_image_id":0,"font":"","enabled":false},"version":2},"_wpas_customize_per_network":false},"categories":[405],"tags":[],"class_list":["post-44147","post","type-post","status-publish","format-standard","has-post-thumbnail","hentry","category-actu-france-monde"],"jetpack_publicize_connections":[],"jetpack_featured_media_url":"https:\/\/i0.wp.com\/www.iceagetv.com\/radiosite\/wp-content\/uploads\/2026\/05\/Capture-decran-2026-05-02-081227.jpg?fit=648%2C262&ssl=1","jetpack_sharing_enabled":true,"_links":{"self":[{"href":"https:\/\/www.iceagetv.com\/radiosite\/wp-json\/wp\/v2\/posts\/44147","targetHints":{"allow":["GET"]}}],"collection":[{"href":"https:\/\/www.iceagetv.com\/radiosite\/wp-json\/wp\/v2\/posts"}],"about":[{"href":"https:\/\/www.iceagetv.com\/radiosite\/wp-json\/wp\/v2\/types\/post"}],"author":[{"embeddable":true,"href":"https:\/\/www.iceagetv.com\/radiosite\/wp-json\/wp\/v2\/users\/2"}],"replies":[{"embeddable":true,"href":"https:\/\/www.iceagetv.com\/radiosite\/wp-json\/wp\/v2\/comments?post=44147"}],"version-history":[{"count":1,"href":"https:\/\/www.iceagetv.com\/radiosite\/wp-json\/wp\/v2\/posts\/44147\/revisions"}],"predecessor-version":[{"id":44149,"href":"https:\/\/www.iceagetv.com\/radiosite\/wp-json\/wp\/v2\/posts\/44147\/revisions\/44149"}],"wp:featuredmedia":[{"embeddable":true,"href":"https:\/\/www.iceagetv.com\/radiosite\/wp-json\/wp\/v2\/media\/44148"}],"wp:attachment":[{"href":"https:\/\/www.iceagetv.com\/radiosite\/wp-json\/wp\/v2\/media?parent=44147"}],"wp:term":[{"taxonomy":"category","embeddable":true,"href":"https:\/\/www.iceagetv.com\/radiosite\/wp-json\/wp\/v2\/categories?post=44147"},{"taxonomy":"post_tag","embeddable":true,"href":"https:\/\/www.iceagetv.com\/radiosite\/wp-json\/wp\/v2\/tags?post=44147"}],"curies":[{"name":"wp","href":"https:\/\/api.w.org\/{rel}","templated":true}]}}