{"id":44171,"date":"2026-05-03T09:18:25","date_gmt":"2026-05-03T07:18:25","guid":{"rendered":"https:\/\/www.iceagetv.com\/radiosite\/?p=44171"},"modified":"2026-05-03T09:18:27","modified_gmt":"2026-05-03T07:18:27","slug":"guerre-au-moyen-orient-la-balle-est-dans-le-camp-des-etats-unis-affirme-liran-pret-a-la-guerre-ou-la-diplomatie","status":"publish","type":"post","link":"https:\/\/www.iceagetv.com\/radiosite\/guerre-au-moyen-orient-la-balle-est-dans-le-camp-des-etats-unis-affirme-liran-pret-a-la-guerre-ou-la-diplomatie\/","title":{"rendered":"Guerre au Moyen-Orient : \u00ab\u00a0La balle est dans le camp des Etats-Unis\u00a0\u00bb, affirme l&rsquo;Iran, \u00ab\u00a0pr\u00eat\u00a0\u00bb \u00e0 la guerre ou la diplomatie"},"content":{"rendered":"\n<p>\u00ab\u00a0L&rsquo;Iran a pr\u00e9sent\u00e9 son plan au m\u00e9diateur pakistanais, dans le but de mettre fin de mani\u00e8re permanente \u00e0 la guerre impos\u00e9e\u00a0\u00bb, a expliqu\u00e9 le vice-ministre des Affaires \u00e9trang\u00e8res.T\u00e9h\u00e9ran estime que \u00ab\u00a0la balle est dans le camp des Etats-Unis\u00a0\u00bb. La diplomatie iranienne se dit pr\u00eate, samedi 2 mai, \u00e0 reprendre la guerre ou \u00e0 privil\u00e9gier la diplomatie&nbsp;<a href=\"https:\/\/www.franceinfo.fr\/monde\/iran\/guerre-entre-les-etats-unis-israel-et-l-iran\/pourquoi-donald-trump-cherche-a-contourner-le-congres-en-affirmant-que-les-hostilites-contre-l-iran-sont-terminees_7978469.html\">pour mettre fin au conflit avec Washington<\/a>.&nbsp;<em>\u00ab\u00a0L&rsquo;Iran a pr\u00e9sent\u00e9 son plan au m\u00e9diateur pakistanais, dans le but de mettre fin de mani\u00e8re permanente \u00e0 la guerre impos\u00e9e\u00a0\u00bb<\/em>, a d\u00e9clar\u00e9 le vice-ministre des Affaires \u00e9trang\u00e8res, Kazem Gharibabadi. Les Etats-Unis<em>&nbsp;\u00ab\u00a0doivent choisir entre la voie de la diplomatie ou la poursuite d&rsquo;une approche conflictuelle\u00a0\u00bb<\/em>, ajoute-t-il.&nbsp;<\/p>\n\n\n\n<p><strong>Des frappes isra\u00e9liennes font 13\u00a0morts au Liban.<\/strong>\u00a0Des frappes isra\u00e9liennes sur le sud du Liban ont fait au moins 13\u00a0morts vendredi, a rapport\u00e9 le minist\u00e8re de la Sant\u00e9 libanais. La veille, 17\u00a0personnes avaient \u00e9t\u00e9 tu\u00e9es dans des frappes sur le Sud, o\u00f9 l&rsquo;arm\u00e9e isra\u00e9lienne a \u00e9tabli une zone de 10 km de profondeur \u00e0 partir de la fronti\u00e8re, interdite d&rsquo;acc\u00e8s \u00e0 la presse et \u00e0 la population, et effectue des op\u00e9rations de d\u00e9molition.<\/p>\n\n\n\n<p><strong>Donald Trump affirme<\/strong>\u00a0<strong>que les \u00ab\u00a0hostilit\u00e9s\u00a0\u00bb contre l&rsquo;Iran sont \u00ab\u00a0termin\u00e9es\u00a0\u00bb.\u00a0<\/strong>Le r\u00e9publicain a assur\u00e9,\u00a0<a href=\"https:\/\/www.franceinfo.fr\/monde\/iran\/guerre-entre-les-etats-unis-israel-et-l-iran\/donald-trump-affirme-dans-une-lettre-au-congres-americain-que-les-hostilites-contre-l-iran-sont-terminees_7977212.html\">dans un courrier envoy\u00e9 aux parlementaires am\u00e9ricains<\/a>, que les hostilit\u00e9s contre l&rsquo;Iran sont\u00a0<em>\u00ab\u00a0termin\u00e9es\u00a0\u00bb<\/em>, du fait du cessez-le-feu actuellement en vigueur. Il d\u00e9clare ainsi se conformer \u00e0 la loi exigeant que le pr\u00e9sident am\u00e9ricain obtienne l&rsquo;autorisation du Congr\u00e8s pour prolonger un conflit au-del\u00e0 de soixante\u00a0jours.<\/p>\n\n\n\n<p><strong>Un cessez-le-feu fragile.<\/strong>\u00a0Un responsable iranien juge qu&rsquo;une<em>\u00a0\u00ab\u00a0reprise du conflit entre l&rsquo;Iran et les Etats-Unis est probable\u00a0\u00bb<\/em>, alors que Donald Trump a rejet\u00e9 la veille la derni\u00e8re proposition de T\u00e9h\u00e9ran pour relancer les n\u00e9gociations avec Washington.<em>\u00a0\u00ab\u00a0Les faits ont d\u00e9montr\u00e9 que les Etats-Unis ne respectaient aucune promesse ou accord\u00a0\u00bb<\/em>, a r\u00e9agi l&rsquo;inspecteur adjoint du commandement des forces arm\u00e9es Khatam Al-Anbiya, cit\u00e9 par l&rsquo;agence de presse Fars.<\/p>\n\n\n\n<p><strong>Le pr\u00e9sident am\u00e9ricain n&rsquo;est \u00ab\u00a0pas satisfait\u00a0\u00bb de la nouvelle proposition iranienne.\u00a0<\/strong>Donald Trump s&rsquo;est dit vendredi\u00a0<em>\u00ab\u00a0pas satisfait\u00a0\u00bb<\/em>\u00a0de\u00a0<a href=\"https:\/\/www.franceinfo.fr\/monde\/iran\/guerre-entre-les-etats-unis-israel-et-l-iran\/l-iran-fait-une-nouvelle-offre-aux-etats-unis-pour-tenter-de-debloquer-les-negociations-de-paix_7976945.html\">la derni\u00e8re tentative iranienne visant \u00e0 relancer les n\u00e9gociations<\/a>, deux mois apr\u00e8s le d\u00e9but de la guerre. Face \u00e0 la presse, il a jug\u00e9 que les dirigeants iraniens \u00e9taient<em>\u00a0\u00ab\u00a0d\u00e9sarticul\u00e9s\u00a0\u00bb<\/em>\u00a0et incapables de s&rsquo;entendre sur une strat\u00e9gie de sortie du conflit.<\/p>\n","protected":false},"excerpt":{"rendered":"<p>\u00ab\u00a0L&rsquo;Iran a pr\u00e9sent\u00e9 son plan au m\u00e9diateur pakistanais, dans le but de mettre fin de mani\u00e8re permanente \u00e0 la guerre impos\u00e9e\u00a0\u00bb, a expliqu\u00e9 le vice-ministre des Affaires \u00e9trang\u00e8res.T\u00e9h\u00e9ran estime que \u00ab\u00a0la balle est dans le camp des Etats-Unis\u00a0\u00bb. La diplomatie iranienne se dit pr\u00eate, samedi 2 mai, \u00e0 reprendre la guerre ou \u00e0 privil\u00e9gier la [&hellip;]<\/p>\n","protected":false},"author":2,"featured_media":44172,"comment_status":"open","ping_status":"open","sticky":false,"template":"","format":"standard","meta":{"_jetpack_memberships_contains_paid_content":false,"footnotes":"","jetpack_publicize_message":"","jetpack_publicize_feature_enabled":true,"jetpack_social_post_already_shared":true,"jetpack_social_options":{"image_generator_settings":{"template":"highway","default_image_id":0,"font":"","enabled":false},"version":2},"_wpas_customize_per_network":false},"categories":[405],"tags":[],"class_list":["post-44171","post","type-post","status-publish","format-standard","has-post-thumbnail","hentry","category-actu-france-monde"],"jetpack_publicize_connections":[],"jetpack_featured_media_url":"https:\/\/i0.wp.com\/www.iceagetv.com\/radiosite\/wp-content\/uploads\/2026\/05\/Capture-decran-2026-05-03-091722.jpg?fit=956%2C532&ssl=1","jetpack_sharing_enabled":true,"_links":{"self":[{"href":"https:\/\/www.iceagetv.com\/radiosite\/wp-json\/wp\/v2\/posts\/44171","targetHints":{"allow":["GET"]}}],"collection":[{"href":"https:\/\/www.iceagetv.com\/radiosite\/wp-json\/wp\/v2\/posts"}],"about":[{"href":"https:\/\/www.iceagetv.com\/radiosite\/wp-json\/wp\/v2\/types\/post"}],"author":[{"embeddable":true,"href":"https:\/\/www.iceagetv.com\/radiosite\/wp-json\/wp\/v2\/users\/2"}],"replies":[{"embeddable":true,"href":"https:\/\/www.iceagetv.com\/radiosite\/wp-json\/wp\/v2\/comments?post=44171"}],"version-history":[{"count":1,"href":"https:\/\/www.iceagetv.com\/radiosite\/wp-json\/wp\/v2\/posts\/44171\/revisions"}],"predecessor-version":[{"id":44173,"href":"https:\/\/www.iceagetv.com\/radiosite\/wp-json\/wp\/v2\/posts\/44171\/revisions\/44173"}],"wp:featuredmedia":[{"embeddable":true,"href":"https:\/\/www.iceagetv.com\/radiosite\/wp-json\/wp\/v2\/media\/44172"}],"wp:attachment":[{"href":"https:\/\/www.iceagetv.com\/radiosite\/wp-json\/wp\/v2\/media?parent=44171"}],"wp:term":[{"taxonomy":"category","embeddable":true,"href":"https:\/\/www.iceagetv.com\/radiosite\/wp-json\/wp\/v2\/categories?post=44171"},{"taxonomy":"post_tag","embeddable":true,"href":"https:\/\/www.iceagetv.com\/radiosite\/wp-json\/wp\/v2\/tags?post=44171"}],"curies":[{"name":"wp","href":"https:\/\/api.w.org\/{rel}","templated":true}]}}