{"id":4465,"date":"2016-05-09T17:30:24","date_gmt":"2016-05-09T17:30:24","guid":{"rendered":"http:\/\/www.iceagetv.com\/radiosite\/?p=4465"},"modified":"2016-05-09T17:30:24","modified_gmt":"2016-05-09T17:30:24","slug":"vote-deputes-bresiliens-destitution-de-dilma-rousseff-annule","status":"publish","type":"post","link":"https:\/\/www.iceagetv.com\/radiosite\/vote-deputes-bresiliens-destitution-de-dilma-rousseff-annule\/","title":{"rendered":"Le vote des d\u00e9put\u00e9s br\u00e9siliens sur la destitution de Dilma Rousseff annul\u00e9"},"content":{"rendered":"<p>\n\tLe pr&eacute;sident int&eacute;rimaire de la chambre basse du parlement br&eacute;silien a annonc&eacute; cette d&eacute;cision &agrave; la surprise g&eacute;n&eacute;rale. La confusion r&egrave;gne d&eacute;sormais sur la suite de la proc&eacute;dureRetour &agrave; la case d&eacute;part? Alors que le Br&eacute;sil s&#39;attendait &agrave; vivre cette semaine l&#39;&eacute;viction &#8211; du moins temporaire &#8211; de sa pr&eacute;sidente&nbsp;Dilma Rousseff, &agrave; la surprise g&eacute;n&eacute;rale, le nouveau pr&eacute;sident par int&eacute;rim du Congr&egrave;s des d&eacute;put&eacute;s br&eacute;silien a annonc&eacute; lundi qu&#39;il faisait annuler le vote du 17 avril dernier. Ce jour-l&agrave;,&nbsp;367 d&eacute;put&eacute;s avaient approuv&eacute; &agrave; une &eacute;crasante majorit&eacute; la proc&eacute;dure de destitution de la pr&eacute;sidente&nbsp;pour maquillage des comptes publics. Mais le pr&eacute;sident int&eacute;rimaire de la chambre basse, Waldir Maranhao, a relev&eacute; des irr&eacute;gularit&eacute;s dans le vote du 17 avril qui constitue selon lui un &laquo;pr&eacute;jugement&raquo; de la pr&eacute;sidente de gauche et porte &laquo;atteinte au droit &agrave; une pleine d&eacute;fense de la pr&eacute;sidente&raquo;. &laquo;Pour cette raison, j&#39;ai annul&eacute; la session (pl&eacute;ni&egrave;re du Congr&egrave;s des d&eacute;put&eacute;s) des 14, 16, 17 avril pour que soit convoqu&eacute;e une nouvelle session pour d&eacute;lib&eacute;rer sur la question&raquo;, a indiqu&eacute; Waldir Maranahao dans un texte distribu&eacute; aux journalistes et cit&eacute; par l&#39;AFP.\n<\/p>\n<p>\n\tLa pr&eacute;sidente du Br&eacute;sil a pour sa part d&eacute;clar&eacute; qu&#39;un appel avait &eacute;t&eacute; accept&eacute; et que la proc&eacute;dure de destitution &eacute;tait suspendue. Elle a ajout&eacute; que les cons&eacute;quences de cette d&eacute;cision demeuraient toutefois incertaines. Aujourd&#39;hui donc, la confusion r&egrave;gne. Car la destitution de Rousseff semblait acquise: les s&eacute;nateurs devaient en effet s&#39;exprimer sur cette proc&eacute;dure ce mercredi et il suffisait d&#39;une majorit&eacute; simple pour acter l&#39;ouverture d&#39;un proc&egrave;s. Or une cinquantaine de s&eacute;nateurs sur 81 avaient d&eacute;j&agrave; annonc&eacute; leur intention de voter dans ce sens. On s&#39;attendait donc &agrave; ce que Dilma Rousseff soit &eacute;cart&eacute; d&egrave;s jeudi du pouvoir pendant un d&eacute;lai maximum de six mois, avant un jugement final.\n<\/p>\n<p>\n\tCe lundi, le vote des s&eacute;nateurs paraissait donc compromis&#8230; Mais il n&#39;&eacute;tait pas &eacute;tabli si la d&eacute;cision de Maranhao pouvait &ecirc;tre, &agrave; son tour, invalid&eacute;e par la Cour supr&ecirc;me, le S&eacute;nat ou la majorit&eacute; de la chambre des d&eacute;put&eacute;s.\n<\/p>\n<p>\n\t&laquo;p&eacute;dalage budg&eacute;taire&raquo;\n<\/p>\n<p>\n\tWaldir Maranhao, vice-pr&eacute;sident de la chambre des d&eacute;put&eacute;s, a annonc&eacute; cette d&eacute;cision quelques jours &agrave; peine apr&egrave;s avoir pris ses fonctions de pr&eacute;sident de la chambre basse par int&eacute;rim. Il remplace &agrave; ce poste Eduardo Cunha, suspendu jeudi dernier par la justice br&eacute;silienne pour entrave aux enqu&ecirc;tes pour corruption le visant dans le vaste scandale&nbsp;Petrobras,&nbsp;du nom de la compagnie p&eacute;troli&egrave;re br&eacute;silienne. Or c&#39;est ce m&ecirc;me Eduardo Cunha qui a tir&eacute; les ficelles de la proc&eacute;dure de destitution de Dilma Rousseff. Waldir Maranhao, lui, avait vot&eacute; contre, le 17 avril dernier.\n<\/p>\n<p>\n\tLa proc&eacute;dure lanc&eacute;e &agrave; l&#39;encontre de Dilma Rousseff s&#39;appuie sur des&nbsp;soup&ccedil;ons de &laquo;p&eacute;dalage budg&eacute;taire&raquo;. L&#39;opposition accuse la pr&eacute;sidente d&#39;avoir maquill&eacute; les comptes publics en 2014 pour dissimuler aux Br&eacute;siliens l&#39;ampleur des d&eacute;ficits publics et se faire r&eacute;&eacute;lire, en octobre de la m&ecirc;me ann&eacute;e. Elle aurait us&eacute; du m&ecirc;me proc&eacute;d&eacute; d&eacute;but 2015. Des banques publiques auraient ainsi pris en charge provisoirement une partie des d&eacute;penses du gouvernement (estim&eacute;e &agrave; quelque 10 milliards d&#39;euros) avant d&#39;&ecirc;tre rembours&eacute;es. Un &laquo;crime de responsabilit&eacute;&raquo;, clame l&#39;opposition. &laquo;On veut me destituer pour des questions techniques de comptabilit&eacute; publique&raquo;, se d&eacute;fend Dilma Rousseff depuis le d&eacute;but, ajoutant que ses pr&eacute;d&eacute;cesseurs ont us&eacute; des m&ecirc;mes stratag&egrave;mes sans jamais &ecirc;tre inqui&eacute;t&eacute;s. Pour elle, cette proc&eacute;dure de destitution &laquo;est un coup d&#39;&Eacute;tat&raquo; qui &laquo;ne repose sur aucune des bases l&eacute;gales&raquo;.<\/p>\n","protected":false},"excerpt":{"rendered":"<p>Le pr&eacute;sident int&eacute;rimaire de la chambre basse du parlement br&eacute;silien a annonc&eacute; cette d&eacute;cision &agrave; la surprise g&eacute;n&eacute;rale. La confusion r&egrave;gne d&eacute;sormais sur la suite de la proc&eacute;dureRetour &agrave; la case d&eacute;part? Alors que le Br&eacute;sil s&#39;attendait &agrave; vivre cette semaine l&#39;&eacute;viction &#8211; du moins temporaire &#8211; de sa pr&eacute;sidente&nbsp;Dilma Rousseff, &agrave; la surprise g&eacute;n&eacute;rale, [&hellip;]<\/p>\n","protected":false},"author":2,"featured_media":4466,"comment_status":"open","ping_status":"open","sticky":false,"template":"","format":"standard","meta":{"_jetpack_memberships_contains_paid_content":false,"footnotes":"","jetpack_publicize_message":"","jetpack_publicize_feature_enabled":true,"jetpack_social_post_already_shared":true,"jetpack_social_options":{"image_generator_settings":{"template":"highway","default_image_id":0,"font":"","enabled":false},"version":2},"_wpas_customize_per_network":false},"categories":[405],"tags":[1035],"class_list":["post-4465","post","type-post","status-publish","format-standard","has-post-thumbnail","hentry","category-actu-france-monde","tag-vote-des-deputes-bresiliens-sur-la-destitution-de-dilma-rousseff-annule"],"jetpack_publicize_connections":[],"jetpack_featured_media_url":"https:\/\/i0.wp.com\/www.iceagetv.com\/radiosite\/wp-content\/uploads\/2016\/05\/vote-des-d%C3%A9put%C3%A9s-br%C3%A9siliens-sur-la-destitution-de-Dilma-Rousseff-annul%C3%A9.jpg?fit=805%2C453&ssl=1","jetpack_sharing_enabled":true,"_links":{"self":[{"href":"https:\/\/www.iceagetv.com\/radiosite\/wp-json\/wp\/v2\/posts\/4465","targetHints":{"allow":["GET"]}}],"collection":[{"href":"https:\/\/www.iceagetv.com\/radiosite\/wp-json\/wp\/v2\/posts"}],"about":[{"href":"https:\/\/www.iceagetv.com\/radiosite\/wp-json\/wp\/v2\/types\/post"}],"author":[{"embeddable":true,"href":"https:\/\/www.iceagetv.com\/radiosite\/wp-json\/wp\/v2\/users\/2"}],"replies":[{"embeddable":true,"href":"https:\/\/www.iceagetv.com\/radiosite\/wp-json\/wp\/v2\/comments?post=4465"}],"version-history":[{"count":1,"href":"https:\/\/www.iceagetv.com\/radiosite\/wp-json\/wp\/v2\/posts\/4465\/revisions"}],"predecessor-version":[{"id":4467,"href":"https:\/\/www.iceagetv.com\/radiosite\/wp-json\/wp\/v2\/posts\/4465\/revisions\/4467"}],"wp:featuredmedia":[{"embeddable":true,"href":"https:\/\/www.iceagetv.com\/radiosite\/wp-json\/wp\/v2\/media\/4466"}],"wp:attachment":[{"href":"https:\/\/www.iceagetv.com\/radiosite\/wp-json\/wp\/v2\/media?parent=4465"}],"wp:term":[{"taxonomy":"category","embeddable":true,"href":"https:\/\/www.iceagetv.com\/radiosite\/wp-json\/wp\/v2\/categories?post=4465"},{"taxonomy":"post_tag","embeddable":true,"href":"https:\/\/www.iceagetv.com\/radiosite\/wp-json\/wp\/v2\/tags?post=4465"}],"curies":[{"name":"wp","href":"https:\/\/api.w.org\/{rel}","templated":true}]}}