{"id":4485,"date":"2016-05-12T16:31:44","date_gmt":"2016-05-12T16:31:44","guid":{"rendered":"http:\/\/www.iceagetv.com\/radiosite\/?p=4485"},"modified":"2016-05-12T16:31:44","modified_gmt":"2016-05-12T16:31:44","slug":"loi-travail-situation-degenere-marge-manifestations","status":"publish","type":"post","link":"https:\/\/www.iceagetv.com\/radiosite\/loi-travail-situation-degenere-marge-manifestations\/","title":{"rendered":"Loi Travail : la situation d\u00e9g\u00e9n\u00e8re encore en marge des manifestations"},"content":{"rendered":"<p>\n\tNouvelle journ&eacute;e de mobilisation tendue en raison d&#39;une minorit&eacute; de casseurs &agrave; Paris.Retour au calme progressif du c&ocirc;t&eacute; des Invalides (VIIe arrondissement de Paris).&nbsp;Selon la pr&eacute;fecture de police,&nbsp;entre 11.500 et 12.500 personnes ont manifest&eacute; dans la capitale&nbsp;ce jeudi 12 mai pour s&#39;opposer&nbsp;au projet de loi de la ministre du Travail Myriam El Khomri.&nbsp;Une mobilisation globalement en baisse par rapport aux pr&eacute;c&eacute;dentes journ&eacute;es organis&eacute;es par tous les syndicats contestataires. Au m&ecirc;me moment, les parlementaires d&eacute;battaient &agrave; l&#39;Assembl&eacute;e nationale de la&nbsp;motion de censure&nbsp;contre le gouvernement d&eacute;pos&eacute;e par la droite &agrave; l&#39;Assembl&eacute;e nationale.\n<\/p>\n<p>\n\t<br \/>\n\t&Agrave; 17h30, Manuel Valls embrayait son discours dans le cadre du d&eacute;bat sur la motion de la droite contre le projet de loi El Khomri, tandis que la motion de&nbsp;la gauche n&#39;a pas recueilli le nombre de voix n&eacute;cessaire pour &ecirc;tre vot&eacute;e. Pendant ce temps, &agrave; l&#39;ext&eacute;rieur, les tensions en marge de la&nbsp;manifestation contre la m&ecirc;me loi s&#39;estompaient difficilement. Une demi-heure plus tard, le retour au calme semble enfin dominer.Quelques jeunes cagoul&eacute;s ont lanc&eacute; de&nbsp;nombreux projectiles sur les manifestants contre la loi travail et sur les forces de l&#39;ordre. Deux personnes ont &eacute;t&eacute; bless&eacute;es &agrave; la t&ecirc;te selon l&#39;AFP.&nbsp;Alors que le cort&egrave;ge arrivait au bout de son parcours, des jeunes casseurs s&#39;en sont pris bri&egrave;vement aux manifestants et aux journalistes pr&eacute;sents. Quelques minutes auparavant, les CRS avaient quitt&eacute; la t&ecirc;te du cort&egrave;ge.&nbsp;Le calme est revenu aux alentours de 16h15 sur la place des Invalides, avant de conna&icirc;tre d&#39;autres face-&agrave;-face, dissip&eacute;s depuis.&nbsp;\n<\/p>\n<p>\n\tAu Havre &eacute;galement la situation &eacute;tait tendue. Le local du PS au Havre a &eacute;t&eacute; saccag&eacute;, selon la pr&eacute;fecture, au passage d&#39;une manifestation contre la loi travail qui a rassembl&eacute; 1.600 personnes selon la police, 2.500 selon les syndicats.&nbsp;La porte d&#39;entr&eacute;e du local a &eacute;t&eacute; d&eacute;fonc&eacute;e, une dizaine de personnes sont entr&eacute;es, de nombreuses vitres &agrave; l&#39;int&eacute;rieur ont &eacute;t&eacute; cass&eacute;es, plusieurs tables renvers&eacute;es et des armoires vid&eacute;es.\n<\/p>\n<p>\n\tView image on Twitter<\/p>\n","protected":false},"excerpt":{"rendered":"<p>Nouvelle journ&eacute;e de mobilisation tendue en raison d&#39;une minorit&eacute; de casseurs &agrave; Paris.Retour au calme progressif du c&ocirc;t&eacute; des Invalides (VIIe arrondissement de Paris).&nbsp;Selon la pr&eacute;fecture de police,&nbsp;entre 11.500 et 12.500 personnes ont manifest&eacute; dans la capitale&nbsp;ce jeudi 12 mai pour s&#39;opposer&nbsp;au projet de loi de la ministre du Travail Myriam El Khomri.&nbsp;Une mobilisation globalement [&hellip;]<\/p>\n","protected":false},"author":2,"featured_media":4486,"comment_status":"open","ping_status":"open","sticky":false,"template":"","format":"standard","meta":{"_jetpack_memberships_contains_paid_content":false,"footnotes":"","jetpack_publicize_message":"","jetpack_publicize_feature_enabled":true,"jetpack_social_post_already_shared":true,"jetpack_social_options":{"image_generator_settings":{"template":"highway","default_image_id":0,"font":"","enabled":false},"version":2},"_wpas_customize_per_network":false},"categories":[405],"tags":[943],"class_list":["post-4485","post","type-post","status-publish","format-standard","has-post-thumbnail","hentry","category-actu-france-monde","tag-loi-travail"],"jetpack_publicize_connections":[],"jetpack_featured_media_url":"https:\/\/i0.wp.com\/www.iceagetv.com\/radiosite\/wp-content\/uploads\/2016\/05\/Loi-travail-1.jpg?fit=1620%2C1080&ssl=1","jetpack_sharing_enabled":true,"_links":{"self":[{"href":"https:\/\/www.iceagetv.com\/radiosite\/wp-json\/wp\/v2\/posts\/4485","targetHints":{"allow":["GET"]}}],"collection":[{"href":"https:\/\/www.iceagetv.com\/radiosite\/wp-json\/wp\/v2\/posts"}],"about":[{"href":"https:\/\/www.iceagetv.com\/radiosite\/wp-json\/wp\/v2\/types\/post"}],"author":[{"embeddable":true,"href":"https:\/\/www.iceagetv.com\/radiosite\/wp-json\/wp\/v2\/users\/2"}],"replies":[{"embeddable":true,"href":"https:\/\/www.iceagetv.com\/radiosite\/wp-json\/wp\/v2\/comments?post=4485"}],"version-history":[{"count":1,"href":"https:\/\/www.iceagetv.com\/radiosite\/wp-json\/wp\/v2\/posts\/4485\/revisions"}],"predecessor-version":[{"id":4487,"href":"https:\/\/www.iceagetv.com\/radiosite\/wp-json\/wp\/v2\/posts\/4485\/revisions\/4487"}],"wp:featuredmedia":[{"embeddable":true,"href":"https:\/\/www.iceagetv.com\/radiosite\/wp-json\/wp\/v2\/media\/4486"}],"wp:attachment":[{"href":"https:\/\/www.iceagetv.com\/radiosite\/wp-json\/wp\/v2\/media?parent=4485"}],"wp:term":[{"taxonomy":"category","embeddable":true,"href":"https:\/\/www.iceagetv.com\/radiosite\/wp-json\/wp\/v2\/categories?post=4485"},{"taxonomy":"post_tag","embeddable":true,"href":"https:\/\/www.iceagetv.com\/radiosite\/wp-json\/wp\/v2\/tags?post=4485"}],"curies":[{"name":"wp","href":"https:\/\/api.w.org\/{rel}","templated":true}]}}