{"id":4561,"date":"2016-05-25T07:57:32","date_gmt":"2016-05-25T07:57:32","guid":{"rendered":"http:\/\/www.iceagetv.com\/radiosite\/?p=4561"},"modified":"2016-05-25T07:57:32","modified_gmt":"2016-05-25T07:57:32","slug":"bleus-apres-forfait-de-varane-defense-decimee-chantier-immense-cauchemar","status":"publish","type":"post","link":"https:\/\/www.iceagetv.com\/radiosite\/bleus-apres-forfait-de-varane-defense-decimee-chantier-immense-cauchemar\/","title":{"rendered":"Bleus &#8211; Apr\u00e8s le forfait de Varane : Une d\u00e9fense d\u00e9cim\u00e9e, un chantier immense et un cauchemar"},"content":{"rendered":"<p>\n\tEURO 2016 &#8211; Apr&egrave;s Mamadou Sakho, suspendu, Mathieu Debuchy, non retenu, Didier Deschamps a perdu Rapha&euml;l Varane, mardi. Bless&eacute; &agrave; une cuisse, le Madril&egrave;ne doit renoncer &agrave; l&#39;Euro 2016. C&#39;est un immense coup dur pour l&#39;&eacute;quipe de France qui a perdu 75% des joueurs qui composaient son arri&egrave;re-garde il y a deux ans au Br&eacute;sil. Pour Deschamps, le chantier est immense et le temps est compt&eacute;.\n<\/p>\n<p>\n\tDidier Deschamps va peut-&ecirc;tre finir par mettre&nbsp;Patrice Evra&nbsp;sous une cloche de verre. A un peu plus de deux semaines de France &ndash; Roumanie, match d&rsquo;ouverture du Championnat d&rsquo;Europe des Nations, Didier Deschamps a perdu un autre des soldats de son arri&egrave;re-garde. Et pas n&rsquo;importe lequel :&nbsp;la pierre angulaire de son quatuor, Rapha&euml;l Varane.&nbsp;Son forfait n&rsquo;est finalement pas une surprise,&nbsp;surtout apr&egrave;s ce que nous avait confi&eacute; l&rsquo;ancien m&eacute;decin des Bleus, Jean-Pierre Paclet, mardi apr&egrave;s-midi.&nbsp;Il n&rsquo;en reste pas moins que c&rsquo;est un immense coup dur. Si ce n&rsquo;est pas le premier d&rsquo;une ann&eacute;e maudite pour les Bleus, c&rsquo;est possiblement le plus pr&eacute;judiciable.Didier Deschamps a d&eacute;cid&eacute; de ne pas laisser tra&icirc;ner le suspense en &ldquo;coupant&rdquo; rapidement Varane de son groupe. Le s&eacute;lectionneur de l&rsquo;&eacute;quipe de France l&rsquo;a &eacute;videmment fait &agrave; contre-c&oelig;ur et conscient de ce qu&rsquo;il perd en laissant le Madril&egrave;ne &agrave; la maison. Durant les deux ann&eacute;es qui ont suivi la Coupe du monde 2014, l&rsquo;ancien d&eacute;fenseur de&nbsp;Lens&nbsp;a &eacute;t&eacute; le seul joueur de l&rsquo;&eacute;quipe de France constamment align&eacute; par DD. Varane restait sur 24 s&eacute;lections de suite. La prochaine, ce sera au plus t&ocirc;t apr&egrave;s l&rsquo;&eacute;t&eacute;, en Italie.\n<\/p>\n<p>\n\tEvra, le dernier des Mohicans\n<\/p>\n<p>\n\tD&rsquo;ici l&agrave;, les Bleus auront disput&eacute; l&rsquo;Euro sans lui. Et avec une arri&egrave;re-garde que personne n&rsquo;aurait s&eacute;rieusement envisag&eacute;e il y a encore quelques mois. Durant la derni&egrave;re Coupe du monde, DD avait b&acirc;ti sa d&eacute;fense autour d&rsquo;un quatuor Debuchy &ndash; Varane &ndash; Sakho &ndash; Evra. Au soir du 4 juillet 2014, apr&egrave;s le quart de finale perdu face &agrave; l&rsquo;Allemagne (1-0), Patrice Evra, en raison de son &acirc;ge et de la concurrence (Digne, Kurzawa), paraissait le plus &ldquo;menac&eacute;&rdquo; par un &eacute;ventuel renouvellement. Le 10 juin prochain, sauf malheur que l&rsquo;on ne souhaite ni au Turinois ni aux Bleus, il sera le dernier des Mohicans et le seul repr&eacute;sentant d&rsquo;une d&eacute;fense qui, m&ecirc;me si elle s&rsquo;&eacute;tait montr&eacute;e un peu tendre face aux Allemands, &agrave; l&rsquo;image de Varane face &agrave;Hummels, &eacute;tait promise &agrave; un avenir radieux.<\/p>\n","protected":false},"excerpt":{"rendered":"<p>EURO 2016 &#8211; Apr&egrave;s Mamadou Sakho, suspendu, Mathieu Debuchy, non retenu, Didier Deschamps a perdu Rapha&euml;l Varane, mardi. Bless&eacute; &agrave; une cuisse, le Madril&egrave;ne doit renoncer &agrave; l&#39;Euro 2016. C&#39;est un immense coup dur pour l&#39;&eacute;quipe de France qui a perdu 75% des joueurs qui composaient son arri&egrave;re-garde il y a deux ans au Br&eacute;sil. [&hellip;]<\/p>\n","protected":false},"author":2,"featured_media":4562,"comment_status":"open","ping_status":"open","sticky":false,"template":"","format":"standard","meta":{"_jetpack_memberships_contains_paid_content":false,"footnotes":"","jetpack_publicize_message":"","jetpack_publicize_feature_enabled":true,"jetpack_social_post_already_shared":true,"jetpack_social_options":{"image_generator_settings":{"template":"highway","default_image_id":0,"font":"","enabled":false},"version":2},"_wpas_customize_per_network":false},"categories":[18],"tags":[953],"class_list":["post-4561","post","type-post","status-publish","format-standard","has-post-thumbnail","hentry","category-actu-sport","tag-euro-2016"],"jetpack_publicize_connections":[],"jetpack_featured_media_url":"https:\/\/i0.wp.com\/www.iceagetv.com\/radiosite\/wp-content\/uploads\/2016\/05\/euro-2016.jpg?fit=2050%2C1153&ssl=1","jetpack_sharing_enabled":true,"_links":{"self":[{"href":"https:\/\/www.iceagetv.com\/radiosite\/wp-json\/wp\/v2\/posts\/4561","targetHints":{"allow":["GET"]}}],"collection":[{"href":"https:\/\/www.iceagetv.com\/radiosite\/wp-json\/wp\/v2\/posts"}],"about":[{"href":"https:\/\/www.iceagetv.com\/radiosite\/wp-json\/wp\/v2\/types\/post"}],"author":[{"embeddable":true,"href":"https:\/\/www.iceagetv.com\/radiosite\/wp-json\/wp\/v2\/users\/2"}],"replies":[{"embeddable":true,"href":"https:\/\/www.iceagetv.com\/radiosite\/wp-json\/wp\/v2\/comments?post=4561"}],"version-history":[{"count":1,"href":"https:\/\/www.iceagetv.com\/radiosite\/wp-json\/wp\/v2\/posts\/4561\/revisions"}],"predecessor-version":[{"id":4563,"href":"https:\/\/www.iceagetv.com\/radiosite\/wp-json\/wp\/v2\/posts\/4561\/revisions\/4563"}],"wp:featuredmedia":[{"embeddable":true,"href":"https:\/\/www.iceagetv.com\/radiosite\/wp-json\/wp\/v2\/media\/4562"}],"wp:attachment":[{"href":"https:\/\/www.iceagetv.com\/radiosite\/wp-json\/wp\/v2\/media?parent=4561"}],"wp:term":[{"taxonomy":"category","embeddable":true,"href":"https:\/\/www.iceagetv.com\/radiosite\/wp-json\/wp\/v2\/categories?post=4561"},{"taxonomy":"post_tag","embeddable":true,"href":"https:\/\/www.iceagetv.com\/radiosite\/wp-json\/wp\/v2\/tags?post=4561"}],"curies":[{"name":"wp","href":"https:\/\/api.w.org\/{rel}","templated":true}]}}