{"id":4583,"date":"2016-05-29T16:23:52","date_gmt":"2016-05-29T16:23:52","guid":{"rendered":"http:\/\/www.iceagetv.com\/radiosite\/?p=4583"},"modified":"2016-05-29T16:23:52","modified_gmt":"2016-05-29T16:23:52","slug":"andre-rousselet-fondateur-de-canal-plus-intime-de-francois-mitterrand-patron-taxis-g7-mort-a-93-ans","status":"publish","type":"post","link":"https:\/\/www.iceagetv.com\/radiosite\/andre-rousselet-fondateur-de-canal-plus-intime-de-francois-mitterrand-patron-taxis-g7-mort-a-93-ans\/","title":{"rendered":"Andr\u00e9 Rousselet, fondateur de Canal Plus, intime de Fran\u00e7ois Mitterrand et patron des taxis G7, est mort \u00e0 93 ans"},"content":{"rendered":"<p>\n\tAndr&eacute; Rousselet, fondateur de Canal Plus est mort &agrave; 93 ans\n<\/p>\n<p>\n\t&quot;Il s&#39;est &eacute;teint paisiblement chez lui, dans sa 94e ann&eacute;e, il &eacute;tait juste fatigu&eacute; par l&#39;&acirc;ge&quot;, a d&eacute;clar&eacute; l&#39;un de ses fils, Philippe Rousselet.\n<\/p>\n<p>\n\tRep&eacute;r&eacute; par l&#39;entourage de Fran&ccedil;ois Mitterrand en tant que &laquo; talentueux sous-pr&eacute;fet &raquo;, il devient chef de cabinet adjoint de celui-ci, nomm&eacute; ministre de l&#39;int&eacute;rieur du gouvernement Mend&egrave;s France (juillet 1954-f&eacute;vrier 1955).\n<\/p>\n<p>\n\tC&#39;est le premier pas d&#39;une longue fid&eacute;lit&eacute; au futur pr&eacute;sident.\n<\/p>\n<p>\n\tIl le suit au minist&egrave;re de la justice, comme chef de cabinet, sous le gouvernement Guy Mollet. &Agrave; l&#39;arriv&eacute;e du g&eacute;n&eacute;ral de Gaulle, il d&eacute;missionne de l&#39;administration, et entre au service des relations ext&eacute;rieures chez Simca.\n<\/p>\n<p>\n\tEnsuite, en 1960, il devient propri&eacute;taire de la G7, l&#39;une des toutes premi&egrave;res compagnies de taxis parisiens, elle m&ecirc;me filiale de Simca3. Il la modernise, puis lui adjoint de nouvelles activit&eacute;s au sein de l&#39;actuel GROUPE G7.\n<\/p>\n<p>\n\t&Agrave; chaque campagne pr&eacute;sidentielle de Fran&ccedil;ois Mitterrand &agrave; partir de 1965, il se charge de rassembler les financements n&eacute;cessaires &agrave; son organisation.\n<\/p>\n<p>\n\tIl est &eacute;lu d&eacute;put&eacute; FGDS de la Haute-Garonne le 12 mars 1967 et si&egrave;ge &agrave; l&#39;Assembl&eacute;e nationale jusqu&#39;&agrave; sa d&eacute;faite le 30 juin 1968.\n<\/p>\n<p>\n\tEn 1981, il reste une ann&eacute;e &agrave; l&#39;&Eacute;lys&eacute;e en tant que directeur de cabinet avant de prendre la direction de Havas.\n<\/p>\n<p>\n\tA 62 ans, il devient patron d&rsquo;Havas puis cr&eacute;e Canal+, qui faillit sombrer avant de conna&icirc;tre le succ&egrave;s.\n<\/p>\n<p>\n\tIl en d&eacute;missionne avec fracas, en 1994, lorsqu&rsquo;un pacte d&rsquo;actionnaires &ndash; b&eacute;ni par Edouard Balladur, Premier ministre &ndash; met Canal+ sous tutelle. (&nbsp;Wikipedia&nbsp;)\n<\/p>\n<p>\n\tEn 1994, il publie une tribune &laquo;Edouard m&#39;a tuer&raquo;, o&ugrave; Andr&eacute; Rousselet accuse le Premier ministre d&#39;avoir eu sa peau.\n<\/p>\n<p>\n\tApr&egrave;s son &eacute;viction de Canal+, &agrave; l&#39;&eacute;t&eacute;&nbsp;1994&nbsp;il prend la majorit&eacute; du capital du quotidien nouvellement cr&eacute;&eacute;&nbsp;InfoMatin.\n<\/p>\n<p>\n\tApr&egrave;s une centaine de millions de francs de pertes, des conflits incessants avec les journalistes et le refus de la r&eacute;daction de mettre en place une version r&eacute;nov&eacute;e, il d&eacute;pose le bilan du journal qui dispara&icirc;t en janvier 1996\n<\/p>\n<p>\n\tLors de son passage dans l&#39;&eacute;mission &quot;Des paroles et des actes&quot; en 2012, Nicolas Sarkozy a mis en cause Andr&eacute; Rousselet, le fondateur de Canal + en accusant Fran&ccedil;ois Mitterrand de lui &quot;avoir donn&eacute; Canal +&quot;.\n<\/p>\n<p>\n\t&quot;Andr&eacute; Rousselet &eacute;tait propri&eacute;taire de la Compagnie de taxis dont Fran&ccedil;ois Mitterrand &eacute;tait par ailleurs l&#39;avocat&quot;, a ajout&eacute; M. Sarkozy.\n<\/p>\n<p>\n\tM. Rousselet a r&eacute;pliqu&eacute;, mercredi 7 mars, dans un communiqu&eacute; :\n<\/p>\n<p>\n\t&quot;Ces propos dont l&#39;approximation dans la bouche du candidat-pr&eacute;sident nous est coutumi&egrave;re, m&eacute;ritent, tant ils sont &eacute;loign&eacute;s de la v&eacute;rit&eacute;, d&#39;&ecirc;tre&nbsp;redress&eacute;s. (&#8230;)&nbsp;\n<\/p>\n<p>\n\tFran&ccedil;ois Mitterrand n&#39;a jamais &eacute;t&eacute; l&#39;avocat des Taxis G7.\n<\/p>\n<p>\n\tC&#39;est en arrivant &agrave; la pr&eacute;sidence d&#39;Havas &agrave; laquelle j&#39;avais &eacute;t&eacute; nomm&eacute; que j&#39;ai trouv&eacute; un dossier concernant la cr&eacute;ation d&#39;une cha&icirc;ne crypt&eacute;e.&nbsp;(&#8230;)&nbsp;\n<\/p>\n<p>\n\tSans doute dois-je&nbsp;battre&nbsp;ma coulpe d&#39;en&nbsp;avoir&nbsp;&eacute;t&eacute; &agrave; l&#39;origine et d&#39;en avoir assur&eacute; avec d&#39;autres le succ&egrave;s !&quot;\n<\/p>\n<p>\n\tJ&#39;ajoute pour &ecirc;tre pr&eacute;cis que j&#39;ai &eacute;t&eacute; &eacute;cart&eacute; sans indemnit&eacute; de la direction de Canal+ &agrave; l&#39;instigation d&#39;Edouard Balladur, dont Nicolas Sarkozy &eacute;tait le ministre de la Communication !\n<\/p>\n<p>\n\t&nbsp;Rien n&#39;autorise quiconque &agrave;&nbsp;travestir&nbsp;la v&eacute;rit&eacute; comme l&#39;a fait d&eacute;lib&eacute;r&eacute;ment Nicolas Sarkozy. Ai-je tort de la&nbsp;r&eacute;tablir&nbsp;?&quot;\n<\/p>\n<p>\n\tMais Rousselet a bien d&rsquo;autres vies : le business avec la compagnie de taxis G7, l&rsquo;art contemporain avec la Galerie de France..<\/p>\n","protected":false},"excerpt":{"rendered":"<p>Andr&eacute; Rousselet, fondateur de Canal Plus est mort &agrave; 93 ans &quot;Il s&#39;est &eacute;teint paisiblement chez lui, dans sa 94e ann&eacute;e, il &eacute;tait juste fatigu&eacute; par l&#39;&acirc;ge&quot;, a d&eacute;clar&eacute; l&#39;un de ses fils, Philippe Rousselet. Rep&eacute;r&eacute; par l&#39;entourage de Fran&ccedil;ois Mitterrand en tant que &laquo; talentueux sous-pr&eacute;fet &raquo;, il devient chef de cabinet adjoint de [&hellip;]<\/p>\n","protected":false},"author":2,"featured_media":4584,"comment_status":"open","ping_status":"open","sticky":false,"template":"","format":"standard","meta":{"_jetpack_memberships_contains_paid_content":false,"footnotes":"","jetpack_publicize_message":"","jetpack_publicize_feature_enabled":true,"jetpack_social_post_already_shared":true,"jetpack_social_options":{"image_generator_settings":{"template":"highway","default_image_id":0,"font":"","enabled":false},"version":2},"_wpas_customize_per_network":false},"categories":[68],"tags":[1068],"class_list":["post-4583","post","type-post","status-publish","format-standard","has-post-thumbnail","hentry","category-actu-culturelle","tag-andre-rousselet"],"jetpack_publicize_connections":[],"jetpack_featured_media_url":"https:\/\/i0.wp.com\/www.iceagetv.com\/radiosite\/wp-content\/uploads\/2016\/05\/Andr%C3%A9-Rousselet.jpg?fit=628%2C287&ssl=1","jetpack_sharing_enabled":true,"_links":{"self":[{"href":"https:\/\/www.iceagetv.com\/radiosite\/wp-json\/wp\/v2\/posts\/4583","targetHints":{"allow":["GET"]}}],"collection":[{"href":"https:\/\/www.iceagetv.com\/radiosite\/wp-json\/wp\/v2\/posts"}],"about":[{"href":"https:\/\/www.iceagetv.com\/radiosite\/wp-json\/wp\/v2\/types\/post"}],"author":[{"embeddable":true,"href":"https:\/\/www.iceagetv.com\/radiosite\/wp-json\/wp\/v2\/users\/2"}],"replies":[{"embeddable":true,"href":"https:\/\/www.iceagetv.com\/radiosite\/wp-json\/wp\/v2\/comments?post=4583"}],"version-history":[{"count":1,"href":"https:\/\/www.iceagetv.com\/radiosite\/wp-json\/wp\/v2\/posts\/4583\/revisions"}],"predecessor-version":[{"id":4585,"href":"https:\/\/www.iceagetv.com\/radiosite\/wp-json\/wp\/v2\/posts\/4583\/revisions\/4585"}],"wp:featuredmedia":[{"embeddable":true,"href":"https:\/\/www.iceagetv.com\/radiosite\/wp-json\/wp\/v2\/media\/4584"}],"wp:attachment":[{"href":"https:\/\/www.iceagetv.com\/radiosite\/wp-json\/wp\/v2\/media?parent=4583"}],"wp:term":[{"taxonomy":"category","embeddable":true,"href":"https:\/\/www.iceagetv.com\/radiosite\/wp-json\/wp\/v2\/categories?post=4583"},{"taxonomy":"post_tag","embeddable":true,"href":"https:\/\/www.iceagetv.com\/radiosite\/wp-json\/wp\/v2\/tags?post=4583"}],"curies":[{"name":"wp","href":"https:\/\/api.w.org\/{rel}","templated":true}]}}