{"id":4612,"date":"2016-06-03T09:17:59","date_gmt":"2016-06-03T09:17:59","guid":{"rendered":"http:\/\/www.iceagetv.com\/radiosite\/?p=4612"},"modified":"2016-06-03T09:17:59","modified_gmt":"2016-06-03T09:17:59","slug":"maitena-ali-yann-thomas-ophelie-autres-ont-decide-de-quitter-canal-plus","status":"publish","type":"post","link":"https:\/\/www.iceagetv.com\/radiosite\/maitena-ali-yann-thomas-ophelie-autres-ont-decide-de-quitter-canal-plus\/","title":{"rendered":"Maitena, Ali, Yann, Thomas, Oph\u00e9lie et les autres &#8211; Pourquoi ont-ils d\u00e9cid\u00e9 de quitter Canal Plus ?"},"content":{"rendered":"<p>\n\tMaitena Biraben, Ali Badou, Yann Barth&egrave;s, Gr&eacute;goire Margotton, Thomas Thouroude, Oph&eacute;lie Meunier&#8230;\n<\/p>\n<p>\n\tVoici les visages de Canal Plus qui ont d&eacute;cid&eacute; ces derniers jours de quitter la cha&icirc;ne.\n<\/p>\n<p>\n\tAlors bien s&ucirc;r il ne faut pas oublier ceux qui restent et on pense &agrave; des gens comme Daphn&eacute; B&uuml;rki ou encore Thierry Ardisson, mais il est certain que &ccedil;a bouge du c&ocirc;t&eacute; de Canal Plus.\n<\/p>\n<p>\n\tAlors pourquoi ces mouvements ?\n<\/p>\n<p>\n\tSelon notre enqu&ecirc;te, il y a 2 raisons &agrave; cela:\n<\/p>\n<p>\n\t1\/ Le clair n&#39;est plus la priorit&eacute; de Vincent Bollor&eacute;\n<\/p>\n<p>\n\tOn ne peut pas dire que nouveau de Vivendi prenne par surprise ses &eacute;quipes, il l&#39;a dit clairement, &quot;le clair n&#39;est pas sa priorit&eacute;&quot; et il l&#39;a expliqu&eacute; r&eacute;cemment:\n<\/p>\n<p>\n\t&quot;Quand on ouvre une plage en clair, on gagne certes &agrave; court terme des recettes publicitaires, mais &agrave; long terme, on perd des abonn&eacute;s.\n<\/p>\n<p>\n\tIl n&rsquo;y a pas une seule cha&icirc;ne payante au monde qui ait des tranches en clair.&quot;\n<\/p>\n<p>\n\tDifficile de contredire Vincent Bollor&eacute; sur cette analyse qui va n&eacute;anmoins &agrave; l&#39;encontre de tout ce qui &eacute;tait fait depuis des ann&eacute;es par la cha&icirc;ne.\n<\/p>\n<p>\n\tMais le r&eacute;sultat ne la strat&eacute;gie n&#39;a pas port&eacute; ses fruits.\n<\/p>\n<p>\n\tCertes la cha&icirc;ne avait une belle image, mais non seulement le nombre d&#39;abonnements &eacute;tait en chute libre, mais &eacute;galement les pertes de Canal Plus se creusaient de fa&ccedil;on abyssale au point de d&eacute;passer les 400 millions d&#39;euros en 2016.\n<\/p>\n<p>\n\t2\/ Des animateurs avec de petites audiences, de grosses ambitions et parfois&#8230; des soucis.\n<\/p>\n<p>\n\tContrairement &agrave; ce qu&#39;affirment certains m&eacute;dias, il n&#39;y a pas une seule raison qui explique le d&eacute;part des animateurs de la cha&icirc;ne.&nbsp;\n<\/p>\n<p>\n\tEn quelques mots, on peut rappeler, par exemple, que&nbsp;Thomas Thouroude&nbsp;n&#39;avait pas de vrais projets avec Canal alors que France 2 lui proposait un talk show quotidien en septembre, que&nbsp;Oph&eacute;lie Meunier&nbsp;n&#39;&eacute;tait pas certaine de la poursuite du Tube en clair alors que M6 lui offrait la prestigieuse vitrine de Zone Interdite, que&nbsp;Maitena Birabenn&#39;est jamais parvenue &agrave; faire d&eacute;coller le Grand Journal qui a perdu les 2\/3 de ses t&eacute;l&eacute;spectateurs et on voyait mal comment elle aurait pu poursuivre.\n<\/p>\n<p>\n\tReste deux cas, ceux de Yann Barth&egrave;s et de Gr&eacute;goire Margotton.&nbsp;\n<\/p>\n<p>\n\tDeux journalistes qui ont fait des choix personnels et journalistiques.\n<\/p>\n<p>\n\tYann Barthes&nbsp;avait clairement un probl&egrave;me avec la nouvelle direction et ses allusions &agrave; l&#39;antenne le prouvent.\n<\/p>\n<p>\n\tIl fait un choix courageux et logique. Il est en d&eacute;saccord et donc d&eacute;cide de partir. Un choix clair et honn&ecirc;te &agrave; son image.\n<\/p>\n<p>\n\tGr&eacute;goire Margotton&nbsp;souhaitait lui tourner la page et se lancer un nouveau d&eacute;fi.\n<\/p>\n<p>\n\tUne greffe r&eacute;ussie sur TF1 et un bon choix &agrave; en croire les r&eacute;actions apr&egrave;s sa premi&egrave;re prestation en d&eacute;but de semaine..\n<\/p>\n<p>\n\tEnfin, du c&ocirc;t&eacute; d&#39;&nbsp;Ali Baddou&nbsp;,&nbsp;selon nos informations&nbsp;, l&#39;affaire de son faux permis de conduire achet&eacute; en &eacute;change de quelques milliers d&#39;euros aurait pu &ecirc;tre enterr&eacute;e, mais&nbsp;le 22 mai dernier, Nadine Morano a chang&eacute; la donne.\n<\/p>\n<p>\n\tAlors que le journaliste interpellait Nadine Morano, celle-ci a r&eacute;pliqu&eacute; en &eacute;voquant son &quot;affaire&quot;.&nbsp;\n<\/p>\n<p>\n\tIl semblait d&egrave;s lors compliqu&eacute; de laisser en place l&#39;animateur en prenant le risque qu&#39;il se fasse remettre en place, &agrave; chaque fois, par les invit&eacute;s avec une remarque sur son permis de conduire achet&eacute;.\n<\/p>\n<p>\n\t&quot;Dans n&#39;importe quelle autre soci&eacute;t&eacute; vous ne seriez plus en place apr&egrave;s une telle affaire&quot; lui avait lanc&eacute; Nadine Morano.\n<\/p>\n<p>\n\tIl semble donc que Canal ne soit pas, au fond, si diff&eacute;rente des autres soci&eacute;t&eacute;s&#8230;.\n<\/p>\n<p>\n\t&nbsp;<\/p>\n","protected":false},"excerpt":{"rendered":"<p>Maitena Biraben, Ali Badou, Yann Barth&egrave;s, Gr&eacute;goire Margotton, Thomas Thouroude, Oph&eacute;lie Meunier&#8230; Voici les visages de Canal Plus qui ont d&eacute;cid&eacute; ces derniers jours de quitter la cha&icirc;ne. Alors bien s&ucirc;r il ne faut pas oublier ceux qui restent et on pense &agrave; des gens comme Daphn&eacute; B&uuml;rki ou encore Thierry Ardisson, mais il est [&hellip;]<\/p>\n","protected":false},"author":2,"featured_media":0,"comment_status":"open","ping_status":"open","sticky":false,"template":"","format":"standard","meta":{"_jetpack_memberships_contains_paid_content":false,"footnotes":"","jetpack_publicize_message":"","jetpack_publicize_feature_enabled":true,"jetpack_social_post_already_shared":true,"jetpack_social_options":{"image_generator_settings":{"template":"highway","default_image_id":0,"font":"","enabled":false},"version":2},"_wpas_customize_per_network":false},"categories":[68],"tags":[1076],"class_list":["post-4612","post","type-post","status-publish","format-standard","hentry","category-actu-culturelle","tag-canal-plus"],"jetpack_publicize_connections":[],"jetpack_featured_media_url":"","jetpack_sharing_enabled":true,"_links":{"self":[{"href":"https:\/\/www.iceagetv.com\/radiosite\/wp-json\/wp\/v2\/posts\/4612","targetHints":{"allow":["GET"]}}],"collection":[{"href":"https:\/\/www.iceagetv.com\/radiosite\/wp-json\/wp\/v2\/posts"}],"about":[{"href":"https:\/\/www.iceagetv.com\/radiosite\/wp-json\/wp\/v2\/types\/post"}],"author":[{"embeddable":true,"href":"https:\/\/www.iceagetv.com\/radiosite\/wp-json\/wp\/v2\/users\/2"}],"replies":[{"embeddable":true,"href":"https:\/\/www.iceagetv.com\/radiosite\/wp-json\/wp\/v2\/comments?post=4612"}],"version-history":[{"count":1,"href":"https:\/\/www.iceagetv.com\/radiosite\/wp-json\/wp\/v2\/posts\/4612\/revisions"}],"predecessor-version":[{"id":4613,"href":"https:\/\/www.iceagetv.com\/radiosite\/wp-json\/wp\/v2\/posts\/4612\/revisions\/4613"}],"wp:attachment":[{"href":"https:\/\/www.iceagetv.com\/radiosite\/wp-json\/wp\/v2\/media?parent=4612"}],"wp:term":[{"taxonomy":"category","embeddable":true,"href":"https:\/\/www.iceagetv.com\/radiosite\/wp-json\/wp\/v2\/categories?post=4612"},{"taxonomy":"post_tag","embeddable":true,"href":"https:\/\/www.iceagetv.com\/radiosite\/wp-json\/wp\/v2\/tags?post=4612"}],"curies":[{"name":"wp","href":"https:\/\/api.w.org\/{rel}","templated":true}]}}