{"id":46174,"date":"2026-08-31T09:58:14","date_gmt":"2026-08-31T07:58:14","guid":{"rendered":"https:\/\/www.iceagetv.com\/radiosite\/?p=46174"},"modified":"2026-08-31T09:58:15","modified_gmt":"2026-08-31T07:58:15","slug":"un-point-de-bascule-comment-la-flambee-des-prix-des-carburants-a-accelere-les-ventes-de-voitures-electriques-en-france","status":"publish","type":"post","link":"https:\/\/www.iceagetv.com\/radiosite\/un-point-de-bascule-comment-la-flambee-des-prix-des-carburants-a-accelere-les-ventes-de-voitures-electriques-en-france\/","title":{"rendered":"\u00ab\u00a0Un point de bascule\u00a0\u00bb\u00a0: comment la flamb\u00e9e des prix des carburants a acc\u00e9l\u00e9r\u00e9 les ventes de voitures \u00e9lectriques en France"},"content":{"rendered":"\n<p class=\"wp-block-paragraph\">Les cons\u00e9quences du conflit au Moyen-Orient ont dop\u00e9 un march\u00e9 de l&rsquo;\u00e9lectrique qui profite \u00e9galement de politiques publiques favorables et de tarifs plus abordables.Sur les forums automobiles, les r\u00e9seaux sociaux et dans les concessions, les voitures \u00e9lectriques ont la cote. Les \u00ab\u00a0wattures\u00a0\u00bb, qui ont profit\u00e9 de&nbsp;<a href=\"https:\/\/www.franceinfo.fr\/monde\/iran\/guerre-entre-les-etats-unis-israel-et-l-iran\/le-prix-du-gazole-atteint-un-niveau-record-en-france-depuis-1985_7906565.html\">la flamb\u00e9e des prix du carburant<\/a>&nbsp;en raison de la guerre au Moyen-Orient, ont repr\u00e9sent\u00e9 un tiers des voitures neuves vendues en juillet, selon la Plateforme automobile (PFA), qui rassemble constructeurs, \u00e9quipementiers et fournisseurs en France. Un chiffre qui confirme la bonne sant\u00e9 du secteur.<\/p>\n\n\n\n<p class=\"wp-block-paragraph\"><em>\u00ab\u00a0Impensable\u00a0\u00bb&nbsp;<\/em>il y a encore quelques ann\u00e9es, la voiture \u00e9lectrique est devenue une r\u00e9alit\u00e9 pour Fr\u00e9d\u00e9ric. En juin, cet habitant de Rouen a acquis une Tesla, apr\u00e8s trois mois&nbsp;<a href=\"https:\/\/www.franceinfo.fr\/economie\/automobile\/essence\/temoignages-la-voiture-c-est-mon-passeport-pour-travailler-entre-dependance-et-adaptation-le-casse-tete-des-francais-face-a-la-crise-des-carburants_7911272.html\">lors desquels les prix \u00e0 la pompe avaient atteint des niveaux \u00ab\u00a0ind\u00e9cents\u00a0\u00bb,<\/a>&nbsp;culminant \u00e0 2,26&nbsp;euros le litre de gazole en avril,&nbsp;<a href=\"https:\/\/www.insee.fr\/fr\/statistiques\/serie\/000442588?idbank=000442588\" target=\"_blank\" rel=\"noreferrer noopener\">selon l&rsquo;Insee(Nouvelle fen\u00eatre)<\/a>.&nbsp;<em>\u00ab\u00a0On d\u00e9pensait jusqu&rsquo;\u00e0 100&nbsp;euros par semaine en diesel, et ce changement nous a fait \u00e9conomiser environ 340&nbsp;euros par mois\u00a0\u00bb<\/em>, calcule ce quadrag\u00e9naire, dont la transition a fait des \u00e9mules.<em>&nbsp;\u00ab\u00a0Plusieurs personnes de ma famille se sont aussi lanc\u00e9es quand ils ont vu les r\u00e9sultats.\u00a0\u00bb<\/em><\/p>\n\n\n\n<h2 class=\"wp-block-heading\">\u00ab\u00a0L&rsquo;effet s&rsquo;est \u00e9tal\u00e9 sur plusieurs mois\u00a0\u00bb<\/h2>\n\n\n\n<p class=\"wp-block-paragraph\">Entre janvier et juillet&nbsp;2026, les v\u00e9hicules \u00e9lectriques \u2013 3,5% du parc automobile fran\u00e7ais au d\u00e9but de l&rsquo;ann\u00e9e,&nbsp;<a href=\"https:\/\/www.statistiques.developpement-durable.gouv.fr\/parc-et-circulation-des-vehicules-routiers\" target=\"_blank\" rel=\"noreferrer noopener\">selon le Service des donn\u00e9es et \u00e9tudes statistiques (Sdes) de l&rsquo;Etat(Nouvelle fen\u00eatre)<\/a>&nbsp;\u2013 ont repr\u00e9sent\u00e9 29,1% des voitures vendues, contre 17,5% en 2025 sur la m\u00eame p\u00e9riode,&nbsp;<a href=\"https:\/\/pfa-auto.fr\/2026\/08\/01\/marche-automobile-francais-juillet-2026\/\" target=\"_blank\" rel=\"noreferrer noopener\">selon la PFA(Nouvelle fen\u00eatre)<\/a>. 285&nbsp;943 \u00ab\u00a0wattures\u00a0\u00bb ont ainsi \u00e9t\u00e9 vendues en France, soit pr\u00e8s de 120&nbsp;000 de plus que sur la p\u00e9riode janvier-juillet 2025 (168&nbsp;191). Parmi les mod\u00e8les pl\u00e9biscit\u00e9s figurent la Renault&nbsp;5 (3&nbsp;794 voitures vendues), la Renault Scenic V (2&nbsp;910) et la Renault Twingo IV (2&nbsp;564). Cette hausse a aussi profit\u00e9 au march\u00e9 de l&rsquo;occasion, avec des ventes&nbsp;<a href=\"https:\/\/www.aaa-data.fr\/actualites\/communique-de-presse-du-1er-aout-2026\/\" target=\"_blank\" rel=\"noreferrer noopener\">en hausse de +54% sur un an(Nouvelle fen\u00eatre)<\/a>.<\/p>\n\n\n\n<p class=\"wp-block-paragraph\">Dans le m\u00eame temps, les ventes de v\u00e9hicules thermiques neufs se sont effondr\u00e9es, tandis que celles des hybrides sont rest\u00e9es \u00e0 un niveau stable, dans un march\u00e9 des automobiles neuves (toutes motorisations confondues) en hausse (+9%) mais\u00a0<a href=\"https:\/\/www.franceinfo.fr\/economie\/automobile\/crise-automobile\/grand-entretien-comment-expliquer-la-crise-automobile-actuelle-un-economiste-a-repondu-a-nos-questions_7140921.html\">encore tr\u00e8s \u00e9loign\u00e9 de ses niveaux d&rsquo;avant-Covid-19<\/a>.\u00a0<em>\u00ab\u00a0Il y a, sans aucun doute, un effet de la flamb\u00e9e des prix des carburants sur le march\u00e9 automobile, avec des consommateurs qui se tournent vers l&rsquo;\u00e9lectrique\u00a0\u00bb,\u00a0<\/em>observe Bastien Gebel, sp\u00e9cialiste de la d\u00e9carbonation du secteur automobile chez Transport &amp; Environnement, une ONG qui promeut des transports propres.Cet afflux a d\u00e9but\u00e9 en mars, au moment o\u00f9 les prix des carburants sont mont\u00e9s, avant de continuer dans les mois suivants.&nbsp;<em>\u00ab\u00a0Les carnets de commandes se sont remplis dans les premi\u00e8res semaines, mais l&rsquo;effet s&rsquo;est \u00e9tal\u00e9 sur plusieurs mois, le temps que les voitures soient livr\u00e9es.\u00a0\u00bb&nbsp;<\/em>En juillet, les voitures 100% \u00e9lectriques ont repr\u00e9sent\u00e9 35% des nouvelles immatriculations, soit 44&nbsp;378 v\u00e9hicules.<\/p>\n\n\n\n<p class=\"wp-block-paragraph\">Au plus fort de la guerre, en avril, l&rsquo;ONG Transport &amp; Environnement avait notamment calcul\u00e9 le co\u00fbt de&nbsp;<a href=\"https:\/\/uploads.transportenvironment.org\/production\/files\/2026_05_TE_analysis_electrification_energy_security_udate.pdf?dm=1779811601\" target=\"_blank\" rel=\"noreferrer noopener\">cette flamb\u00e9e sur le porte-monnaie(Nouvelle fen\u00eatre)<\/a>&nbsp;: avec une voiture \u00e0 batterie, un conducteur \u00e9conomisait 88&nbsp;euros par mois par rapport \u00e0 une voiture essence en roulant 1&nbsp;000&nbsp;kilom\u00e8tres. La diff\u00e9rence pouvait m\u00eame atteindre&nbsp;<em>\u00ab\u00a0environ 200&nbsp;euros par mois\u00a0\u00bb&nbsp;<\/em>entre une thermique et une \u00e9lectrique pour les gros rouleurs (2&nbsp;300&nbsp;km par mois).<\/p>\n\n\n\n<h2 class=\"wp-block-heading\">Une conjoncture tr\u00e8s favorable<\/h2>\n\n\n\n<p class=\"wp-block-paragraph\">Mais les ventes de \u00ab\u00a0wattures\u00a0\u00bb s&rsquo;inscrivent dans un contexte plus large, avec une conjoncture g\u00e9n\u00e9rale tr\u00e8s favorable \u00e0 cette technologie. Plusieurs politiques publiques favorisent son d\u00e9veloppement.&nbsp;<a href=\"https:\/\/www.franceinfo.fr\/economie\/automobile\/jusqu-a-50-000-voitures-electriques-a-moins-de-200-euros-par-mois-la-nouvelle-vague-de-leasing-social-fait-la-part-belle-aux-modeles-francais_8109713.html\">Le leasing social<\/a>&nbsp;permet \u00e0 50&nbsp;000&nbsp;foyers modestes de louer une voiture \u00e0 un prix abordable (entre 100 et 200&nbsp;euros par mois), tandis que le gouvernement finance aussi l&rsquo;achat de v\u00e9hicules neufs avec des aides comprises entre 3&nbsp;500 et 5&nbsp;700&nbsp;euros. Sans oublier&nbsp;<a href=\"https:\/\/www.franceinfo.fr\/economie\/automobile\/si-on-n-anticipe-pas-cette-transformation-energetique-on-prendra-beaucoup-de-retard-ces-entreprises-qui-ont-fait-le-choix-de-se-tourner-vers-les-vehicules-electriques_7963853.html\">l&rsquo;\u00e9lectrification progressive des flottes d&rsquo;entreprise<\/a>.<\/p>\n\n\n\n<p class=\"wp-block-paragraph\">Dans le m\u00eame temps, les prix des \u00ab\u00a0wattures\u00a0\u00bb, au plus haut apr\u00e8s la crise sanitaire et prohibitifs pour une partie de la population, ont atteint des niveaux plus abordables. Cette baisse \u2013 de 4% entre 2024 et 2025<strong>&nbsp;<\/strong>selon&nbsp;<a href=\"https:\/\/c-ways.com\/c-ways-et-limt-iddri-publient-le-barometre-de-levolution-des-prix-et-des-volumes-des-vehicules-neufs-en-france-en-2025\/\" target=\"_blank\" rel=\"noreferrer noopener\">une \u00e9tude de l&rsquo;institut Mobilit\u00e9s en transition et C-Ways(Nouvelle fen\u00eatre)<\/a>&nbsp;\u2013 a \u00e9t\u00e9 rendue possible par la politique tarifaire des constructeurs pour inciter leurs clients \u00e0 basculer vers cette technologie plus propre et l&rsquo;arriv\u00e9e de mod\u00e8les d&rsquo;entr\u00e9e de gamme, comme la R5 et la Twingo de Renault ou la \u00eb-C3 de Citro\u00ebn.<\/p>\n\n\n\n<p class=\"wp-block-paragraph\"><em>\u00ab\u00a0Quand le prix baisse, la demande augmente\u00a0\u00bb,<\/em>\u00a0r\u00e9sume Bernard Jullien, ma\u00eetre de conf\u00e9rences en \u00e9conomie \u00e0 l&rsquo;universit\u00e9 de Bordeaux et sp\u00e9cialiste de l&rsquo;industrie automobile. Il cite des voitures d\u00e9sormais vendues autour de 20\u00a0000\u00a0euros. Pour Bastien Gebel, il est question de\u00a0<em>\u00ab\u00a0rationalit\u00e9 \u00e9conomique des m\u00e9nages\u00a0\u00bb<\/em>.Mais ces bons chiffres pour le secteur pourraient-ils r\u00e9sister \u00e0 un retour \u00e0 la normale des prix \u00e0 la pompe&nbsp;? Plusieurs experts pensent que oui. Ils voient dans ce premier semestre&nbsp;<em>\u00ab\u00a0un point de bascule vers l&rsquo;\u00e9lectrique\u00a0\u00bb,<\/em>&nbsp;comme Marie-Laure Nivot, analyste du cabinet AAA Data.&nbsp;<em>\u00ab\u00a0Je pense que la machine est lanc\u00e9e, et que cela semble irr\u00e9versible avec la proportion de ventes\u00a0\u00bb,<\/em>&nbsp;compl\u00e8te Bernard Jullien.<\/p>\n\n\n\n<p class=\"wp-block-paragraph\">Selon ce sp\u00e9cialiste de l&rsquo;industrie automobile, il y a aussi&nbsp;<em>\u00ab\u00a0une prise de conscience collective entre l&rsquo;Union europ\u00e9enne, les constructeurs et les consommateurs\u00a0\u00bb,&nbsp;<\/em>alors que l&rsquo;ann\u00e9e 2024 avait \u00e9t\u00e9 marqu\u00e9e&nbsp;<a href=\"https:\/\/c-ways.com\/c-ways-et-limt-iddri-publient-le-barometre-de-levolution-des-prix-et-des-volumes-des-vehicules-neufs-en-france-en-2025\/\" target=\"_blank\" rel=\"noreferrer noopener\">par une baisse des ventes(Nouvelle fen\u00eatre)<\/a>&nbsp;et un recul des politiques publiques d&rsquo;aides.&nbsp;<em>\u00ab\u00a0Si les vendeurs ont parfois pein\u00e9 \u00e0 trouver un r\u00e9cit, l&rsquo;argumentaire est tout trouv\u00e9 depuis six mois\u00a0\u00bb&nbsp;<\/em>avec les prix des carburants, juge Bernard Jullien.<\/p>\n","protected":false},"excerpt":{"rendered":"<p>Les cons\u00e9quences du conflit au Moyen-Orient ont dop\u00e9 un march\u00e9 de l&rsquo;\u00e9lectrique qui profite \u00e9galement de politiques publiques favorables et de tarifs plus abordables.Sur les forums automobiles, les r\u00e9seaux sociaux et dans les concessions, les voitures \u00e9lectriques ont la cote. Les \u00ab\u00a0wattures\u00a0\u00bb, qui ont profit\u00e9 de&nbsp;la flamb\u00e9e des prix du carburant&nbsp;en raison de la guerre [&hellip;]<\/p>\n","protected":false},"author":2,"featured_media":46175,"comment_status":"open","ping_status":"open","sticky":false,"template":"","format":"standard","meta":{"_jetpack_newsletter_access":"","_jetpack_dont_email_post_to_subs":false,"_jetpack_newsletter_tier_id":0,"_jetpack_memberships_contains_paywalled_content":false,"_jetpack_feature_clip_id":0,"_jetpack_memberships_contains_paid_content":false,"footnotes":"","jetpack_publicize_message":"{title}\n\n{excerpt}\n\n{url}","jetpack_publicize_feature_enabled":true,"jetpack_social_post_already_shared":true,"jetpack_social_options":{"image_generator_settings":{"template":"highway","default_image_id":0,"font":"","enabled":false},"version":2},"_wpas_customize_per_network":false,"jetpack_post_was_ever_published":false},"categories":[405],"tags":[],"class_list":["post-46174","post","type-post","status-publish","format-standard","has-post-thumbnail","hentry","category-actu-france-monde"],"jetpack_publicize_connections":[],"jetpack_sharing_enabled":true,"jetpack_featured_media_url":"https:\/\/i0.wp.com\/www.iceagetv.com\/radiosite\/wp-content\/uploads\/2026\/08\/comment-la-flambee-des-prix-des-carburants-a-accelere-les-ventes-de-voitures-electriques-en-France.png?fit=736%2C434&ssl=1","_links":{"self":[{"href":"https:\/\/www.iceagetv.com\/radiosite\/wp-json\/wp\/v2\/posts\/46174","targetHints":{"allow":["GET"]}}],"collection":[{"href":"https:\/\/www.iceagetv.com\/radiosite\/wp-json\/wp\/v2\/posts"}],"about":[{"href":"https:\/\/www.iceagetv.com\/radiosite\/wp-json\/wp\/v2\/types\/post"}],"author":[{"embeddable":true,"href":"https:\/\/www.iceagetv.com\/radiosite\/wp-json\/wp\/v2\/users\/2"}],"replies":[{"embeddable":true,"href":"https:\/\/www.iceagetv.com\/radiosite\/wp-json\/wp\/v2\/comments?post=46174"}],"version-history":[{"count":1,"href":"https:\/\/www.iceagetv.com\/radiosite\/wp-json\/wp\/v2\/posts\/46174\/revisions"}],"predecessor-version":[{"id":46176,"href":"https:\/\/www.iceagetv.com\/radiosite\/wp-json\/wp\/v2\/posts\/46174\/revisions\/46176"}],"wp:featuredmedia":[{"embeddable":true,"href":"https:\/\/www.iceagetv.com\/radiosite\/wp-json\/wp\/v2\/media\/46175"}],"wp:attachment":[{"href":"https:\/\/www.iceagetv.com\/radiosite\/wp-json\/wp\/v2\/media?parent=46174"}],"wp:term":[{"taxonomy":"category","embeddable":true,"href":"https:\/\/www.iceagetv.com\/radiosite\/wp-json\/wp\/v2\/categories?post=46174"},{"taxonomy":"post_tag","embeddable":true,"href":"https:\/\/www.iceagetv.com\/radiosite\/wp-json\/wp\/v2\/tags?post=46174"}],"curies":[{"name":"wp","href":"https:\/\/api.w.org\/{rel}","templated":true}]}}