{"id":46180,"date":"2026-09-01T05:42:39","date_gmt":"2026-09-01T03:42:39","guid":{"rendered":"https:\/\/www.iceagetv.com\/radiosite\/?p=46180"},"modified":"2026-09-01T05:42:42","modified_gmt":"2026-09-01T03:42:42","slug":"un-mentor-exigeant-et-a-lesprit-reformateur-la-classe-politique-rend-hommage-a-edouard-balladur","status":"publish","type":"post","link":"https:\/\/www.iceagetv.com\/radiosite\/un-mentor-exigeant-et-a-lesprit-reformateur-la-classe-politique-rend-hommage-a-edouard-balladur\/","title":{"rendered":"Un mentor\u00a0\u00bb, \u00ab\u00a0exigeant\u00a0\u00bb et \u00e0 l'\u00a0\u00bbesprit r\u00e9formateur\u00a0\u00bb: la classe politique rend hommage \u00e0 \u00c9douard Balladur"},"content":{"rendered":"\n<p class=\"wp-block-paragraph\">La mort d&rsquo;\u00c9douard Balladur ce lundi 31 ao\u00fbt a suscit\u00e9 de nombreuses r\u00e9actions au sein de la classe politique fran\u00e7aise, notamment \u00e0 droite. L&rsquo;ancien Premier ministre est souvent d\u00e9crit comme un \u00ab\u00a0serviteur\u00a0\u00bb fid\u00e8le de la R\u00e9publique.D\u00e9put\u00e9 de Paris, ministre puis Premier ministre, ami puis rival f\u00e9roce de Jacques Chirac: \u00c9douard Balladur est d\u00e9c\u00e9d\u00e9 ce lundi 31 ao\u00fbt \u00e0 l&rsquo;\u00e2ge de 97 ans. La classe politique fran\u00e7aise a salu\u00e9 la m\u00e9moire de cet \u00ab\u00a0homme d&rsquo;\u00c9tat\u00a0\u00bb.Emmanuel Macron a d&rsquo;abord salu\u00e9 en lui un homme qui \u00ab\u00a0avait la France au coeur\u00a0\u00bb et en fut un \u00ab\u00a0serviteur exigeant, mesur\u00e9, d\u00e9vou\u00e9\u00a0\u00bb. \u00ab\u00a0\u00c9douard Balladur avait consacr\u00e9 sa vie \u00e0 la Ve R\u00e9publique\u00a0\u00bb, a comment\u00e9 le chef de l&rsquo;\u00c9tat sur X.Le Premier ministre, S\u00e9bastien Lecornu, a rendu hommage \u00e0 \u00ab\u00a0un homme d&rsquo;\u00c9tat \u00e0 l&rsquo;esprit r\u00e9formateur\u00a0\u00bb qui \u00ab\u00a0restera une r\u00e9f\u00e9rence pour beaucoup d&rsquo;hommes et de femmes de sa famille politique\u00a0\u00bb. \u00ab\u00a0Il est une figure majeure de notre vie publique\u00a0\u00bb, a-t-il ajout\u00e9.Soulignant ses \u00ab\u00a0d\u00e9saccords politiques\u00a0\u00bb avec le d\u00e9funt, Marine Le Pen a malgr\u00e9 tout salu\u00e9 \u00ab\u00a0un homme d\u2019\u00c9tat qui aura marqu\u00e9 la vie publique fran\u00e7aise, qui aura port\u00e9 avec constance ses convictions et sa conception du service de la R\u00e9publique et qui aura toujours su faire preuve d\u2019un respect du d\u00e9bat d\u00e9mocratique\u00a0\u00bb.\u00a0\u00bbAu revoir Monsieur le Premier ministre\u00a0\u00bb, a \u00e9crit Gabriel Attal. Sur X, le candidat \u00e0 la pr\u00e9sidentielle a rendu hommage \u00e0 un \u00ab\u00a0grand serviteur\u00a0\u00bb de la R\u00e9publique qui \u00ab\u00a0aura marqu\u00e9 plus d&rsquo;un demi-si\u00e8cle de vie publique fran\u00e7aise\u00a0\u00bb.Le pr\u00e9sident (LR) du S\u00e9nat G\u00e9rard Larcher a quant \u00e0 lui salu\u00e9 \u00ab\u00a0un grand homme d&rsquo;\u00c9tat\u00a0\u00bb qui a \u00ab\u00a0incarn\u00e9 une certaine id\u00e9e de l&rsquo;autorit\u00e9 de l&rsquo;\u00c9tat de la rigueur budg\u00e9taire et de la responsabilit\u00e9 politique\u00a0\u00bb.\u00a0\u00bbUne noble id\u00e9e de la France\u00a0\u00bbBruno Retailleau, candidat LR \u00e0 la pr\u00e9sidentielle, a lui aussi r\u00e9agi \u00e0 la mort d&rsquo;\u00c9douard Balladur: \u00ab\u00a0Cherchant \u00e0 convaincre et jamais \u00e0 s\u00e9duire, il \u00e9tait de ces hommes politiques qui se font une haute opinion des \u00e9lecteurs parce qu&rsquo;ils se font une noble id\u00e9e de la France\u00a0\u00bb, a-t-il \u00e9crit.Entr\u00e9 \u00e0 35 ans au cabinet de Georges Pompidou, alors Premier ministre du g\u00e9n\u00e9ral de Gaulle, \u00c9douard Balladur fut le dernier Premier ministre de Fran\u00e7ois Mitterrand, de mars 1993 \u00e0 mai 1995. Il restera dans l&rsquo;histoire politique comme \u00ab\u00a0l&rsquo;ami de trente ans\u00a0\u00bb de Jacques Chirac, devenu son rival lors de la f\u00e9roce campagne pr\u00e9sidentielle de 1995 qui mettra un terme \u00e0 ses ambitions.<\/p>\n","protected":false},"excerpt":{"rendered":"<p>La mort d&rsquo;\u00c9douard Balladur ce lundi 31 ao\u00fbt a suscit\u00e9 de nombreuses r\u00e9actions au sein de la classe politique fran\u00e7aise, notamment \u00e0 droite. L&rsquo;ancien Premier ministre est souvent d\u00e9crit comme un \u00ab\u00a0serviteur\u00a0\u00bb fid\u00e8le de la R\u00e9publique.D\u00e9put\u00e9 de Paris, ministre puis Premier ministre, ami puis rival f\u00e9roce de Jacques Chirac: \u00c9douard Balladur est d\u00e9c\u00e9d\u00e9 ce lundi [&hellip;]<\/p>\n","protected":false},"author":2,"featured_media":46181,"comment_status":"open","ping_status":"open","sticky":false,"template":"","format":"standard","meta":{"_jetpack_newsletter_access":"","_jetpack_dont_email_post_to_subs":false,"_jetpack_newsletter_tier_id":0,"_jetpack_memberships_contains_paywalled_content":false,"_jetpack_feature_clip_id":0,"_jetpack_memberships_contains_paid_content":false,"footnotes":"","jetpack_publicize_message":"{title}\n\n{excerpt}\n\n{url}","jetpack_publicize_feature_enabled":true,"jetpack_social_post_already_shared":true,"jetpack_social_options":{"image_generator_settings":{"template":"highway","default_image_id":0,"font":"","enabled":false},"version":2},"_wpas_customize_per_network":false,"jetpack_post_was_ever_published":false},"categories":[405],"tags":[],"class_list":["post-46180","post","type-post","status-publish","format-standard","has-post-thumbnail","hentry","category-actu-france-monde"],"jetpack_publicize_connections":[],"jetpack_sharing_enabled":true,"jetpack_featured_media_url":"https:\/\/i0.wp.com\/www.iceagetv.com\/radiosite\/wp-content\/uploads\/2026\/09\/Screenshot_20260901_054145.jpg?fit=1080%2C439&ssl=1","_links":{"self":[{"href":"https:\/\/www.iceagetv.com\/radiosite\/wp-json\/wp\/v2\/posts\/46180","targetHints":{"allow":["GET"]}}],"collection":[{"href":"https:\/\/www.iceagetv.com\/radiosite\/wp-json\/wp\/v2\/posts"}],"about":[{"href":"https:\/\/www.iceagetv.com\/radiosite\/wp-json\/wp\/v2\/types\/post"}],"author":[{"embeddable":true,"href":"https:\/\/www.iceagetv.com\/radiosite\/wp-json\/wp\/v2\/users\/2"}],"replies":[{"embeddable":true,"href":"https:\/\/www.iceagetv.com\/radiosite\/wp-json\/wp\/v2\/comments?post=46180"}],"version-history":[{"count":1,"href":"https:\/\/www.iceagetv.com\/radiosite\/wp-json\/wp\/v2\/posts\/46180\/revisions"}],"predecessor-version":[{"id":46182,"href":"https:\/\/www.iceagetv.com\/radiosite\/wp-json\/wp\/v2\/posts\/46180\/revisions\/46182"}],"wp:featuredmedia":[{"embeddable":true,"href":"https:\/\/www.iceagetv.com\/radiosite\/wp-json\/wp\/v2\/media\/46181"}],"wp:attachment":[{"href":"https:\/\/www.iceagetv.com\/radiosite\/wp-json\/wp\/v2\/media?parent=46180"}],"wp:term":[{"taxonomy":"category","embeddable":true,"href":"https:\/\/www.iceagetv.com\/radiosite\/wp-json\/wp\/v2\/categories?post=46180"},{"taxonomy":"post_tag","embeddable":true,"href":"https:\/\/www.iceagetv.com\/radiosite\/wp-json\/wp\/v2\/tags?post=46180"}],"curies":[{"name":"wp","href":"https:\/\/api.w.org\/{rel}","templated":true}]}}