{"id":46188,"date":"2026-09-01T09:10:20","date_gmt":"2026-09-01T07:10:20","guid":{"rendered":"https:\/\/www.iceagetv.com\/radiosite\/?p=46188"},"modified":"2026-09-01T09:10:20","modified_gmt":"2026-09-01T07:10:20","slug":"retraites-arrets-maladie-allocations-chomage-medicaments-prix-du-gaz-ce-qui-change-au-1er-septembre","status":"publish","type":"post","link":"https:\/\/www.iceagetv.com\/radiosite\/retraites-arrets-maladie-allocations-chomage-medicaments-prix-du-gaz-ce-qui-change-au-1er-septembre\/","title":{"rendered":"Retraites, arr\u00eats maladie, allocations ch\u00f4mage, m\u00e9dicaments, prix du gaz\u00a0: ce qui change au 1er septembre"},"content":{"rendered":"\n<p class=\"wp-block-paragraph\">Plafonnement de la dur\u00e9e des arr\u00eats de travail, nouvelles dur\u00e9es d&rsquo;indemnisation apr\u00e8s une rupture conventionnelle, \u00e9volution du calcul des retraites pour les parents, flamb\u00e9e du prix du gaz&nbsp;: plusieurs changements entrent en vigueur \u00e0 partir de ce mardi 1er septembre. ICI fait le point.<\/p>\n\n\n\n<p class=\"wp-block-paragraph\">Plusieurs changements entrent en vigueur d\u00e8s le 1er septembre, comme c&rsquo;est le cas tous les mois. Dur\u00e9e des arr\u00eats maladie plafonn\u00e9e, nouvelles r\u00e8gles sur le remboursement des m\u00e9dicaments, augmentation du prix du gaz&#8230; Voici tout ce qui change \u00e0 partir de ce mardi.Retraites&nbsp;: l&rsquo;\u00e2ge l\u00e9gal et les conditions de d\u00e9part \u00e9voluent<\/p>\n\n\n\n<p class=\"wp-block-paragraph\">Une nouveaut\u00e9 importante pour les Fran\u00e7ais qui s&rsquo;appr\u00eatent \u00e0 prendre leur retraite. \u00c0 compter du 1er septembre, la&nbsp;<a href=\"https:\/\/www.ici.fr\/infos\/societe\/budget-de-la-securite-sociale-l-assemblee-nationale-vote-largement-la-suspension-de-la-reforme-des-retraites-4660769\">suspension de la r\u00e9forme des retraites<\/a>&nbsp;ralentit le recul de l\u2019\u00e2ge l\u00e9gal et r\u00e9duit le nombre de trimestres requis. L&rsquo;\u2019\u00e2ge l\u00e9gal \u00e0 64 ans ne s\u2019appliquera plus aux personnes n\u00e9es en 1968, mais uniquement aux personnes n\u00e9es \u00e0 partir de 1969. La suspension concerne aussi les carri\u00e8res longues pour les personnes dont la date de naissance se situe entre 1964 et 1968. Selon l&rsquo;ann\u00e9e de naissance, les Fran\u00e7ais peuvent gagner&nbsp;<a target=\"_blank\" rel=\"noreferrer noopener\" href=\"https:\/\/www.service-public.gouv.fr\/particuliers\/actualites\/A18825\">jusqu&rsquo;\u00e0 six mois sur l&rsquo;\u00e2ge de d\u00e9part l\u00e9gal<\/a>. Seuls les d\u00e9parts \u00e0 compter du 1er septembre 2026 sont concern\u00e9s, si vous percevez d\u00e9j\u00e0 votre retraite, ces nouvelles r\u00e8gles ne changent rien \u00e0 votre situation.<\/p>\n\n\n\n<p class=\"wp-block-paragraph\">Concernant les m\u00e8res de famille, elles b\u00e9n\u00e9ficient de nouvelles r\u00e8gles plus favorables pour leur retraite\u00a0: avec un enfant, le calcul se fait sur 24 ans au lieu de 25 (23 ans \u00e0 partir de deux enfants), un trimestre suppl\u00e9mentaire est accord\u00e9 aux fonctionnaires ayant accouch\u00e9 apr\u00e8s leur recrutement, et les bonifications pour enfants comptent d\u00e9sormais pour acc\u00e9der \u00e0 la retraite anticip\u00e9e \u00ab\u00a0carri\u00e8re longue\u00a0\u00bb.Rupture conventionnelle&nbsp;: l&rsquo;indemnisation ch\u00f4mage r\u00e9duite<\/p>\n\n\n\n<p class=\"wp-block-paragraph\">Les salari\u00e9s qui quittent leur poste dans le cadre d&rsquo;une rupture conventionnelle &#8211; lorsque l&#8217;employeur et le salari\u00e9 conviennent d&rsquo;un commun accord des conditions de la rupture du contrat de travail &#8211; b\u00e9n\u00e9ficient du droit aux allocations ch\u00f4mage.<\/p>\n\n\n\n<p class=\"wp-block-paragraph\">\u00c0 partir du 1er septembre,&nbsp;<strong>la dur\u00e9e d&rsquo;indemnisation est modifi\u00e9e<\/strong>&nbsp;:<\/p>\n\n\n\n<p class=\"wp-block-paragraph\">pour les 55 ans et plus,\u00a0<strong>la p\u00e9riode est \u00e9court\u00e9e \u00e0 20,5 mois<\/strong>\u00a0(contre 22,5 mois pour les allocataires \u00e2g\u00e9s de 55 \u00e0 56 ans et 27 mois pour les allocataires d\u2019au moins 57 ans, \u00e0 l\u2019heure actuelle).<\/p>\n\n\n\n<p class=\"wp-block-paragraph\">Pour les personnes \u00e2g\u00e9es de moins de 55 ans,\u00a0<strong>elle est r\u00e9duite \u00e0 15 mois<\/strong>\u00a0(contre 18 mois actuellement)La dur\u00e9e des arr\u00eats maladie limit\u00e9e<\/p>\n\n\n\n<p class=\"wp-block-paragraph\">La dur\u00e9e des arr\u00eats de travail\u00a0<a href=\"https:\/\/www.ici.fr\/infos\/economie-social\/arrets-maladie-des-durees-desormais-plafonnees-a-partir-de-septembre-2316594\">va dor\u00e9navant \u00eatre plafonn\u00e9e<\/a>. Auparavant sans limitation, la dur\u00e9e d\u2019un arr\u00eat maladie ne pourra plus d\u00e9passer 31 jours pour la premi\u00e8re prescription, et chaque prolongation d\u2019arr\u00eat ne pourra pas d\u00e9passer 62 jours. N\u00e9anmoins, il sera possible de prolonger l\u2019arr\u00eat maladie au-del\u00e0 de la dur\u00e9e plafonn\u00e9e si le professionnel de sant\u00e9 estime que l\u2019\u00e9tat de sant\u00e9 du salari\u00e9 le n\u00e9cessite.Le prix du gaz augmente \u00e0 nouveau<\/p>\n\n\n\n<p class=\"wp-block-paragraph\">Les consommateurs chauff\u00e9s au gaz vont malheureusement devoir payer plus cher. Apr\u00e8s une baisse du prix rep\u00e8re de vente du gaz en ao\u00fbt de 0,8%, le prix augmente de 5,6% en septembre, selon le\u00a0<a href=\"https:\/\/www.energie-info.fr\/septembre-2026-publication-du-prix-repere-du-gaz-par-la-cre\/\" target=\"_blank\" rel=\"noreferrer noopener\">m\u00e9diateur national de l&rsquo;\u00e9nergie<\/a>. Il passe de 162,89\u00a0\u20ac\/MWh TTC \u00e0 172,05\u00a0\u20ac\/MWh TTC, soit une hausse moyenne de 9,16 euros sur la facture. Cette \u00e9volution permet une \u00e9conomie moyenne d&rsquo;environ 1,32 euro sur la facture du mois d&rsquo;ao\u00fbt.\u00c9volution du dispositif MaPrimeR\u00e9nov&rsquo;<\/p>\n\n\n\n<p class=\"wp-block-paragraph\">L\u2019aide vers\u00e9e via MaPrimeR\u00e9nov\u2019 pour une r\u00e9novation d\u2019ampleur d\u2019un logement ne pourra plus \u00eatre attribu\u00e9e dans certains cas, \u00e0 compter du 1er septembre. Par exemple, vous ne pouvez plus en b\u00e9n\u00e9ficier si vous conservez un chauffage au gaz apr\u00e8s les travaux de votre maison individuelle. Il vous faudra installer un syst\u00e8me de chauffage et de production d&rsquo;eau chaude sanitaire d\u00e9carbon\u00e9.De nouvelles aides pour les v\u00e9hicules \u00e9lectriques<\/p>\n\n\n\n<p class=\"wp-block-paragraph\">Bonne nouvelle si vous comptez acheter un v\u00e9hicule \u00e9lectrique\u00a0: l&rsquo;achat ou la location de v\u00e9hicules \u00e9lectriques d\u2019occasion chez un professionnel devient \u00e9ligible \u00e0 la prime \u00ab\u00a0certificats d\u2019\u00e9conomie d\u2019\u00e9nergie\u00a0\u00bb (CEE). Autre nouveaut\u00e9\u00a0: les aides \u00e0 domicile et les taxis b\u00e9n\u00e9ficient de mesures sp\u00e9cifiques en ce sens.Le remboursement des m\u00e9dicaments \u00e9volue<\/p>\n\n\n\n<p class=\"wp-block-paragraph\">Le remboursement des m\u00e9dicaments change. Si vous refusez un traitement de substitution (un m\u00e9dicament hybride ou biosimilaire) qu&rsquo;un pharmacien peut vous proposer \u00e0 la place du traitement de r\u00e9f\u00e9rence, vous ne b\u00e9n\u00e9ficierez plus du tiers payant. Le dispositif \u00e9tait d\u00e9j\u00e0 appliqu\u00e9 en cas de refus non justifi\u00e9 d&rsquo;un m\u00e9dicament g\u00e9n\u00e9rique.G\u00e9n\u00e9ralisation de la facturation \u00e9lectronique<\/p>\n\n\n\n<p class=\"wp-block-paragraph\">D\u00e8s ce mardi, toutes les entreprises, quelle que soit leur taille, ont l&rsquo;obligation de recevoir\u00a0<a href=\"https:\/\/www.ici.fr\/infos\/economie-social\/entreprises-concernees-obligations-dates-tout-savoir-sur-la-facturation-electronique-qui-entre-en-vigueur-ce-mardi-5977029\">des factures \u00e9lectroniques<\/a>. Les grandes entreprises et les entreprises de taille interm\u00e9diaire doivent \u00e9mettre des factures \u00e9lectroniques et transmettre leurs donn\u00e9es de transaction et de paiement \u00e0 l\u2019administration.Un malus pour l&rsquo;ultra-fast fashion<\/p>\n\n\n\n<p class=\"wp-block-paragraph\">Des p\u00e9nalit\u00e9s financi\u00e8res sont mises en place \u00e0 partir du 1er septembre pour les produits des entreprises de mode ultra-\u00e9ph\u00e9m\u00e8re comme Shein ou Temu,\u00a0<a href=\"https:\/\/www.ici.fr\/infos\/economie-social\/le-parlement-adopte-definitivement-une-loi-pour-freiner-l-essor-de-l-ultra-fast-fashion-3715109\">conform\u00e9ment \u00e0 la loi adopt\u00e9e par le Parlement d\u00e9but juillet<\/a>. Elle pr\u00e9voit un malus selon le score environnemental de chaque produit. Par exemple, en 2026, les entreprises concern\u00e9es paieront 50 centimes de p\u00e9nalit\u00e9 pour chaque boxer, cale\u00e7on ou paire de chaussettes dont le score est inf\u00e9rieur au seuil \u00e9tabli, une p\u00e9nalit\u00e9 qui grimpe \u00e0 2 euros pour un T-shirt, 9 euros pour un jean et 12 euros pour une veste. Le malus augmente jusqu&rsquo;en 2030\u00a0: 2 euros pour les cale\u00e7ons et chaussettes ou 19,50 euros pour une veste.L&rsquo;interdiction des t\u00e9l\u00e9phones portables au lyc\u00e9e<\/p>\n\n\n\n<p class=\"wp-block-paragraph\">Pour les lyc\u00e9ens, l&rsquo;utilisation du t\u00e9l\u00e9phone portable et d&rsquo;autres objets connect\u00e9s est interdite dans les \u00e9tablissements d\u00e8s la rentr\u00e9e scolaire. L&rsquo;interdiction \u00e9tait d\u00e9j\u00e0 en vigueur \u00e0 l&rsquo;\u00e9cole et au coll\u00e8ge. Les modalit\u00e9s concr\u00e8tes sont pr\u00e9cis\u00e9es dans le r\u00e8glement int\u00e9rieur de chaque \u00e9tablissement.Polluants \u00e9ternels&nbsp;: la taxe pollueur-payeur appliqu\u00e9e<\/p>\n\n\n\n<p class=\"wp-block-paragraph\">Pr\u00e9vue pour 2025, puis d\u00e9but 2026, l\u2019entr\u00e9e en vigueur de la redevance sur les polluants \u00e9ternels entre en vigueur ce mardi. Adopt\u00e9e le 27 f\u00e9vrier 2025, cette loi instaure un m\u00e9canisme fond\u00e9 sur le principe du pollueur-payeur, \u00e0 travers la cr\u00e9ation d\u2019une redevance sur les PFAS. Ces \u201cpolluants \u00e9ternels\u201d, d\u00e9sormais identifi\u00e9s comme un enjeu majeur de sant\u00e9 publique \u2013 en raison de leurs effets associ\u00e9s \u00e0 certains cancers, \u00e0 des troubles de la fertilit\u00e9 ou encore \u00e0 des atteintes du foie et du syst\u00e8me immunitaire \u2013 doivent \u00eatre tax\u00e9s \u00e0 hauteur de 100 euros pour 100 grammes rejet\u00e9s dans l\u2019eau.<\/p>\n\n\n\n<ul class=\"wp-block-list\">\n<li><strong>ICI<\/strong><\/li>\n\n\n\n<li><a href=\"https:\/\/www.ici.fr\/radio\/auxerre\">ICI Auxerre<\/a><\/li>\n\n\n\n<li><a href=\"https:\/\/www.ici.fr\/radio\/besancon\">ICI Besan\u00e7on<\/a><\/li>\n\n\n\n<li><a href=\"https:\/\/www.ici.fr\/radio\/bourgogne\">ICI Bourgogne<\/a><\/li>\n\n\n\n<li><a href=\"https:\/\/www.ici.fr\/radio\/pays-de-savoie\">ICI Pays de Savoie<\/a><\/li>\n\n\n\n<li><a href=\"https:\/\/www.ici.fr\/radio\/saint-etienne-loire\">ICI Saint-\u00c9tienne Loire<\/a><\/li>\n\n\n\n<li><a href=\"https:\/\/www.ici.fr\/radio\/sud-lorraine\">ICI Lorraine (Meurthe-et-Moselle et Vosges)<\/a><\/li>\n<\/ul>\n\n\n\n<p class=\"wp-block-paragraph\">Radio France<\/p>\n","protected":false},"excerpt":{"rendered":"<p>Plafonnement de la dur\u00e9e des arr\u00eats de travail, nouvelles dur\u00e9es d&rsquo;indemnisation apr\u00e8s une rupture conventionnelle, \u00e9volution du calcul des retraites pour les parents, flamb\u00e9e du prix du gaz&nbsp;: plusieurs changements entrent en vigueur \u00e0 partir de ce mardi 1er septembre. ICI fait le point. Plusieurs changements entrent en vigueur d\u00e8s le 1er septembre, comme c&rsquo;est [&hellip;]<\/p>\n","protected":false},"author":2,"featured_media":46189,"comment_status":"open","ping_status":"open","sticky":false,"template":"","format":"standard","meta":{"_jetpack_newsletter_access":"","_jetpack_dont_email_post_to_subs":false,"_jetpack_newsletter_tier_id":0,"_jetpack_memberships_contains_paywalled_content":false,"_jetpack_feature_clip_id":0,"_jetpack_memberships_contains_paid_content":false,"footnotes":"","jetpack_publicize_message":"{title}\n\n{excerpt}\n\n{url}","jetpack_publicize_feature_enabled":true,"jetpack_social_post_already_shared":true,"jetpack_social_options":{"image_generator_settings":{"template":"highway","default_image_id":0,"font":"","enabled":false},"version":2},"_wpas_customize_per_network":false,"jetpack_post_was_ever_published":false},"categories":[405],"tags":[],"class_list":["post-46188","post","type-post","status-publish","format-standard","has-post-thumbnail","hentry","category-actu-france-monde"],"jetpack_publicize_connections":[],"jetpack_sharing_enabled":true,"jetpack_featured_media_url":"https:\/\/i0.wp.com\/www.iceagetv.com\/radiosite\/wp-content\/uploads\/2026\/09\/ce-qui-change-au-1er-septembre.png?fit=648%2C332&ssl=1","_links":{"self":[{"href":"https:\/\/www.iceagetv.com\/radiosite\/wp-json\/wp\/v2\/posts\/46188","targetHints":{"allow":["GET"]}}],"collection":[{"href":"https:\/\/www.iceagetv.com\/radiosite\/wp-json\/wp\/v2\/posts"}],"about":[{"href":"https:\/\/www.iceagetv.com\/radiosite\/wp-json\/wp\/v2\/types\/post"}],"author":[{"embeddable":true,"href":"https:\/\/www.iceagetv.com\/radiosite\/wp-json\/wp\/v2\/users\/2"}],"replies":[{"embeddable":true,"href":"https:\/\/www.iceagetv.com\/radiosite\/wp-json\/wp\/v2\/comments?post=46188"}],"version-history":[{"count":1,"href":"https:\/\/www.iceagetv.com\/radiosite\/wp-json\/wp\/v2\/posts\/46188\/revisions"}],"predecessor-version":[{"id":46190,"href":"https:\/\/www.iceagetv.com\/radiosite\/wp-json\/wp\/v2\/posts\/46188\/revisions\/46190"}],"wp:featuredmedia":[{"embeddable":true,"href":"https:\/\/www.iceagetv.com\/radiosite\/wp-json\/wp\/v2\/media\/46189"}],"wp:attachment":[{"href":"https:\/\/www.iceagetv.com\/radiosite\/wp-json\/wp\/v2\/media?parent=46188"}],"wp:term":[{"taxonomy":"category","embeddable":true,"href":"https:\/\/www.iceagetv.com\/radiosite\/wp-json\/wp\/v2\/categories?post=46188"},{"taxonomy":"post_tag","embeddable":true,"href":"https:\/\/www.iceagetv.com\/radiosite\/wp-json\/wp\/v2\/tags?post=46188"}],"curies":[{"name":"wp","href":"https:\/\/api.w.org\/{rel}","templated":true}]}}