{"id":46191,"date":"2026-09-01T13:55:51","date_gmt":"2026-09-01T11:55:51","guid":{"rendered":"https:\/\/www.iceagetv.com\/radiosite\/?p=46191"},"modified":"2026-09-01T13:55:53","modified_gmt":"2026-09-01T11:55:53","slug":"espagne-plus-de-5-000-deces-attribuables-a-la-chaleur-depuis-le-1er-juin-un-record-depuis-2015","status":"publish","type":"post","link":"https:\/\/www.iceagetv.com\/radiosite\/espagne-plus-de-5-000-deces-attribuables-a-la-chaleur-depuis-le-1er-juin-un-record-depuis-2015\/","title":{"rendered":"Espagne\u00a0: Plus de 5.000 d\u00e9c\u00e8s attribuables \u00e0 la chaleur depuis le 1er\u00a0juin, un record depuis\u00a02015"},"content":{"rendered":"\n<p class=\"wp-block-paragraph\">La chaleur a aussi \u00e9t\u00e9 tr\u00e8s violente en Espagne cet \u00e9t\u00e9 et a conduit \u00e0 des milliers de morts suppl\u00e9mentairesComme partout en Europe, la chaleur extr\u00eame de cet \u00e9t\u00e9 a augment\u00e9 le nombre de morts en Espagne. Plus de 5.000 d\u00e9c\u00e8s attribuables \u00e0 la chaleur ont \u00e9t\u00e9 recens\u00e9s entre le 1er juin et le 31 ao\u00fbt de l\u2019autre c\u00f4t\u00e9 des Pyr\u00e9n\u00e9es, un record sur cette p\u00e9riode depuis le d\u00e9but de la compilation de ces donn\u00e9es par l\u2019Institut de sant\u00e9 Carlos III en 2015. Cet institut public bas\u00e9 \u00e0 Madrid a attribu\u00e9 \u00e0 la chaleur 2.149 d\u00e9c\u00e8s au mois d\u2019ao\u00fbt, 2.025 en juillet, et 937 en juin, soit 5.111 d\u00e9c\u00e8s sur ces trois mois, selon des donn\u00e9es consult\u00e9es mardiLe pr\u00e9c\u00e9dent record sur ces trois mois datait de 2022, avec 4.652 morts attribuables \u00e0 la chaleur. A titre de comparaison, sur la m\u00eame p\u00e9riode, 3.651 d\u00e9c\u00e8s avaient \u00e9t\u00e9 attribu\u00e9s \u00e0 la m\u00eame cause en 2025, et 1.977 en 2024.Rebelote en septembre ?Ces estimations sont fond\u00e9es sur un syst\u00e8me baptis\u00e9 \u00ab MoMo \u00bb (Monitoring de la Mortalit\u00e9), qui collecte sur une base quotidienne le nombre de d\u00e9c\u00e8s en Espagne et calcule l\u2019\u00e9cart de la mortalit\u00e9 par rapport \u00e0 la mortalit\u00e9 pr\u00e9visible sur la base des s\u00e9ries historiques enregistr\u00e9es.Le pays se pr\u00e9pare \u00e0 subir une nouvelle forte hausse des temp\u00e9ratures dans les tout prochains jours, \u00ab apr\u00e8s quelques jours frais pour la saison dans de nombreuses r\u00e9gions \u00bb, a point\u00e9 durant le week-end l\u2019Aemet. Septembre arrive avec une chaleur digne d\u2019un \u00e9t\u00e9 en plein c\u0153ur \u00bb, a mis en garde l\u2019agence m\u00e9t\u00e9orologique, \u00e9voquant la possibilit\u00e9 de temp\u00e9ratures sup\u00e9rieures de plus de 10\u00b0C aux valeurs normales de saison. Le mois de juillet 2026 a d\u00e9j\u00e0 \u00e9t\u00e9 le mois le plus chaud jamais enregistr\u00e9 en Espagne, \u00e0 \u00e9galit\u00e9 avec juillet 2022, selon l\u2019agence m\u00e9t\u00e9orologique.<\/p>\n\n\n\n<p class=\"wp-block-paragraph\">20 Minutes <\/p>\n","protected":false},"excerpt":{"rendered":"<p>La chaleur a aussi \u00e9t\u00e9 tr\u00e8s violente en Espagne cet \u00e9t\u00e9 et a conduit \u00e0 des milliers de morts suppl\u00e9mentairesComme partout en Europe, la chaleur extr\u00eame de cet \u00e9t\u00e9 a augment\u00e9 le nombre de morts en Espagne. Plus de 5.000 d\u00e9c\u00e8s attribuables \u00e0 la chaleur ont \u00e9t\u00e9 recens\u00e9s entre le 1er juin et le 31 [&hellip;]<\/p>\n","protected":false},"author":2,"featured_media":46192,"comment_status":"open","ping_status":"open","sticky":false,"template":"","format":"standard","meta":{"_jetpack_newsletter_access":"","_jetpack_dont_email_post_to_subs":false,"_jetpack_newsletter_tier_id":0,"_jetpack_memberships_contains_paywalled_content":false,"_jetpack_feature_clip_id":0,"_jetpack_memberships_contains_paid_content":false,"footnotes":"","jetpack_publicize_message":"{title}\n\n{excerpt}\n\n{url}","jetpack_publicize_feature_enabled":true,"jetpack_social_post_already_shared":true,"jetpack_social_options":{"image_generator_settings":{"template":"highway","default_image_id":0,"font":"","enabled":false},"version":2},"_wpas_customize_per_network":false,"jetpack_post_was_ever_published":false},"categories":[14],"tags":[],"class_list":["post-46191","post","type-post","status-publish","format-standard","has-post-thumbnail","hentry","category-actu-meteo"],"jetpack_publicize_connections":[],"jetpack_sharing_enabled":true,"jetpack_featured_media_url":"https:\/\/i0.wp.com\/www.iceagetv.com\/radiosite\/wp-content\/uploads\/2026\/09\/Screenshot_20260901_135459.jpg?fit=1080%2C681&ssl=1","_links":{"self":[{"href":"https:\/\/www.iceagetv.com\/radiosite\/wp-json\/wp\/v2\/posts\/46191","targetHints":{"allow":["GET"]}}],"collection":[{"href":"https:\/\/www.iceagetv.com\/radiosite\/wp-json\/wp\/v2\/posts"}],"about":[{"href":"https:\/\/www.iceagetv.com\/radiosite\/wp-json\/wp\/v2\/types\/post"}],"author":[{"embeddable":true,"href":"https:\/\/www.iceagetv.com\/radiosite\/wp-json\/wp\/v2\/users\/2"}],"replies":[{"embeddable":true,"href":"https:\/\/www.iceagetv.com\/radiosite\/wp-json\/wp\/v2\/comments?post=46191"}],"version-history":[{"count":1,"href":"https:\/\/www.iceagetv.com\/radiosite\/wp-json\/wp\/v2\/posts\/46191\/revisions"}],"predecessor-version":[{"id":46193,"href":"https:\/\/www.iceagetv.com\/radiosite\/wp-json\/wp\/v2\/posts\/46191\/revisions\/46193"}],"wp:featuredmedia":[{"embeddable":true,"href":"https:\/\/www.iceagetv.com\/radiosite\/wp-json\/wp\/v2\/media\/46192"}],"wp:attachment":[{"href":"https:\/\/www.iceagetv.com\/radiosite\/wp-json\/wp\/v2\/media?parent=46191"}],"wp:term":[{"taxonomy":"category","embeddable":true,"href":"https:\/\/www.iceagetv.com\/radiosite\/wp-json\/wp\/v2\/categories?post=46191"},{"taxonomy":"post_tag","embeddable":true,"href":"https:\/\/www.iceagetv.com\/radiosite\/wp-json\/wp\/v2\/tags?post=46191"}],"curies":[{"name":"wp","href":"https:\/\/api.w.org\/{rel}","templated":true}]}}