{"id":46216,"date":"2026-09-02T15:35:34","date_gmt":"2026-09-02T13:35:34","guid":{"rendered":"https:\/\/www.iceagetv.com\/radiosite\/?p=46216"},"modified":"2026-09-02T15:35:36","modified_gmt":"2026-09-02T13:35:36","slug":"dix-marins-portes-disparus-apres-la-collision-de-deux-cargos-en-mer-de-marmara-au-large-de-la-turquie","status":"publish","type":"post","link":"https:\/\/www.iceagetv.com\/radiosite\/dix-marins-portes-disparus-apres-la-collision-de-deux-cargos-en-mer-de-marmara-au-large-de-la-turquie\/","title":{"rendered":"Dix marins port\u00e9s disparus apr\u00e8s la collision de deux cargos en mer de Marmara, au large de la Turquie"},"content":{"rendered":"\n<p class=\"wp-block-paragraph\">Pour l&rsquo;heure, \u00ab\u00a0aucun survivant\u00a0\u00bb n&rsquo;a \u00e9t\u00e9 retrouv\u00e9, a d\u00e9clar\u00e9 le ministre turc des Transports, Abdulkadir Uraloglu.Une collision, dix marins disparus et de multiples questions encore en suspens. Un cargo turc a coul\u00e9 avec un \u00e9quipage de dix personnes \u00e0 son bord, apr\u00e8s une collision encore inexpliqu\u00e9e avec un autre navire en mer de Marmara, au sud-ouest d&rsquo;Istanbul (Turquie), dans la nuit du mardi 1er au mercredi 2&nbsp;septembre, ont annonc\u00e9 les autorit\u00e9s turques. Pour l&rsquo;heure,&nbsp;<em>\u00ab\u00a0aucun survivant\u00a0\u00bb&nbsp;<\/em>n&rsquo;a \u00e9t\u00e9 retrouv\u00e9, a d\u00e9clar\u00e9 le ministre turc des Transports, Abdulkadir Uraloglu.<\/p>\n\n\n\n<p class=\"wp-block-paragraph\">La mer de Marmara communique avec la mer Noire et la mer Eg\u00e9e via les d\u00e9troits du Bosphore et des Dardanelles.&nbsp;<em>\u00ab\u00a0Si l&rsquo;on consid\u00e8re que la collision a eu lieu \u00e0 3h15&nbsp;<\/em>[2h15 \u00e0 Paris]<em>&nbsp;et que l&rsquo;alerte a \u00e9t\u00e9 donn\u00e9e \u00e0 3h26, le naufrage s&rsquo;est produit tr\u00e8s rapidement, en l&rsquo;espace de onze minutes. Nous avons rep\u00e9r\u00e9 des bou\u00e9es et un canot de sauvetage, mais il \u00e9tait vide\u00a0\u00bb,<\/em>&nbsp;a d\u00e9plor\u00e9 Abdulkadir Uraloglu.<\/p>\n\n\n\n<p class=\"wp-block-paragraph\">La Direction turque des affaires maritimes avait d\u00e9j\u00e0 pr\u00e9cis\u00e9 plus t\u00f4t que le\u00a0<em>Tugberk Imamoglu,<\/em>\u00a0un vraquier battant pavillon turc,\u00a0<em>\u00ab\u00a0ne r\u00e9pondait \u00e0 aucun appel\u00a0\u00bb,<\/em>\u00a0estimant elle aussi que le navire a coul\u00e9. Des op\u00e9rations de recherche et de sauvetage ont \u00e9t\u00e9 imm\u00e9diatement lanc\u00e9es par voies maritime et a\u00e9rienne, avec<em>\u00a0\u00ab\u00a0deux h\u00e9licopt\u00e8res et neuf unit\u00e9s navales (&#8230;) ainsi que trois navires de la Direction de la s\u00e9curit\u00e9 c\u00f4ti\u00e8re, participent aux recherches\u00a0\u00bb,<\/em>\u00a0a d\u00e9taill\u00e9 le gouvernorat d&rsquo;Istanbul.<\/p>\n\n\n\n<p class=\"wp-block-paragraph\"><a href=\"https:\/\/www.franceinfo.fr\/redaction\/francetv-info-avec-afp\/\">franceinfo avec AFP<\/a><\/p>\n","protected":false},"excerpt":{"rendered":"<p>Pour l&rsquo;heure, \u00ab\u00a0aucun survivant\u00a0\u00bb n&rsquo;a \u00e9t\u00e9 retrouv\u00e9, a d\u00e9clar\u00e9 le ministre turc des Transports, Abdulkadir Uraloglu.Une collision, dix marins disparus et de multiples questions encore en suspens. Un cargo turc a coul\u00e9 avec un \u00e9quipage de dix personnes \u00e0 son bord, apr\u00e8s une collision encore inexpliqu\u00e9e avec un autre navire en mer de Marmara, au [&hellip;]<\/p>\n","protected":false},"author":2,"featured_media":46217,"comment_status":"open","ping_status":"open","sticky":false,"template":"","format":"standard","meta":{"_jetpack_newsletter_access":"","_jetpack_dont_email_post_to_subs":false,"_jetpack_newsletter_tier_id":0,"_jetpack_memberships_contains_paywalled_content":false,"_jetpack_feature_clip_id":0,"_jetpack_memberships_contains_paid_content":false,"footnotes":"","jetpack_publicize_message":"{title}\n\n{excerpt}\n\n{url}","jetpack_publicize_feature_enabled":true,"jetpack_social_post_already_shared":true,"jetpack_social_options":{"image_generator_settings":{"template":"highway","default_image_id":0,"font":"","enabled":false},"version":2},"_wpas_customize_per_network":false,"jetpack_post_was_ever_published":false},"categories":[405],"tags":[],"class_list":["post-46216","post","type-post","status-publish","format-standard","has-post-thumbnail","hentry","category-actu-france-monde"],"jetpack_publicize_connections":[],"jetpack_sharing_enabled":true,"jetpack_featured_media_url":"https:\/\/i0.wp.com\/www.iceagetv.com\/radiosite\/wp-content\/uploads\/2026\/09\/000-c74a3tw-1788352976893.png?fit=1000%2C666&ssl=1","_links":{"self":[{"href":"https:\/\/www.iceagetv.com\/radiosite\/wp-json\/wp\/v2\/posts\/46216","targetHints":{"allow":["GET"]}}],"collection":[{"href":"https:\/\/www.iceagetv.com\/radiosite\/wp-json\/wp\/v2\/posts"}],"about":[{"href":"https:\/\/www.iceagetv.com\/radiosite\/wp-json\/wp\/v2\/types\/post"}],"author":[{"embeddable":true,"href":"https:\/\/www.iceagetv.com\/radiosite\/wp-json\/wp\/v2\/users\/2"}],"replies":[{"embeddable":true,"href":"https:\/\/www.iceagetv.com\/radiosite\/wp-json\/wp\/v2\/comments?post=46216"}],"version-history":[{"count":1,"href":"https:\/\/www.iceagetv.com\/radiosite\/wp-json\/wp\/v2\/posts\/46216\/revisions"}],"predecessor-version":[{"id":46218,"href":"https:\/\/www.iceagetv.com\/radiosite\/wp-json\/wp\/v2\/posts\/46216\/revisions\/46218"}],"wp:featuredmedia":[{"embeddable":true,"href":"https:\/\/www.iceagetv.com\/radiosite\/wp-json\/wp\/v2\/media\/46217"}],"wp:attachment":[{"href":"https:\/\/www.iceagetv.com\/radiosite\/wp-json\/wp\/v2\/media?parent=46216"}],"wp:term":[{"taxonomy":"category","embeddable":true,"href":"https:\/\/www.iceagetv.com\/radiosite\/wp-json\/wp\/v2\/categories?post=46216"},{"taxonomy":"post_tag","embeddable":true,"href":"https:\/\/www.iceagetv.com\/radiosite\/wp-json\/wp\/v2\/tags?post=46216"}],"curies":[{"name":"wp","href":"https:\/\/api.w.org\/{rel}","templated":true}]}}