{"id":46232,"date":"2026-09-03T17:20:15","date_gmt":"2026-09-03T15:20:15","guid":{"rendered":"https:\/\/www.iceagetv.com\/radiosite\/?p=46232"},"modified":"2026-09-03T17:20:17","modified_gmt":"2026-09-03T15:20:17","slug":"canicules-secheresse-incendies-lete-2026-restera-dans-lhistoire","status":"publish","type":"post","link":"https:\/\/www.iceagetv.com\/radiosite\/canicules-secheresse-incendies-lete-2026-restera-dans-lhistoire\/","title":{"rendered":"Canicules, s\u00e9cheresse, incendies\u00a0: l&rsquo;\u00e9t\u00e9 2026 \u00ab\u00a0restera dans l&rsquo;histoire\u00a0\u00bb"},"content":{"rendered":"\n<p class=\"wp-block-paragraph\">La France a connu son \u00ab\u00a0\u00e9t\u00e9 le plus chaud jamais enregistr\u00e9\u00a0\u00bb, annonce M\u00e9t\u00e9o France ce jeudi lors de sa pr\u00e9sentation du bilan climatique de l&rsquo;\u00e9t\u00e9. Un \u00e9t\u00e9 qui \u00ab\u00a0restera dans l&rsquo;histoire\u00a0\u00bb, a jug\u00e9 la ministre de la Transition \u00e9cologique, Monique Barbut. Chaleur, d\u00e9ficit de pluie, feux&nbsp;: ICI fait le point.<\/p>\n\n\n\n<p class=\"wp-block-paragraph\">L&rsquo;\u00e9t\u00e9 de tous les records. Marqu\u00e9 par des canicules, s\u00e9cheresses et incendies g\u00e9ants, l&rsquo;\u00e9t\u00e9 2026 a \u00e9t\u00e9\u00a0<a href=\"https:\/\/www.ici.fr\/infos\/meteo\/l-ete-2026-a-ete-le-plus-chaud-jamais-enregistre-en-france-battant-largement-le-record-de-2003-3249450\"><em>\u00ab\u00a0le plus chaud\u00a0\u00bb<\/em>\u00a0jamais enregistr\u00e9 en France<\/a>, a annonc\u00e9 jeudi la ministre de la Transition \u00e9cologique, Monique Barbut.\u00a0<em>\u00ab\u00a0Nous avons v\u00e9cu l&rsquo;\u00e9t\u00e9 le plus chaud jamais enregistr\u00e9 depuis le d\u00e9but des mesures en 1900\u00a0\u00bb<\/em>, a-t-elle d\u00e9clar\u00e9 lors de la pr\u00e9sentation du bilan climatique de l&rsquo;\u00e9t\u00e9, qui pour les m\u00e9t\u00e9orologues court de juin \u00e0 ao\u00fbt, au si\u00e8ge de M\u00e9t\u00e9o France pr\u00e8s de Paris.La France a connu trois vagues de chaleur dont l&rsquo;une, fin juin, a atteint un record d&rsquo;intensit\u00e9 et une autre, de fin juillet au mois d&rsquo;ao\u00fbt, a \u00e9gal\u00e9 avec 23 jours le record de la plus longue vague jamais enregistr\u00e9e en France, qui datait de 1983.Un nombre de jours en vague de chaleur \u00ab\u00a0in\u00e9dit\u00a0\u00bb<\/p>\n\n\n\n<p class=\"wp-block-paragraph\">Les vagues de chaleur se sont multipli\u00e9es cet \u00e9t\u00e9\u00a0: la France a enregistr\u00e9 un nombre de jours en vague de chaleur\u00a0<em>\u00ab\u00a0in\u00e9dit\u00a0\u00bb<\/em>\u00a0cet \u00e9t\u00e9 avec 53 jours, a indiqu\u00e9 M\u00e9t\u00e9o France.\u00a0<em>\u00ab\u00a0Cinquante-trois jours, c&rsquo;est vraiment tout \u00e0 fait exceptionnel\u00a0\u00bb<\/em>, a comment\u00e9 la PDG de M\u00e9t\u00e9o France Virginie Schwarz, constatant le\u00a0<em>\u00ab\u00a0saut\u00a0\u00bb<\/em>\u00a0par rapport au record pr\u00e9c\u00e9dent, de 33 jours en 2022.Le nombre de fois durant l&rsquo;\u00e9t\u00e9 o\u00f9 les stations de M\u00e9t\u00e9o France ont d\u00e9pass\u00e9 40\u00b0C a fortement augment\u00e9 cette ann\u00e9e par rapport \u00e0 un \u00e9t\u00e9 classique,\u00a0<em>\u00ab\u00a0ce qui se traduit par un nombre de jours en vague de chaleur totalement in\u00e9dit\u00a0\u00bb<\/em>\u00a0sur le territoire, a relev\u00e9 Virginie Schwarz. La temp\u00e9rature a d\u00e9pass\u00e9 178 fois les 40 degr\u00e9s sur le r\u00e9seau des stations de M\u00e9t\u00e9o France. En comparaison, cette valeur avait \u00e9t\u00e9 d\u00e9pass\u00e9e 88 fois en 2003.D\u00e9ficit de pluie quasi g\u00e9n\u00e9ralis\u00e9<\/p>\n\n\n\n<p class=\"wp-block-paragraph\">La s\u00e9cheresse des sols a \u00e9t\u00e9 historique, indique M\u00e9t\u00e9o France. L&rsquo;\u00e9t\u00e9 2026 est le deuxi\u00e8me \u00e9t\u00e9 le moins pluvieux depuis 1959, avec 40% de d\u00e9ficit, l\u00e9g\u00e8rement plus arros\u00e9 que l&rsquo;\u00e9t\u00e9 1962 (50%) mais plus sec que l&rsquo;\u00e9t\u00e9 1976 (35%). Une saison qui contraste avec les pluies abondantes du d\u00e9but d&rsquo;ann\u00e9e\u00a0: f\u00e9vrier 2026 avait \u00e9t\u00e9 le mois de f\u00e9vrier le plus pluvieux depuis 1959.Feux de for\u00eats&nbsp;: danger tr\u00e8s \u00e9lev\u00e9 tout l&rsquo;\u00e9t\u00e9<\/p>\n\n\n\n<p class=\"wp-block-paragraph\">De nombreux incendies d\u2019ampleur in\u00e9dite ont eu lieu, aggrav\u00e9s par les conditions climatiques, confirme M\u00e9t\u00e9o France. L&rsquo;ann\u00e9e 2026 sera l\u2019ann\u00e9e avec la surface br\u00fbl\u00e9e la plus importante jamais enregistr\u00e9e. D&rsquo;ici \u00e0 2.100, M\u00e9t\u00e9o France alerte sur une aggravation du risque de feux for\u00eat et un allongement de la saison des feux.<\/p>\n\n\n\n<p class=\"wp-block-paragraph\">Cet \u00e9t\u00e9&nbsp;<em>\u00ab\u00a0restera dans l&rsquo;histoire\u00a0\u00bb<\/em>, a jug\u00e9 la ministre qui appelle \u00e0&nbsp;<em>\u00ab\u00a0\u00eatre \u00e0 la hauteur des enjeux\u00a0\u00bb<\/em>&nbsp;en mati\u00e8re climatique.&nbsp;<em>\u00ab\u00a0La question que nous devons nous poser \u00e0 pr\u00e9sent est de savoir de quelle mani\u00e8re il le restera. (&#8230;) Comme le premier d&rsquo;une longue s\u00e9rie qui continuera \u00e0 battre des records. Ou comme un moment qui nous aura permis d&rsquo;\u00eatre \u00e0 la hauteur des enjeux d&rsquo;adaptation et d&rsquo;att\u00e9nuation\u00a0\u00bb<\/em>, c&rsquo;est-\u00e0-dire de baisse des \u00e9missions de gaz \u00e0 effet de serre, a ajout\u00e9 la ministre.<\/p>\n\n\n\n<p class=\"wp-block-paragraph\">Enfin, M\u00e9t\u00e9o France confirme l&rsquo;existence d&rsquo;\u00e9pisodes tr\u00e8s chauds qui surviennent en dehors des mois d\u2019\u00e9t\u00e9 comme en mai dernier ou en ce d\u00e9but septembre, signe du changement climatique.<\/p>\n","protected":false},"excerpt":{"rendered":"<p>La France a connu son \u00ab\u00a0\u00e9t\u00e9 le plus chaud jamais enregistr\u00e9\u00a0\u00bb, annonce M\u00e9t\u00e9o France ce jeudi lors de sa pr\u00e9sentation du bilan climatique de l&rsquo;\u00e9t\u00e9. Un \u00e9t\u00e9 qui \u00ab\u00a0restera dans l&rsquo;histoire\u00a0\u00bb, a jug\u00e9 la ministre de la Transition \u00e9cologique, Monique Barbut. Chaleur, d\u00e9ficit de pluie, feux&nbsp;: ICI fait le point. L&rsquo;\u00e9t\u00e9 de tous les records. [&hellip;]<\/p>\n","protected":false},"author":2,"featured_media":46233,"comment_status":"open","ping_status":"open","sticky":false,"template":"","format":"standard","meta":{"_jetpack_newsletter_access":"","_jetpack_dont_email_post_to_subs":false,"_jetpack_newsletter_tier_id":0,"_jetpack_memberships_contains_paywalled_content":false,"_jetpack_feature_clip_id":0,"_jetpack_memberships_contains_paid_content":false,"footnotes":"","jetpack_publicize_message":"{title}\n\n{excerpt}\n\n{url}","jetpack_publicize_feature_enabled":true,"jetpack_social_post_already_shared":true,"jetpack_social_options":{"image_generator_settings":{"template":"highway","default_image_id":0,"font":"","enabled":false},"version":2},"_wpas_customize_per_network":false,"jetpack_post_was_ever_published":false},"categories":[14],"tags":[],"class_list":["post-46232","post","type-post","status-publish","format-standard","has-post-thumbnail","hentry","category-actu-meteo"],"jetpack_publicize_connections":[],"jetpack_sharing_enabled":true,"jetpack_featured_media_url":"https:\/\/i0.wp.com\/www.iceagetv.com\/radiosite\/wp-content\/uploads\/2026\/09\/lete-2026-restera-dans-lhistoire.png?fit=704%2C702&ssl=1","_links":{"self":[{"href":"https:\/\/www.iceagetv.com\/radiosite\/wp-json\/wp\/v2\/posts\/46232","targetHints":{"allow":["GET"]}}],"collection":[{"href":"https:\/\/www.iceagetv.com\/radiosite\/wp-json\/wp\/v2\/posts"}],"about":[{"href":"https:\/\/www.iceagetv.com\/radiosite\/wp-json\/wp\/v2\/types\/post"}],"author":[{"embeddable":true,"href":"https:\/\/www.iceagetv.com\/radiosite\/wp-json\/wp\/v2\/users\/2"}],"replies":[{"embeddable":true,"href":"https:\/\/www.iceagetv.com\/radiosite\/wp-json\/wp\/v2\/comments?post=46232"}],"version-history":[{"count":1,"href":"https:\/\/www.iceagetv.com\/radiosite\/wp-json\/wp\/v2\/posts\/46232\/revisions"}],"predecessor-version":[{"id":46234,"href":"https:\/\/www.iceagetv.com\/radiosite\/wp-json\/wp\/v2\/posts\/46232\/revisions\/46234"}],"wp:featuredmedia":[{"embeddable":true,"href":"https:\/\/www.iceagetv.com\/radiosite\/wp-json\/wp\/v2\/media\/46233"}],"wp:attachment":[{"href":"https:\/\/www.iceagetv.com\/radiosite\/wp-json\/wp\/v2\/media?parent=46232"}],"wp:term":[{"taxonomy":"category","embeddable":true,"href":"https:\/\/www.iceagetv.com\/radiosite\/wp-json\/wp\/v2\/categories?post=46232"},{"taxonomy":"post_tag","embeddable":true,"href":"https:\/\/www.iceagetv.com\/radiosite\/wp-json\/wp\/v2\/tags?post=46232"}],"curies":[{"name":"wp","href":"https:\/\/api.w.org\/{rel}","templated":true}]}}