{"id":46247,"date":"2026-09-04T13:24:09","date_gmt":"2026-09-04T11:24:09","guid":{"rendered":"https:\/\/www.iceagetv.com\/radiosite\/?p=46247"},"modified":"2026-09-04T13:24:11","modified_gmt":"2026-09-04T11:24:11","slug":"agriculture-scandale-montant-insuffisant-les-syndicats-insatisfaits-du-plan-daides-annonce-par-le-gouvernement","status":"publish","type":"post","link":"https:\/\/www.iceagetv.com\/radiosite\/agriculture-scandale-montant-insuffisant-les-syndicats-insatisfaits-du-plan-daides-annonce-par-le-gouvernement\/","title":{"rendered":"Agriculture\u00a0: \u00ab\u00a0scandale\u00a0\u00bb, montant insuffisant\u00a0: les syndicats insatisfaits du plan d&rsquo;aides annonc\u00e9 par le gouvernement"},"content":{"rendered":"\n<p class=\"wp-block-paragraph\">\u00ab\u00a0V\u00e9ritable scandale\u00a0\u00bb pour la Conf\u00e9d\u00e9ration paysanne, montant insuffisant pour la FNSEA&nbsp;: les syndicats agricoles estiment que le plan pr\u00e9sent\u00e9 ce vendredi par le gouvernement pour aider le secteur durement touch\u00e9 par la s\u00e9cheresse n&rsquo;est pas \u00e0 la hauteur de la situation.<\/p>\n\n\n\n<p class=\"wp-block-paragraph\">Annie Genevard, ministre de l&rsquo;Agriculture, a pr\u00e9sent\u00e9 ce vendredi\u00a0<a href=\"https:\/\/www.ici.fr\/infos\/agriculture-peche\/secheresse-plus-d-un-milliard-d-euros-pour-soutenir-l-agriculture-annonce-le-gouvernement-1371920\">un plan de plus d&rsquo;un milliard d&rsquo;euros<\/a>\u00a0pour venir en aide aux agriculteurs, durement touch\u00e9s par la s\u00e9cheresse et les cons\u00e9quences de la canicule en France. Tr\u00e8s attendue par les syndicats, cette s\u00e9rie de mesures les a vivement fait r\u00e9agir. Invit\u00e9 de\u00a0<a href=\"https:\/\/www.franceinfo.fr\/\" target=\"_blank\" rel=\"noreferrer noopener\">franceinfo<\/a>, Thomas Gibert, porte-parole de la Conf\u00e9d\u00e9ration paysanne, d\u00e9nonce \u00ab\u00a0<em>un v\u00e9ritable scandale<\/em>\u00a0\u00bb de la part d&rsquo;un gouvernement qui ne propose selon lui \u00ab\u00a0<em>que des miettes\u00a0\u00bb<\/em>. Le syndicat annonce une mobilisation \u00ab\u00a0<em>dans les prochains jours<\/em>\u00ab\u00a0.\u00a0\u00bb<em>Ce n&rsquo;est pas un fonds d&rsquo;1,2 milliard qui est propos\u00e9, puisque la moiti\u00e9 (de l&rsquo;enveloppe) correspond au fonctionnement normal du syst\u00e8me d&rsquo;indemnisation de solidarit\u00e9 nationale<\/em>\u00ab\u00a0, explique-t-il. Ce dernier estime qu&rsquo;une \u00ab\u00a0<em>r\u00e9elle purge des fermes les plus fragiles<\/em>\u00a0\u00bb est en cours, \u00ab\u00a0<em>au prix des plus grands qui se frottent les mains<\/em>\u00ab\u00a0.<\/p>\n\n\n\n<h2 class=\"wp-block-heading\">La FNSEA r\u00e9clame \u00ab\u00a0au moins un milliard d&rsquo;euros suppl\u00e9mentaires\u00a0\u00bb<\/h2>\n\n\n\n<p class=\"wp-block-paragraph\">Luc Smessaert, vice-pr\u00e9sident de la FNSEA, estime \u00e9galement que le compte n&rsquo;y est pas. Sur&nbsp;<a target=\"_blank\" rel=\"noreferrer noopener\" href=\"https:\/\/www.franceinfo.fr\/\">franceinfo<\/a>, il r\u00e9clame \u00ab\u00a0<em>au moins un milliard d&rsquo;euros suppl\u00e9mentaires<\/em>\u00ab\u00a0. L&rsquo;estimation des pertes pour le monde agricole s&rsquo;\u00e9tablit autour de 10 milliards d&rsquo;euros, selon le responsable syndical, qui juge l&rsquo;enveloppe annonc\u00e9e par le gouvernement insuffisante au regard de l&rsquo;ampleur des difficult\u00e9s rencontr\u00e9es par les exploitations. \u00ab\u00a0<em>On n&rsquo;avait pas demand\u00e9 \u00e0 compenser les pertes. Mais par contre, on a demand\u00e9 un plan d&rsquo;accompagnement pour investir en 2027, pour remettre en culture et relancer la production en 2027<\/em>\u00ab\u00a0, a expliqu\u00e9 Luc Smessaert.<\/p>\n","protected":false},"excerpt":{"rendered":"<p>\u00ab\u00a0V\u00e9ritable scandale\u00a0\u00bb pour la Conf\u00e9d\u00e9ration paysanne, montant insuffisant pour la FNSEA&nbsp;: les syndicats agricoles estiment que le plan pr\u00e9sent\u00e9 ce vendredi par le gouvernement pour aider le secteur durement touch\u00e9 par la s\u00e9cheresse n&rsquo;est pas \u00e0 la hauteur de la situation. Annie Genevard, ministre de l&rsquo;Agriculture, a pr\u00e9sent\u00e9 ce vendredi\u00a0un plan de plus d&rsquo;un milliard [&hellip;]<\/p>\n","protected":false},"author":2,"featured_media":46248,"comment_status":"open","ping_status":"open","sticky":false,"template":"","format":"standard","meta":{"_jetpack_newsletter_access":"","_jetpack_dont_email_post_to_subs":false,"_jetpack_newsletter_tier_id":0,"_jetpack_memberships_contains_paywalled_content":false,"_jetpack_feature_clip_id":0,"_jetpack_memberships_contains_paid_content":false,"footnotes":"","jetpack_publicize_message":"{title}\n\n{excerpt}\n\n{url}","jetpack_publicize_feature_enabled":true,"jetpack_social_post_already_shared":true,"jetpack_social_options":{"image_generator_settings":{"template":"highway","default_image_id":0,"font":"","enabled":false},"version":2},"_wpas_customize_per_network":false,"jetpack_post_was_ever_published":false},"categories":[405],"tags":[],"class_list":["post-46247","post","type-post","status-publish","format-standard","has-post-thumbnail","hentry","category-actu-france-monde"],"jetpack_publicize_connections":[],"jetpack_sharing_enabled":true,"jetpack_featured_media_url":"https:\/\/i0.wp.com\/www.iceagetv.com\/radiosite\/wp-content\/uploads\/2026\/09\/les-syndicats-insatisfaits-du-plan-daides-annonce-par-le-gouvernement.png?fit=639%2C316&ssl=1","_links":{"self":[{"href":"https:\/\/www.iceagetv.com\/radiosite\/wp-json\/wp\/v2\/posts\/46247","targetHints":{"allow":["GET"]}}],"collection":[{"href":"https:\/\/www.iceagetv.com\/radiosite\/wp-json\/wp\/v2\/posts"}],"about":[{"href":"https:\/\/www.iceagetv.com\/radiosite\/wp-json\/wp\/v2\/types\/post"}],"author":[{"embeddable":true,"href":"https:\/\/www.iceagetv.com\/radiosite\/wp-json\/wp\/v2\/users\/2"}],"replies":[{"embeddable":true,"href":"https:\/\/www.iceagetv.com\/radiosite\/wp-json\/wp\/v2\/comments?post=46247"}],"version-history":[{"count":1,"href":"https:\/\/www.iceagetv.com\/radiosite\/wp-json\/wp\/v2\/posts\/46247\/revisions"}],"predecessor-version":[{"id":46249,"href":"https:\/\/www.iceagetv.com\/radiosite\/wp-json\/wp\/v2\/posts\/46247\/revisions\/46249"}],"wp:featuredmedia":[{"embeddable":true,"href":"https:\/\/www.iceagetv.com\/radiosite\/wp-json\/wp\/v2\/media\/46248"}],"wp:attachment":[{"href":"https:\/\/www.iceagetv.com\/radiosite\/wp-json\/wp\/v2\/media?parent=46247"}],"wp:term":[{"taxonomy":"category","embeddable":true,"href":"https:\/\/www.iceagetv.com\/radiosite\/wp-json\/wp\/v2\/categories?post=46247"},{"taxonomy":"post_tag","embeddable":true,"href":"https:\/\/www.iceagetv.com\/radiosite\/wp-json\/wp\/v2\/tags?post=46247"}],"curies":[{"name":"wp","href":"https:\/\/api.w.org\/{rel}","templated":true}]}}