{"id":46256,"date":"2026-09-05T09:19:47","date_gmt":"2026-09-05T07:19:47","guid":{"rendered":"https:\/\/www.iceagetv.com\/radiosite\/?p=46256"},"modified":"2026-09-05T09:19:49","modified_gmt":"2026-09-05T07:19:49","slug":"meteo-sept-departements-du-sud-de-la-france-sont-places-ce-samedi-en-vigilance-orange-canicule-avec-des-temperatures-en-forte-hausse","status":"publish","type":"post","link":"https:\/\/www.iceagetv.com\/radiosite\/meteo-sept-departements-du-sud-de-la-france-sont-places-ce-samedi-en-vigilance-orange-canicule-avec-des-temperatures-en-forte-hausse\/","title":{"rendered":"M\u00e9t\u00e9o : Sept d\u00e9partements du sud de la France sont plac\u00e9s, ce samedi, en vigilance orange canicule avec des temp\u00e9ratures en forte hausse"},"content":{"rendered":"\n<p class=\"wp-block-paragraph\"><strong>Sept d\u00e9partements du sud de la France sont plac\u00e9s, ce samedi 5 septembre, en vigilance orange canicule par M\u00e9t\u00e9o-France.&nbsp;Les d\u00e9partements concern\u00e9s sont: l&rsquo;Ard\u00e8che, l&rsquo;Aude, la Dr\u00f4me, le Gard, l&rsquo;H\u00e9rault, les Pyr\u00e9n\u00e9es-Orientales et le Vaucluse.<\/strong>&nbsp;En Aquitaine, les nuages sont pr\u00e9sents en matin\u00e9e puis laissent place \u00e0 un ciel passag\u00e8rement voil\u00e9 pour le reste de la journ\u00e9e.<\/p>\n\n\n\n<p class=\"wp-block-paragraph\">Une bande nuageuse s&rsquo;\u00e9tend \u00e9galement du Centre-Val de Loire jusqu&rsquo;en Alsace et Franche-Comt\u00e9, donnant tout au plus quelques gouttes sur Grand Est. Partout ailleurs, l&rsquo;atmosph\u00e8re est bien lumineuse et s\u00e8che.<\/p>\n\n\n\n<p class=\"wp-block-paragraph\">L&rsquo;apr\u00e8s-midi est estival partout, avec un temps sec sous un ciel parfois voil\u00e9, sans alt\u00e9rer l&rsquo;impression de beau temps. Seuls quelques nuages bourgeonnent sur les cr\u00eates pyr\u00e9n\u00e9ennes pouvant laisser \u00e9chapper une ond\u00e9e. Une l\u00e9g\u00e8re tramontane souffle le matin avec des pointes \u00e0 40-50 km\/h et l&rsquo;apr\u00e8s-midi c&rsquo;est au tour du mistral en basse vall\u00e9e du Rh\u00f4ne d&rsquo;atteindre les 50 km\/h.<\/p>\n\n\n\n<p class=\"wp-block-paragraph\">Les temp\u00e9ratures minimales varient de 11 \u00e0 20 degr\u00e9s du nord vers le sud, mais jusqu&rsquo;\u00e0 22 \u00e0 26 degr\u00e9s sur le Languedoc-Roussillon.<\/p>\n\n\n\n<p class=\"wp-block-paragraph\">Les temp\u00e9ratures maximales sont stationnaires ou en l\u00e9g\u00e8re baisse sur le tiers nord. Elles sont comprises entre 20 et 25 degr\u00e9s pr\u00e8s de la Manche et au nord de la Seine, entre 25 et 28 des Pays de la Loire \u00e0 Grand Est, nord Bourgogne et Franche-Comt\u00e9.<\/p>\n\n\n\n<p class=\"wp-block-paragraph\">En revanche, la moiti\u00e9 sud conserve des temp\u00e9ratures \u00e9lev\u00e9es, d\u00e9passant les 30 degr\u00e9s. Il fait m\u00eame 32 \u00e0 36 degr\u00e9s dans le Sud-Ouest et moyenne vall\u00e9e du Rh\u00f4ne et jusqu&rsquo;\u00e0 36 \u00e0 39 degr\u00e9s sur le pourtour m\u00e9diterran\u00e9en et basse vall\u00e9e du Rh\u00f4ne. Il fait encore 30 \u00e0 35 degr\u00e9s en Corse.<\/p>\n","protected":false},"excerpt":{"rendered":"<p>Sept d\u00e9partements du sud de la France sont plac\u00e9s, ce samedi 5 septembre, en vigilance orange canicule par M\u00e9t\u00e9o-France.&nbsp;Les d\u00e9partements concern\u00e9s sont: l&rsquo;Ard\u00e8che, l&rsquo;Aude, la Dr\u00f4me, le Gard, l&rsquo;H\u00e9rault, les Pyr\u00e9n\u00e9es-Orientales et le Vaucluse.&nbsp;En Aquitaine, les nuages sont pr\u00e9sents en matin\u00e9e puis laissent place \u00e0 un ciel passag\u00e8rement voil\u00e9 pour le reste de la journ\u00e9e. [&hellip;]<\/p>\n","protected":false},"author":2,"featured_media":46257,"comment_status":"open","ping_status":"open","sticky":false,"template":"","format":"standard","meta":{"_jetpack_newsletter_access":"","_jetpack_dont_email_post_to_subs":false,"_jetpack_newsletter_tier_id":0,"_jetpack_memberships_contains_paywalled_content":false,"_jetpack_feature_clip_id":0,"_jetpack_memberships_contains_paid_content":false,"footnotes":"","jetpack_publicize_message":"{title}\n\n{excerpt}\n\n{url}","jetpack_publicize_feature_enabled":true,"jetpack_social_post_already_shared":true,"jetpack_social_options":{"image_generator_settings":{"template":"highway","default_image_id":0,"font":"","enabled":false},"version":2},"_wpas_customize_per_network":false,"jetpack_post_was_ever_published":false},"categories":[14],"tags":[],"class_list":["post-46256","post","type-post","status-publish","format-standard","has-post-thumbnail","hentry","category-actu-meteo"],"jetpack_publicize_connections":[],"jetpack_sharing_enabled":true,"jetpack_featured_media_url":"https:\/\/i0.wp.com\/www.iceagetv.com\/radiosite\/wp-content\/uploads\/2026\/09\/Sept-departements-du-sud-de-la-France-sont-places.png?fit=685%2C352&ssl=1","_links":{"self":[{"href":"https:\/\/www.iceagetv.com\/radiosite\/wp-json\/wp\/v2\/posts\/46256","targetHints":{"allow":["GET"]}}],"collection":[{"href":"https:\/\/www.iceagetv.com\/radiosite\/wp-json\/wp\/v2\/posts"}],"about":[{"href":"https:\/\/www.iceagetv.com\/radiosite\/wp-json\/wp\/v2\/types\/post"}],"author":[{"embeddable":true,"href":"https:\/\/www.iceagetv.com\/radiosite\/wp-json\/wp\/v2\/users\/2"}],"replies":[{"embeddable":true,"href":"https:\/\/www.iceagetv.com\/radiosite\/wp-json\/wp\/v2\/comments?post=46256"}],"version-history":[{"count":1,"href":"https:\/\/www.iceagetv.com\/radiosite\/wp-json\/wp\/v2\/posts\/46256\/revisions"}],"predecessor-version":[{"id":46258,"href":"https:\/\/www.iceagetv.com\/radiosite\/wp-json\/wp\/v2\/posts\/46256\/revisions\/46258"}],"wp:featuredmedia":[{"embeddable":true,"href":"https:\/\/www.iceagetv.com\/radiosite\/wp-json\/wp\/v2\/media\/46257"}],"wp:attachment":[{"href":"https:\/\/www.iceagetv.com\/radiosite\/wp-json\/wp\/v2\/media?parent=46256"}],"wp:term":[{"taxonomy":"category","embeddable":true,"href":"https:\/\/www.iceagetv.com\/radiosite\/wp-json\/wp\/v2\/categories?post=46256"},{"taxonomy":"post_tag","embeddable":true,"href":"https:\/\/www.iceagetv.com\/radiosite\/wp-json\/wp\/v2\/tags?post=46256"}],"curies":[{"name":"wp","href":"https:\/\/api.w.org\/{rel}","templated":true}]}}