{"id":46259,"date":"2026-09-06T07:47:39","date_gmt":"2026-09-06T05:47:39","guid":{"rendered":"https:\/\/www.iceagetv.com\/radiosite\/?p=46259"},"modified":"2026-09-06T07:47:41","modified_gmt":"2026-09-06T05:47:41","slug":"seine-saint-denis-un-enfant-de-2-ans-est-mort-et-deux-personnes-sont-dans-un-etat-grave-apres-une-fuite-de-gaz-suivie-dune-explosion-dans-un-pavillon-a-aubervilliers","status":"publish","type":"post","link":"https:\/\/www.iceagetv.com\/radiosite\/seine-saint-denis-un-enfant-de-2-ans-est-mort-et-deux-personnes-sont-dans-un-etat-grave-apres-une-fuite-de-gaz-suivie-dune-explosion-dans-un-pavillon-a-aubervilliers\/","title":{"rendered":"Seine-Saint-Denis : Un enfant de 2 ans est mort et deux personnes sont dans un \u00e9tat grave apr\u00e8s une fuite de gaz suivie d&rsquo;une explosion dans un pavillon \u00e0 Aubervilliers"},"content":{"rendered":"\n<p class=\"wp-block-paragraph\">Un drame s\u2019est produit samedi soir \u00e0 Aubervilliers, en Seine-Saint-Denis, o\u00f9 l\u2019explosion d\u2019un pavillon a fait un mort et sept bless\u00e9s. La victime d\u00e9c\u00e9d\u00e9e est un enfant \u00e2g\u00e9 de seulement deux ans, selon le bilan communiqu\u00e9 dans la nuit par le maire de la commune, Sofienne Karroumi. La violente d\u00e9flagration s\u2019est produite vers 21h30 dans une maison situ\u00e9e rue Paul-Verlaine. Sous la puissance de l\u2019explosion, le pavillon s\u2019est en grande partie effondr\u00e9, entra\u00eenant imm\u00e9diatement le d\u00e9ploiement d\u2019un important dispositif de secours. Dans les premi\u00e8res heures, cinq personnes avaient \u00e9t\u00e9 annonc\u00e9es en urgence absolue et les secours craignaient que d\u2019autres victimes puissent se trouver sous les d\u00e9combres.Le bilan a ensuite \u00e9t\u00e9 pr\u00e9cis\u00e9 au cours de la nuit : sept personnes ont \u00e9t\u00e9 bless\u00e9es au total. Selon le maire d\u2019Aubervilliers, deux d\u2019entre elles se trouvaient toujours en urgence absolue peu avant 4 heures du matin dimanche.L\u2019\u00e9lu a \u00e9galement annonc\u00e9 avec \u00e9motion la mort du jeune enfant, \u00e9voquant sur les r\u00e9seaux sociaux une \u00ab petite \u00e9toile d\u2019Aubervilliers \u00bb qui venait de s\u2019\u00e9teindre. Les premiers \u00e9l\u00e9ments recueillis sur place orientent vers une fuite de gaz qui aurait provoqu\u00e9 l\u2019explosion.Cette hypoth\u00e8se devra toutefois \u00eatre pr\u00e9cis\u00e9ment \u00e9tablie par les investigations men\u00e9es apr\u00e8s la s\u00e9curisation des lieux. Un important p\u00e9rim\u00e8tre de s\u00e9curit\u00e9 a \u00e9t\u00e9 install\u00e9 autour du pavillon afin de permettre aux pompiers et aux services sp\u00e9cialis\u00e9s d\u2019intervenir sans danger. Les op\u00e9rations se sont poursuivies une partie de la nuit, notamment pour rechercher d\u2019\u00e9ventuelles victimes et s\u2019assurer de la stabilit\u00e9 des b\u00e2timents.La violence de la d\u00e9flagration a provoqu\u00e9 d\u2019importants d\u00e9g\u00e2ts sur la maison concern\u00e9e et suscit\u00e9 une forte \u00e9motion dans le quartier. Les circonstances exactes ayant conduit \u00e0 cette fuite de gaz restent d\u00e9sormais \u00e0 d\u00e9terminer.Les autorit\u00e9s devraient \u00e9galement chercher \u00e0 savoir si l\u2019installation du pavillon pr\u00e9sentait une d\u00e9faillance ou si un \u00e9v\u00e9nement particulier est \u00e0 l\u2019origine de la fuite.Ce dimanche matin, le bilan reste donc particuli\u00e8rement lourd avec un enfant de deux ans d\u00e9c\u00e9d\u00e9 et sept autres personnes bless\u00e9es. Une enqu\u00eate doit permettre de reconstituer pr\u00e9cis\u00e9ment le d\u00e9roulement de cette explosion dramatique survenue en plein quartier r\u00e9sidentiel d\u2019Aubervilliers.<\/p>\n","protected":false},"excerpt":{"rendered":"<p>Un drame s\u2019est produit samedi soir \u00e0 Aubervilliers, en Seine-Saint-Denis, o\u00f9 l\u2019explosion d\u2019un pavillon a fait un mort et sept bless\u00e9s. La victime d\u00e9c\u00e9d\u00e9e est un enfant \u00e2g\u00e9 de seulement deux ans, selon le bilan communiqu\u00e9 dans la nuit par le maire de la commune, Sofienne Karroumi. La violente d\u00e9flagration s\u2019est produite vers 21h30 dans [&hellip;]<\/p>\n","protected":false},"author":2,"featured_media":46260,"comment_status":"open","ping_status":"open","sticky":false,"template":"","format":"standard","meta":{"_jetpack_newsletter_access":"","_jetpack_dont_email_post_to_subs":false,"_jetpack_newsletter_tier_id":0,"_jetpack_memberships_contains_paywalled_content":false,"_jetpack_feature_clip_id":0,"_jetpack_memberships_contains_paid_content":false,"footnotes":"","jetpack_publicize_message":"{title}\n\n{excerpt}\n\n{url}","jetpack_publicize_feature_enabled":true,"jetpack_social_post_already_shared":true,"jetpack_social_options":{"image_generator_settings":{"template":"highway","default_image_id":0,"font":"","enabled":false},"version":2},"_wpas_customize_per_network":false,"jetpack_post_was_ever_published":false},"categories":[405],"tags":[],"class_list":["post-46259","post","type-post","status-publish","format-standard","has-post-thumbnail","hentry","category-actu-france-monde"],"jetpack_publicize_connections":[],"jetpack_sharing_enabled":true,"jetpack_featured_media_url":"https:\/\/i0.wp.com\/www.iceagetv.com\/radiosite\/wp-content\/uploads\/2026\/09\/pompiers_11_2.jpg?fit=920%2C397&ssl=1","_links":{"self":[{"href":"https:\/\/www.iceagetv.com\/radiosite\/wp-json\/wp\/v2\/posts\/46259","targetHints":{"allow":["GET"]}}],"collection":[{"href":"https:\/\/www.iceagetv.com\/radiosite\/wp-json\/wp\/v2\/posts"}],"about":[{"href":"https:\/\/www.iceagetv.com\/radiosite\/wp-json\/wp\/v2\/types\/post"}],"author":[{"embeddable":true,"href":"https:\/\/www.iceagetv.com\/radiosite\/wp-json\/wp\/v2\/users\/2"}],"replies":[{"embeddable":true,"href":"https:\/\/www.iceagetv.com\/radiosite\/wp-json\/wp\/v2\/comments?post=46259"}],"version-history":[{"count":1,"href":"https:\/\/www.iceagetv.com\/radiosite\/wp-json\/wp\/v2\/posts\/46259\/revisions"}],"predecessor-version":[{"id":46261,"href":"https:\/\/www.iceagetv.com\/radiosite\/wp-json\/wp\/v2\/posts\/46259\/revisions\/46261"}],"wp:featuredmedia":[{"embeddable":true,"href":"https:\/\/www.iceagetv.com\/radiosite\/wp-json\/wp\/v2\/media\/46260"}],"wp:attachment":[{"href":"https:\/\/www.iceagetv.com\/radiosite\/wp-json\/wp\/v2\/media?parent=46259"}],"wp:term":[{"taxonomy":"category","embeddable":true,"href":"https:\/\/www.iceagetv.com\/radiosite\/wp-json\/wp\/v2\/categories?post=46259"},{"taxonomy":"post_tag","embeddable":true,"href":"https:\/\/www.iceagetv.com\/radiosite\/wp-json\/wp\/v2\/tags?post=46259"}],"curies":[{"name":"wp","href":"https:\/\/api.w.org\/{rel}","templated":true}]}}