{"id":4666,"date":"2016-06-13T18:29:45","date_gmt":"2016-06-13T18:29:45","guid":{"rendered":"http:\/\/www.iceagetv.com\/radiosite\/?p=4666"},"modified":"2016-06-13T18:29:45","modified_gmt":"2016-06-13T18:29:45","slug":"ete-wallonie-10-dates-a-retenir","status":"publish","type":"post","link":"https:\/\/www.iceagetv.com\/radiosite\/ete-wallonie-10-dates-a-retenir\/","title":{"rendered":"Votre \u00e9t\u00e9 en Wallonie: 10 dates \u00e0 retenir"},"content":{"rendered":"<p>\n\tA l&#39;occasion de la sortie du guide &quot;Votre &eacute;t&eacute; 2016 en Wallonie&quot;, nous avons s&eacute;lectionn&eacute; pour vous 10 &eacute;v&eacute;nements incontournables pour cet &eacute;t&eacute;. Pas les classiques festivals musicaux ou manifestations annuelles, mais des rendez-vous qui sortent de l&#39;ordinaire. Suivez le guide&#8230;A LIRE | &quot;Votre &eacute;t&eacute; 2016 en Wallonie&quot;, un agenda de 108 pages disponible gratuitement en librairie en &eacute;change du bon &agrave; d&eacute;couper dans le journal&nbsp;L&#39;Avenir de mardi 14 juin, sur tablette&nbsp;iPad&nbsp;ou&nbsp;Android&nbsp;(&agrave; montrer au libraire) et sur&nbsp;PC&nbsp;(&agrave; imprimer).\n<\/p>\n<p>\n\tLa Wallonie s&#39;est mise &agrave; l&#39;heure de la bicyclette en 2016, &agrave; la faveur d&#39;une ann&eacute;e th&eacute;matique sp&eacute;ciale &quot;v&eacute;lo&quot;. De nombreux &eacute;v&eacute;nements estivaux&nbsp;tournent donc autour de la petite reine et le guide &quot;Votre &eacute;t&eacute; 2016 en Wallonie&quot; propose d&#39;ailleurs un livret d&eacute;tachable consacr&eacute; aux deux-roues et aux offres touristiques qui y sont consacr&eacute;.\n<\/p>\n<p>\n\tA c&ocirc;t&eacute; de ces rendez-vous v&eacute;locip&eacute;diques, voici une s&eacute;lection (largement&nbsp;subjective) de 10&nbsp;&eacute;v&eacute;nements qui pourraient animer votre &eacute;t&eacute; de mani&egrave;re originale.&nbsp;Parmi les 270 repris sans le guide&#8230;\n<\/p>\n<p>\n\tWallonie Bienvenue<br \/>\n\tLes 18 et&nbsp;19\/06\n<\/p>\n<p>\n\tTrois communes accueillent au mois de juin cet &eacute;v&eacute;nement destin&eacute; &agrave; faire d&eacute;couvrir des artistes et des&nbsp;artisans&nbsp;locaux. Ils seront une centaine d&#39;exposants &agrave; montrer leur savoir-faire &agrave; Lobbes, Durby et Incourt durant le week-end des 18 et 19 juin. Cela va des gravures et s&eacute;rigraphies (Incourt), &agrave; l&#39;art de la r&eacute;cup&nbsp;(Durbuy) en passant par la passion de l&#39;apiculture (Lobbes), pour ne citer que ces quelques disciplines.&nbsp;En septembre, Gedinne, Lessines et Florenville prendront la rel&egrave;ve le week-end des 24 et 25.\n<\/p>\n<p>\n\tAmadeus, ruines de&nbsp;Villers-la-Ville<br \/>\n\tDu 13\/07 au 6\/08\n<\/p>\n<p>\n\tCela fait 30 ans que, chaque &eacute;t&eacute;, le ruines de Villers-la-Ville remontent le temps pour revisiter des pi&egrave;ces cultes. Cette ann&eacute;e, arr&ecirc;t en 1781, &agrave; Vienne, &agrave; la cour de Joseph II. Epoque des perruques et de l&#39;&eacute;clairage &agrave; la bougie, mais aussi celle de Mozart. Gr&acirc;ce &agrave; une mise en sc&egrave;ne incroyable, ce n&#39;est pas une simple pi&egrave;ce qu&#39;il vous sera donn&eacute; de&nbsp;vivre, mais une r&eacute;elle immersion plus de 230 ans en arri&egrave;re. Toujours dans ce prodigieux d&eacute;cor des ruines de Villers-la-Ville.<br \/>\n\tA l&#39;abbaye de Villers-la-Ville, du 13\/07 au 6\/08 &agrave; partir de 21h (pas de repr&eacute;sentation les dimanches et lundis)\n<\/p>\n<p>\n\tEurop&eacute;ades, Namur<br \/>\n\tDu 20 au 24\/07\n<\/p>\n<p>\n\tAmateur de bol&eacute;ro ou de tarentelle? Ne boudez plus votre plaisir! Cet &eacute;t&eacute;, la ville de Namur accueillera la 53e &eacute;dition du festival Europ&eacute;ade, l&#39;un des plus grands rassemblements de folklore europ&eacute;en. Pendant cinq jours, la capitale wallonne vivra au rythme de parades et de spectacles hauts en couleur. Plus de 5000 danseurs, chanteurs et lanceurs de drapeaux, issus des quatre coins du Vieux Continent, inonderont les rues du centre-ville.<br \/>\n\tDans le centre-ville de Namur, du 20 au 24\/07\n<\/p>\n<p>\n\t800 ans de l&#39;abbaye du Val-Dieu, Aubel<br \/>\n\tDu 29\/07 au 28\/08\n<\/p>\n<p>\n\tV&eacute;ritable havre de paix monastique, l&#39;abbaye du Val-Dieu s&#39;appr&ecirc;te &agrave; vivre un &eacute;t&eacute; hors du commun. A l&#39;occasion de son 800e anniversaire, le prestigieux site aubelois s&#39;offre un somptueux spectacle son et lumi&egrave;re&nbsp;intitul&eacute; &quot;Les 800 reflets&quot;. Chaque soir, l&#39;histoire de l&#39;abbaye sera donc &eacute;voqu&eacute;e &agrave; grand renfort de fresques f&eacute;eriques et d&#39;illusions d&#39;optique, projet&eacute;es sur la fa&ccedil;ade de l&#39;&eacute;difice. A noter que durant les quatre premiers samedis de l&#39;&eacute;v&eacute;nement, des pique-niques musicaux, sous forme de concerts-promenades, se tiendront dans le parc du monast&egrave;re.<br \/>\n\tA l&#39;abbaye de Val-Dieu, &agrave; Aubel, du 29\/07 au 28\/08, tous les soirs &agrave; 22h30.<br \/>\n\tPique-niques les 30\/07 et les 6, 13 et 20\/08\n<\/p>\n<p>\n\tDrone Day, Euro Space Center de Transinne<br \/>\n\tLe 30\/07\n<\/p>\n<p>\n\tEngins militaires ou simples jouets pour enfants, en quelques ann&eacute;es, les drones ont progressivement investi notre cadre de vie. Entre fascination et r&eacute;pulsion, cette nouvelle technologie ne laisse personne indiff&eacute;rent. D&#39;o&ugrave; l&#39;int&eacute;r&ecirc;t de consacrer une journ&eacute;e &agrave; ces objets volants d&#39;un genre nouveau. A l&#39;Euro Space Center de Transinne, les drones auront quartier libre. L&#39;occasion de d&eacute;couvrir de plus pr&egrave;s leurs nombreuses applications au travers de d&eacute;monstrations de vol, d&#39;ateliers de pilotage ou de fabrication de machines. Attraction phare: les courses de minidrones.<br \/>\n\tA l&#39;Euro Space Center de Transinne, le samedi 30\/07\n<\/p>\n<p>\n\t60 ans de la trag&eacute;die du Bois du Cazier, Marcinelle<br \/>\n\tLes 6 et 7\/08\n<\/p>\n<p>\n\tLa trag&eacute;die des charbonnages de Marcinelle, c&#39;&eacute;tait il y a 60 ans. La ville carolo fut &agrave; la fois le th&eacute;&acirc;tre et l&#39;acteur de la plus importante catastrophe que connut l&#39;industrie mini&egrave;re en Belgique. Cette ann&eacute;e, Marcinelle&nbsp;se souvient&#8230; R&eacute;investi&nbsp;par des v&eacute;hicules d&#39;&eacute;poque et des figurants en habits, le Bois du Cazier et son quartier seront plong&eacute;s dans l&#39;atmosph&egrave;re de 1956: voitures d&#39;&eacute;poque, camions de pompiers, ambulances etc. Trois expositions sont aussi au programme de ce week-end de souvenirs.<br \/>\n\tAu Bois du Cazier, les 6&nbsp;et 7\/08\n<\/p>\n<p>\n\tFestival vapeur, Spontin<br \/>\n\tLes 13 et 14\/08\n<\/p>\n<p>\n\tCette ann&eacute;e, le traditionnel festival vapeur du chemin de fer du Bocq doit quelque peu s&#39;adapter en raison de travaux. Les organisateurs ont donc pr&eacute;vu un week-end ax&eacute; sur les enfants. Un spectacle participatif sp&eacute;cialement con&ccedil;u pour eux se d&eacute;roulera &agrave; la gare de Spontin. A Dorinne, un diorama de trains miniatures est pr&eacute;vu dans la salle des pas perdus. Des circulations intensives de locomotives &agrave; vapeur et diesel sont &eacute;galement pr&eacute;vues le long de la ligne du Bocq. Parmi les locomotives, notons la pr&eacute;sence exceptionnelle de la plus ancienne petite machine &agrave; vapeur belge encore en &eacute;tat de marche.<br \/>\n\tA Spontin, les 13 et 14\/08\n<\/p>\n<p>\n\tTanks in town, Mons<br \/>\n\tDu 26 au 28\/08\n<\/p>\n<p>\n\tEn septembre 1944, la ville de Mons est lib&eacute;r&eacute;e par le 83e bataillon de reconnaissance de la 3e division blind&eacute;e am&eacute;ricaine. Aujourd&#39;hui, la comm&eacute;moration de ce haut fait de notre histoire collective fait figure d&#39;incontournable en cit&eacute; montoise. A cette occasion, l&#39;op&eacute;ration Tanks in town, organis&eacute;e avec la D&eacute;fense, s&#39;apparente &agrave; une formidable concentration de v&eacute;hicules blind&eacute;s de collection. Jeeps et camions seront &eacute;galement pr&eacute;sents pour envahir le centre historique de Mons. Un v&eacute;ritable mus&eacute;e vivant de v&eacute;hicules de collection.<br \/>\n\tA Mons, du 26 au 28\/08\n<\/p>\n<p>\n\t100e anniversaire du viaduc&nbsp;de Moresnet, Plombi&egrave;res<br \/>\n\tLes 17 et 18\/09\n<\/p>\n<p>\n\tVoil&agrave;&nbsp;un si&egrave;cle qu&#39;un imposant viaduc ferroviaire enjambe le village de Moresnet, dans l&#39;entit&eacute; de Plombi&egrave;res. Ouvrage d&#39;un autre temps, il fut construit par l&#39;occupant allemand en un temps record. Cette ann&eacute;e, les Plombimontois se rem&eacute;morent cette &eacute;poque gr&acirc;ce &agrave; des conf&eacute;rences, des expos et plusieurs spectacles en soir&eacute;e.On pourra notamment profiter d&#39;un acc&egrave;s exceptionnel au viaduc.\n<\/p>\n<p>\n\tComines, ville ouverte<br \/>\n\tLes 17 et 18\/09\n<\/p>\n<p>\n\tQui dit ann&eacute;e paire dit ville de Comines en f&ecirc;te. Mais cette ann&eacute;e, la f&ecirc;te a totalement &eacute;t&eacute; repens&eacute;e. La ville se concentre sur six lieux de repr&eacute;sentation, contre une trentaine pr&eacute;c&eacute;demment. Le but est de faire se rencontrer les visiteurs autour de six th&egrave;mes diff&eacute;rents.A chaque &quot;poste&quot; son th&egrave;me: l&#39;art de la terre, le vent, le terroir, la brasserie&#8230; Un week-end m&ecirc;lant astucieusement tourisme et art.<br \/>\n\tA Comines et alentours, les 17 et 18\/09<\/p>\n","protected":false},"excerpt":{"rendered":"<p>A l&#39;occasion de la sortie du guide &quot;Votre &eacute;t&eacute; 2016 en Wallonie&quot;, nous avons s&eacute;lectionn&eacute; pour vous 10 &eacute;v&eacute;nements incontournables pour cet &eacute;t&eacute;. Pas les classiques festivals musicaux ou manifestations annuelles, mais des rendez-vous qui sortent de l&#39;ordinaire. Suivez le guide&#8230;A LIRE | &quot;Votre &eacute;t&eacute; 2016 en Wallonie&quot;, un agenda de 108 pages disponible gratuitement [&hellip;]<\/p>\n","protected":false},"author":2,"featured_media":4667,"comment_status":"open","ping_status":"open","sticky":false,"template":"","format":"standard","meta":{"_jetpack_memberships_contains_paid_content":false,"footnotes":"","jetpack_publicize_message":"","jetpack_publicize_feature_enabled":true,"jetpack_social_post_already_shared":true,"jetpack_social_options":{"image_generator_settings":{"template":"highway","default_image_id":0,"font":"","enabled":false},"version":2},"_wpas_customize_per_network":false},"categories":[68],"tags":[1094],"class_list":["post-4666","post","type-post","status-publish","format-standard","has-post-thumbnail","hentry","category-actu-culturelle","tag-votre-ete-en-wallonie-10-dates-a-retenir"],"jetpack_publicize_connections":[],"jetpack_featured_media_url":"https:\/\/i0.wp.com\/www.iceagetv.com\/radiosite\/wp-content\/uploads\/2016\/06\/Plombi%C3%A8res.jpg?fit=2048%2C1536&ssl=1","jetpack_sharing_enabled":true,"_links":{"self":[{"href":"https:\/\/www.iceagetv.com\/radiosite\/wp-json\/wp\/v2\/posts\/4666","targetHints":{"allow":["GET"]}}],"collection":[{"href":"https:\/\/www.iceagetv.com\/radiosite\/wp-json\/wp\/v2\/posts"}],"about":[{"href":"https:\/\/www.iceagetv.com\/radiosite\/wp-json\/wp\/v2\/types\/post"}],"author":[{"embeddable":true,"href":"https:\/\/www.iceagetv.com\/radiosite\/wp-json\/wp\/v2\/users\/2"}],"replies":[{"embeddable":true,"href":"https:\/\/www.iceagetv.com\/radiosite\/wp-json\/wp\/v2\/comments?post=4666"}],"version-history":[{"count":1,"href":"https:\/\/www.iceagetv.com\/radiosite\/wp-json\/wp\/v2\/posts\/4666\/revisions"}],"predecessor-version":[{"id":4668,"href":"https:\/\/www.iceagetv.com\/radiosite\/wp-json\/wp\/v2\/posts\/4666\/revisions\/4668"}],"wp:featuredmedia":[{"embeddable":true,"href":"https:\/\/www.iceagetv.com\/radiosite\/wp-json\/wp\/v2\/media\/4667"}],"wp:attachment":[{"href":"https:\/\/www.iceagetv.com\/radiosite\/wp-json\/wp\/v2\/media?parent=4666"}],"wp:term":[{"taxonomy":"category","embeddable":true,"href":"https:\/\/www.iceagetv.com\/radiosite\/wp-json\/wp\/v2\/categories?post=4666"},{"taxonomy":"post_tag","embeddable":true,"href":"https:\/\/www.iceagetv.com\/radiosite\/wp-json\/wp\/v2\/tags?post=4666"}],"curies":[{"name":"wp","href":"https:\/\/api.w.org\/{rel}","templated":true}]}}