{"id":4679,"date":"2016-06-15T16:52:15","date_gmt":"2016-06-15T16:52:15","guid":{"rendered":"http:\/\/www.iceagetv.com\/radiosite\/?p=4679"},"modified":"2016-06-15T16:52:15","modified_gmt":"2016-06-15T16:52:15","slug":"lhopital-necker-a-t-vraiment-ete-devaste-casseurs","status":"publish","type":"post","link":"https:\/\/www.iceagetv.com\/radiosite\/lhopital-necker-a-t-vraiment-ete-devaste-casseurs\/","title":{"rendered":"L&rsquo;h\u00f4pital Necker a-t-il vraiment \u00e9t\u00e9 \u00abd\u00e9vast\u00e9\u00bb par les \u00abcasseurs"},"content":{"rendered":"<p>\n\tUnanime, la classe politique s&#39;est &eacute;mue des d&eacute;gradations commises mardi sur la fa&ccedil;ade de l&#39;h&ocirc;pital des enfants malades. Au risque d&#39;en exag&eacute;rer la nature.Un h&ocirc;pital&nbsp;&laquo;d&eacute;vast&eacute;&raquo;&nbsp;: les mots sont de Manuel Valls, invit&eacute; ce mercredi matin sur France Inter. Au lendemain d&rsquo;une&nbsp;manifestation parisienne sous haute tension&nbsp;contre le projet de loi travail, le Premier ministre a d&eacute;nonc&eacute; avec force l&rsquo;action des&nbsp;&laquo;casseurs&raquo;&nbsp;au cours du d&eacute;fil&eacute;, et notamment les incidents qui se sont d&eacute;roul&eacute;s aux abords de l&rsquo;h&ocirc;pital Necker pour les enfants malades, dans le XVe&nbsp;arrondissement de la capitale.\n<\/p>\n<p>\n\tDans la classe politique, la condamnation a &eacute;t&eacute; unanime. C&ocirc;t&eacute; gouvernement, Marisol Touraine, la ministre des Affaires sociales, a parl&eacute; d&rsquo;une&nbsp;&laquo;attaque insupportable&raquo;, assurant, sur France Info, que&laquo;personne ne pouvait ignorer que c&rsquo;&eacute;tait un h&ocirc;pital auquel on s&rsquo;en prenait et qu&rsquo;on attaquait&raquo;. Et d&rsquo;ajouter&nbsp;:&nbsp;&laquo;Il y a des enfants qui entraient dans les blocs op&eacute;ratoires et certains n&rsquo;&eacute;taient pas encore endormis, ce sont des choses qui sont choquantes.&raquo;\n<\/p>\n<p>\n\tSon homologue de l&rsquo;Int&eacute;rieur, Bernard Cazeneuve, est all&eacute; plus loin, en s&rsquo;en prenant aux&nbsp;&laquo;hordes de manifestants violents&raquo;&nbsp;et aux&laquo;sauvageons&raquo;&nbsp;qui ont bris&eacute; les&nbsp;&laquo;vitres de l&rsquo;h&ocirc;pital Necker&raquo;&nbsp;alors&nbsp;&laquo;qu&rsquo;il y a l&rsquo;enfant des policiers&nbsp;[assassin&eacute;s lundi &agrave; Magnanville, ndlr]&nbsp;qui s&rsquo;y trouve&raquo;. Nicolas Sarkozy, sur Twitter, s&rsquo;est fendu de ce message&nbsp;:&laquo;#Necker&nbsp;: je demande que soit engag&eacute;e la responsabilit&eacute; civile et financi&egrave;re de la CGT.&raquo;\n<\/p>\n<p>\n\tMercredi matin, Manuel Valls s&rsquo;est rendu sur place avec Marisol Touraine pour apporter son soutien aux &eacute;quipes m&eacute;dicales de l&rsquo;&eacute;tablissement. L&rsquo;Assistance publique &#8211; H&ocirc;pitaux de Paris (AP-HP), de son c&ocirc;t&eacute;, a d&eacute;pos&eacute; une plainte contre X pour&nbsp;&laquo;d&eacute;gradation de biens publics et mise en danger de la vie d&rsquo;autrui&raquo;.&nbsp;Vingt-quatre heures apr&egrave;s les faits,&nbsp;Lib&eacute;ration&nbsp;fait le point sur un dossier devenu symbolique.\n<\/p>\n<p>\n\tQue s&rsquo;est-il pass&eacute;&nbsp;?\n<\/p>\n<p>\n\tIl est pr&egrave;s de 15h30 quand le cort&egrave;ge de t&ecirc;te, constitu&eacute; notamment de plusieurs centaines de manifestants cagoul&eacute;s et &eacute;quip&eacute;s pour harceler les forces de l&rsquo;ordre, arrive &agrave; l&rsquo;angle du boulevard du Montparnasse et de la rue de S&egrave;vres, au niveau du m&eacute;tro Duroc. Les affrontements avec les CRS, qui n&rsquo;ont pas cess&eacute; depuis le d&eacute;part de la manifestation place d&rsquo;Italie, reprennent de plus belle. Des militants radicaux, tout de noir v&ecirc;tus, lancent des projectiles en direction de forces de l&rsquo;ordre situ&eacute;es sur leur gauche, qui r&eacute;pliquent &agrave; coups de grenades lacrymog&egrave;nes.\n<\/p>\n<p>\n\tL&rsquo;h&ocirc;pital Necker, juste &agrave; c&ocirc;t&eacute; du cordon des forces de l&rsquo;ordre, n&rsquo;est clairement pas la cible de la majorit&eacute; des manifestants. S&rsquo;il est tout &agrave; fait probable que des pierres ou des canettes de bi&egrave;re aient pu endommager sa fa&ccedil;ade, c&rsquo;est surtout les coups de marteau port&eacute;s par un ou deux manifestants qui ont caus&eacute; la majorit&eacute; des d&eacute;g&acirc;ts. On le voit sur&nbsp;cette vid&eacute;o&nbsp;tourn&eacute;e par un journaliste du&nbsp;Monde&nbsp;(&agrave; partir de 4&rsquo;20&quot;). A noter, par ailleurs, l&rsquo;intervention d&rsquo;un homme qui tente d&rsquo;arr&ecirc;ter l&rsquo;individu en lui disant :&nbsp;&laquo;H&eacute;, c&rsquo;est un h&ocirc;pital de gosses.&raquo;\n<\/p>\n<p>\n\tLes &eacute;chauffour&eacute;es au milieu du carrefour durent assez longtemps, peut-&ecirc;tre une vingtaine de minutes. Sur&nbsp;cette vid&eacute;o, on voit m&ecirc;me des &laquo;casseurs&raquo; d&eacute;tacher des plaques enti&egrave;res de bitume &agrave; coups de marteau, pour s&rsquo;en servir ensuite de projectiles. Il faut l&rsquo;intervention du canon &agrave; eau de la pr&eacute;fecture de police, qui scinde le cort&egrave;ge en deux, pour repousser la t&ecirc;te de manifestation plus en avant, vers le boulevard des Invalides.\n<\/p>\n<p>\n\tQuels sont les d&eacute;g&acirc;ts ?\n<\/p>\n<p>\n\tLes principaux d&eacute;g&acirc;ts concernent des bris de vitres, au niveau du rez-de-chauss&eacute;e de l&rsquo;&eacute;tablissement. Une quinzaine de parois, c&ocirc;t&eacute; rue, ont ainsi &eacute;t&eacute; fractur&eacute;es, sans par ailleurs c&eacute;der. Mais&nbsp;&laquo;personne n&rsquo;est entr&eacute; dans l&rsquo;h&ocirc;pital, il n&rsquo;y a pas de d&eacute;g&acirc;ts &agrave; l&rsquo;int&eacute;rieur&raquo;, explique le professeur No&euml;l Garab&eacute;dian, pr&eacute;sent sur place mardi. Il souligne en outre que les patients et les &eacute;quipes m&eacute;dicales ont &eacute;t&eacute;&nbsp;&laquo;extr&ecirc;mement choqu&eacute;s par cet &eacute;pisode traumatisant&raquo;.Aussi gratuits et stupides qu&rsquo;ils puissent &ecirc;tre, ces actes sont donc loin d&rsquo;avoir laiss&eacute; derri&egrave;re eux un b&acirc;timent&nbsp;&laquo;d&eacute;vast&eacute;&raquo;, comme l&rsquo;a dit Manuel Valls. Ce qui fut en revanche le cas de nombreux commerces sur le parcours de la manifestation. Quant aux&nbsp;&laquo;enfants qui entraient dans les blocs op&eacute;ratoires et certains n&rsquo;&eacute;taient pas encore endormis&raquo;, comme le souligne Marisol Touraine, difficile de savoir s&rsquo;ils ont entendu pr&eacute;cis&eacute;ment les coups de marteau, au milieu d&rsquo;une ambiance o&ugrave; se m&ecirc;laient cris des manifestants, jets de grenades lacrymog&egrave;nes et surtout tirs de grenades assourdissantes, au volume sonore bien plus important.<\/p>\n","protected":false},"excerpt":{"rendered":"<p>Unanime, la classe politique s&#39;est &eacute;mue des d&eacute;gradations commises mardi sur la fa&ccedil;ade de l&#39;h&ocirc;pital des enfants malades. Au risque d&#39;en exag&eacute;rer la nature.Un h&ocirc;pital&nbsp;&laquo;d&eacute;vast&eacute;&raquo;&nbsp;: les mots sont de Manuel Valls, invit&eacute; ce mercredi matin sur France Inter. Au lendemain d&rsquo;une&nbsp;manifestation parisienne sous haute tension&nbsp;contre le projet de loi travail, le Premier ministre a d&eacute;nonc&eacute; [&hellip;]<\/p>\n","protected":false},"author":2,"featured_media":0,"comment_status":"open","ping_status":"open","sticky":false,"template":"","format":"standard","meta":{"_jetpack_memberships_contains_paid_content":false,"footnotes":"","jetpack_publicize_message":"","jetpack_publicize_feature_enabled":true,"jetpack_social_post_already_shared":true,"jetpack_social_options":{"image_generator_settings":{"template":"highway","default_image_id":0,"font":"","enabled":false},"version":2},"_wpas_customize_per_network":false},"categories":[405],"tags":[1116],"class_list":["post-4679","post","type-post","status-publish","format-standard","hentry","category-actu-france-monde","tag-lhopital-necker"],"jetpack_publicize_connections":[],"jetpack_featured_media_url":"","jetpack_sharing_enabled":true,"_links":{"self":[{"href":"https:\/\/www.iceagetv.com\/radiosite\/wp-json\/wp\/v2\/posts\/4679","targetHints":{"allow":["GET"]}}],"collection":[{"href":"https:\/\/www.iceagetv.com\/radiosite\/wp-json\/wp\/v2\/posts"}],"about":[{"href":"https:\/\/www.iceagetv.com\/radiosite\/wp-json\/wp\/v2\/types\/post"}],"author":[{"embeddable":true,"href":"https:\/\/www.iceagetv.com\/radiosite\/wp-json\/wp\/v2\/users\/2"}],"replies":[{"embeddable":true,"href":"https:\/\/www.iceagetv.com\/radiosite\/wp-json\/wp\/v2\/comments?post=4679"}],"version-history":[{"count":1,"href":"https:\/\/www.iceagetv.com\/radiosite\/wp-json\/wp\/v2\/posts\/4679\/revisions"}],"predecessor-version":[{"id":4680,"href":"https:\/\/www.iceagetv.com\/radiosite\/wp-json\/wp\/v2\/posts\/4679\/revisions\/4680"}],"wp:attachment":[{"href":"https:\/\/www.iceagetv.com\/radiosite\/wp-json\/wp\/v2\/media?parent=4679"}],"wp:term":[{"taxonomy":"category","embeddable":true,"href":"https:\/\/www.iceagetv.com\/radiosite\/wp-json\/wp\/v2\/categories?post=4679"},{"taxonomy":"post_tag","embeddable":true,"href":"https:\/\/www.iceagetv.com\/radiosite\/wp-json\/wp\/v2\/tags?post=4679"}],"curies":[{"name":"wp","href":"https:\/\/api.w.org\/{rel}","templated":true}]}}