{"id":4915,"date":"2016-07-21T13:45:18","date_gmt":"2016-07-21T13:45:18","guid":{"rendered":"http:\/\/www.iceagetv.com\/radiosite\/?p=4915"},"modified":"2016-07-21T13:45:18","modified_gmt":"2016-07-21T13:45:18","slug":"turquie-ankara-va-deroger-a-convention-europeenne-droits-de-lhomme","status":"publish","type":"post","link":"https:\/\/www.iceagetv.com\/radiosite\/turquie-ankara-va-deroger-a-convention-europeenne-droits-de-lhomme\/","title":{"rendered":"Turquie: Ankara va d\u00e9roger \u00e0 la Convention europ\u00e9enne des droits de l\u2019Homme"},"content":{"rendered":"<p>\n\tLa Turquie va d&eacute;roger &agrave; la Convention europ&eacute;enne des droits de l&rsquo;Homme (CEDH) en raison de l&rsquo;instauration de l&rsquo;&eacute;tat d&rsquo;urgence jeudi, a annonc&eacute; le vice-Premier ministre Numan Kurtulmus.\n<\/p>\n<p>\n\t&laquo;&nbsp;&nbsp;La Turquie va suspendre la Convention europ&eacute;enne des droits de l&rsquo;Homme dans la mesure o&ugrave; cela ne contrevient pas &agrave; ses obligations internationales, tout comme la France l&rsquo;a fait sous l&rsquo;article 15 de la Convention&nbsp;&nbsp;&raquo; apr&egrave;s les attentats de novembre 2015, a annonc&eacute; M. Kurtulmus, cit&eacute; par l&rsquo;agence progouvernmentale Anadolu. L&rsquo;article 15 de la CEDH reconna&icirc;t aux gouvernements, &laquo;&nbsp;&nbsp;dans des circonstances exceptionnelles&nbsp;&nbsp;&raquo;, la facult&eacute; de d&eacute;roger, &laquo;&nbsp;&nbsp;de mani&egrave;re temporaire, limit&eacute;e et contr&ocirc;l&eacute;e&nbsp;&nbsp;&raquo;, &agrave; certains droits et libert&eacute;s garantis par la CEDH.\n<\/p>\n<p>\n\tUne mesure prise dans d&rsquo;autres pays\n<\/p>\n<p>\n\tLa France avait annonc&eacute; qu&rsquo;elle allait d&eacute;roger &agrave; cette convention en d&eacute;clarant l&rsquo;&eacute;tat d&rsquo;urgence apr&egrave;s les attentats jihadistes du 13 novembre 2015 &agrave; Paris. Cette d&eacute;rogation ne dispense pas un pays de respecter certains droits inali&eacute;nables. Le Royaume-Uni a &eacute;galement fait usage de cette proc&eacute;dure en Irlande du Nord, entre fin 1988 et d&eacute;but 2001.\n<\/p>\n<p>\n\tCette d&eacute;rogation pr&eacute;munit donc la Turquie contre d&rsquo;&eacute;ventuelles condamnations de la CEDH alors que de vastes purges sont en cours dans l&rsquo;arm&eacute;e, la justice, la magistrature, les m&eacute;dias et l&rsquo;enseignement apr&egrave;s le coup d&rsquo;&Eacute;tat rat&eacute; du 15 juillet contre le r&eacute;gime du pr&eacute;sident Recep Tayyip Erdogan.<\/p>\n","protected":false},"excerpt":{"rendered":"<p>La Turquie va d&eacute;roger &agrave; la Convention europ&eacute;enne des droits de l&rsquo;Homme (CEDH) en raison de l&rsquo;instauration de l&rsquo;&eacute;tat d&rsquo;urgence jeudi, a annonc&eacute; le vice-Premier ministre Numan Kurtulmus. &laquo;&nbsp;&nbsp;La Turquie va suspendre la Convention europ&eacute;enne des droits de l&rsquo;Homme dans la mesure o&ugrave; cela ne contrevient pas &agrave; ses obligations internationales, tout comme la France [&hellip;]<\/p>\n","protected":false},"author":2,"featured_media":4916,"comment_status":"open","ping_status":"open","sticky":false,"template":"","format":"standard","meta":{"_jetpack_memberships_contains_paid_content":false,"footnotes":"","jetpack_publicize_message":"","jetpack_publicize_feature_enabled":true,"jetpack_social_post_already_shared":true,"jetpack_social_options":{"image_generator_settings":{"template":"highway","default_image_id":0,"font":"","enabled":false},"version":2},"_wpas_customize_per_network":false},"categories":[405],"tags":[1169],"class_list":["post-4915","post","type-post","status-publish","format-standard","has-post-thumbnail","hentry","category-actu-france-monde","tag-nkara-va-deroger-a-la-convention-europeenne-des-droits-de-lhomme"],"jetpack_publicize_connections":[],"jetpack_featured_media_url":"https:\/\/i0.wp.com\/www.iceagetv.com\/radiosite\/wp-content\/uploads\/2016\/07\/nkara-va-d%C3%A9roger-%C3%A0-la-Convention-europ%C3%A9enne-des-droits-de-l%E2%80%99Homme.jpg?fit=475%2C317&ssl=1","jetpack_sharing_enabled":true,"_links":{"self":[{"href":"https:\/\/www.iceagetv.com\/radiosite\/wp-json\/wp\/v2\/posts\/4915","targetHints":{"allow":["GET"]}}],"collection":[{"href":"https:\/\/www.iceagetv.com\/radiosite\/wp-json\/wp\/v2\/posts"}],"about":[{"href":"https:\/\/www.iceagetv.com\/radiosite\/wp-json\/wp\/v2\/types\/post"}],"author":[{"embeddable":true,"href":"https:\/\/www.iceagetv.com\/radiosite\/wp-json\/wp\/v2\/users\/2"}],"replies":[{"embeddable":true,"href":"https:\/\/www.iceagetv.com\/radiosite\/wp-json\/wp\/v2\/comments?post=4915"}],"version-history":[{"count":1,"href":"https:\/\/www.iceagetv.com\/radiosite\/wp-json\/wp\/v2\/posts\/4915\/revisions"}],"predecessor-version":[{"id":4917,"href":"https:\/\/www.iceagetv.com\/radiosite\/wp-json\/wp\/v2\/posts\/4915\/revisions\/4917"}],"wp:featuredmedia":[{"embeddable":true,"href":"https:\/\/www.iceagetv.com\/radiosite\/wp-json\/wp\/v2\/media\/4916"}],"wp:attachment":[{"href":"https:\/\/www.iceagetv.com\/radiosite\/wp-json\/wp\/v2\/media?parent=4915"}],"wp:term":[{"taxonomy":"category","embeddable":true,"href":"https:\/\/www.iceagetv.com\/radiosite\/wp-json\/wp\/v2\/categories?post=4915"},{"taxonomy":"post_tag","embeddable":true,"href":"https:\/\/www.iceagetv.com\/radiosite\/wp-json\/wp\/v2\/tags?post=4915"}],"curies":[{"name":"wp","href":"https:\/\/api.w.org\/{rel}","templated":true}]}}