{"id":4994,"date":"2016-08-14T13:42:38","date_gmt":"2016-08-14T13:42:38","guid":{"rendered":"http:\/\/www.iceagetv.com\/radiosite\/?p=4994"},"modified":"2016-08-14T13:42:38","modified_gmt":"2016-08-14T13:42:38","slug":"omar-sy-devient-personnalite-preferee-francais","status":"publish","type":"post","link":"https:\/\/www.iceagetv.com\/radiosite\/omar-sy-devient-personnalite-preferee-francais\/","title":{"rendered":"Omar Sy devient la personnalit\u00e9 pr\u00e9f\u00e9r\u00e9e des Fran\u00e7ais"},"content":{"rendered":"<p>\n\tL&#39;acteur est pass&eacute; en t&ecirc;te du classement 2016 devant Jean-Jaques Goldman. Il avait fait son apparition en 2011 apr&egrave;s le filmIntouchables&nbsp;et n&#39;a pas quitt&eacute; le podium depuis. Le classement voit &eacute;galement appara&icirc;tre de nouveaux noms tels qu&#39;Antoine Griezmann ou Emmanuel Macron.\n<\/p>\n<p>\n\tL&#39;acteur Omar Sy est devenu la personnalit&eacute; pr&eacute;f&eacute;r&eacute;e des Fran&ccedil;ais en 2016, d&eacute;tr&ocirc;nant le chanteur-auteur-compositeur Jean-Jacques Goldman, selon le nouveau classement Ifop publi&eacute; dimanche par le&nbsp;Journal du Dimanche.\n<\/p>\n<p>\n\tL&#39;acteur gagne une place par rapport au dernier classement publi&eacute; en janvier dernier. Il &eacute;tait d&eacute;j&agrave; devenu, en avril,&nbsp;la personnalit&eacute; pr&eacute;f&eacute;r&eacute;e des jeunes de 15 &agrave; 20 ans. Omar Sy s&#39;est d&eacute;clar&eacute; &laquo;tr&egrave;s honor&eacute; par cette reconnaissance du public&raquo;. Il avait fait son entr&eacute;e dans le classement en 2011 apr&egrave;s le film&nbsp;Intouchables. &laquo;Depuis il n&#39;a jamais quitt&eacute; le podium&raquo;, rappelle Fr&eacute;d&eacute;ric Dabi, directeur g&eacute;n&eacute;ral adjoint de l&#39;Ifop. L&#39;acteur, lui, consid&egrave;re que cette reconnaissance des Fran&ccedil;ais est le reflet d&#39;une volont&eacute; de vivre ensemble. &laquo;Cette France et la n&ocirc;tre, alors pas question de baisser les bras et d&#39;arr&ecirc;ter de d&eacute;fendre nos valeurs&raquo;, confie-t-il au JDD. Acteur engag&eacute;, il n&#39;h&eacute;site pas &agrave; r&eacute;agir &agrave; l&#39;actualit&eacute; comme il y a quelques semaines o&ugrave;&nbsp;il avait demand&eacute; &laquo;justice&raquo; apr&egrave;s la mort d&#39;Adama Traor&eacute;, jeune homme d&eacute;c&eacute;d&eacute; lors de son interpellation &agrave; Beaumont-sur-Oise. Dans cette affaire, il juge &laquo;que c&#39;est l&#39;Etat contre le peuple, et ce n&#39;est plus possible (&#8230;) Dans un climat politique comme celui d&#39;aujourd&#39;hui, il est important que toute la v&eacute;rit&eacute; soit faite sur un cas comme celui-l&agrave;.&raquo;\n<\/p>\n<p>\n\t&laquo;Moi, si je parle beaucoup plus aujourd&#39;hui, c&#39;est parce que j&#39;observe de nouveaux comportements qui me choquent et me font peur. Je me dois de d&eacute;fendre le monde que je vais laisser &agrave; mes enfants&raquo;, reprend-il. Il ajoute que personne actuellement dans le paysage politique ne &laquo;[lui] inspire confiance&raquo;.<\/p>\n","protected":false},"excerpt":{"rendered":"<p>L&#39;acteur est pass&eacute; en t&ecirc;te du classement 2016 devant Jean-Jaques Goldman. Il avait fait son apparition en 2011 apr&egrave;s le filmIntouchables&nbsp;et n&#39;a pas quitt&eacute; le podium depuis. Le classement voit &eacute;galement appara&icirc;tre de nouveaux noms tels qu&#39;Antoine Griezmann ou Emmanuel Macron. L&#39;acteur Omar Sy est devenu la personnalit&eacute; pr&eacute;f&eacute;r&eacute;e des Fran&ccedil;ais en 2016, d&eacute;tr&ocirc;nant le [&hellip;]<\/p>\n","protected":false},"author":2,"featured_media":4995,"comment_status":"open","ping_status":"open","sticky":false,"template":"","format":"standard","meta":{"_jetpack_memberships_contains_paid_content":false,"footnotes":"","jetpack_publicize_message":"","jetpack_publicize_feature_enabled":true,"jetpack_social_post_already_shared":true,"jetpack_social_options":{"image_generator_settings":{"template":"highway","default_image_id":0,"font":"","enabled":false},"version":2},"_wpas_customize_per_network":false},"categories":[68],"tags":[1190],"class_list":["post-4994","post","type-post","status-publish","format-standard","has-post-thumbnail","hentry","category-actu-culturelle","tag-omar-sy"],"jetpack_publicize_connections":[],"jetpack_featured_media_url":"https:\/\/i0.wp.com\/www.iceagetv.com\/radiosite\/wp-content\/uploads\/2016\/08\/XVMb54b4ce4-61ed-11e6-bfda-80d4ada55165.jpg?fit=805%2C453&ssl=1","jetpack_sharing_enabled":true,"_links":{"self":[{"href":"https:\/\/www.iceagetv.com\/radiosite\/wp-json\/wp\/v2\/posts\/4994","targetHints":{"allow":["GET"]}}],"collection":[{"href":"https:\/\/www.iceagetv.com\/radiosite\/wp-json\/wp\/v2\/posts"}],"about":[{"href":"https:\/\/www.iceagetv.com\/radiosite\/wp-json\/wp\/v2\/types\/post"}],"author":[{"embeddable":true,"href":"https:\/\/www.iceagetv.com\/radiosite\/wp-json\/wp\/v2\/users\/2"}],"replies":[{"embeddable":true,"href":"https:\/\/www.iceagetv.com\/radiosite\/wp-json\/wp\/v2\/comments?post=4994"}],"version-history":[{"count":1,"href":"https:\/\/www.iceagetv.com\/radiosite\/wp-json\/wp\/v2\/posts\/4994\/revisions"}],"predecessor-version":[{"id":4996,"href":"https:\/\/www.iceagetv.com\/radiosite\/wp-json\/wp\/v2\/posts\/4994\/revisions\/4996"}],"wp:featuredmedia":[{"embeddable":true,"href":"https:\/\/www.iceagetv.com\/radiosite\/wp-json\/wp\/v2\/media\/4995"}],"wp:attachment":[{"href":"https:\/\/www.iceagetv.com\/radiosite\/wp-json\/wp\/v2\/media?parent=4994"}],"wp:term":[{"taxonomy":"category","embeddable":true,"href":"https:\/\/www.iceagetv.com\/radiosite\/wp-json\/wp\/v2\/categories?post=4994"},{"taxonomy":"post_tag","embeddable":true,"href":"https:\/\/www.iceagetv.com\/radiosite\/wp-json\/wp\/v2\/tags?post=4994"}],"curies":[{"name":"wp","href":"https:\/\/api.w.org\/{rel}","templated":true}]}}