{"id":5030,"date":"2016-08-23T19:45:52","date_gmt":"2016-08-23T19:45:52","guid":{"rendered":"http:\/\/www.iceagetv.com\/radiosite\/?p=5030"},"modified":"2016-08-23T19:45:52","modified_gmt":"2016-08-23T19:45:52","slug":"femme-voilee-verbalisee-a-cannes-sanction-parait-fondee","status":"publish","type":"post","link":"https:\/\/www.iceagetv.com\/radiosite\/femme-voilee-verbalisee-a-cannes-sanction-parait-fondee\/","title":{"rendered":"Femme voil\u00e9e verbalis\u00e9e \u00e0 Cannes : \u00ab\u00a0une sanction qui para\u00eet peu fond\u00e9e\u00a0\u00bb"},"content":{"rendered":"<p>\n\tla semaine derni&egrave;re, une femme arborant un simple voile s&#39;est vu infliger une amende sur une plage cannoise.&nbsp;\n<\/p>\n<p>\n\tAlors que la pol&eacute;mique autour du burkini agite la France depuis une dizaine de jours, une m&egrave;re de famille simplement voil&eacute;e&nbsp;a &eacute;t&eacute; verbalis&eacute;e sur une plage de Cannes, la semaine derni&egrave;re, au motif qu&#39;elle ne portait pas &quot;une tenue correcte, respectueuse des bonnes m&oelig;urs et de la la&iuml;cit&eacute;&quot;. Le 27 juillet dernier,&nbsp;la commune azur&eacute;enne avait &eacute;t&eacute; la premi&egrave;re&nbsp;d&#39;une longue s&eacute;rie &agrave; prendre&nbsp;un arr&ecirc;t&eacute; interdisant le burkini, ce maillot de bain couvrant la totalit&eacute; du corps. Europe 1 a interrog&eacute; Patrice Rolland, professeur &agrave; l&#39;Universit&eacute; Paris XII du Val de Marne et sp&eacute;cialiste en droit et libert&eacute;s.\n<\/p>\n<p>\n\tDans l&#39;arr&ecirc;t&eacute; municipal adopt&eacute; &agrave; Cannes, il est &eacute;crit qu&#39;&quot;une tenue de plage manifestant de mani&egrave;re ostentatoire une appartenance religieuse, alors que la France et les lieux de culte religieux sont actuellement la cible d&#39;attaques terroristes, est de nature &agrave; cr&eacute;er des risques de troubles &agrave; l&#39;ordre public.&quot; Mais la notion d&#39;ordre public n&#39;est-elle pas trop floue ?<br \/>\n\t&nbsp;<br \/>\n\tC&#39;est un probl&egrave;me difficile. Avancer le principe g&eacute;n&eacute;ral d&#39;une atteinte &agrave; l&#39;ordre public est toujours, dans l&#39;absolu, un argument vrai. Le maire de Cannes a eu raison d&#39;invoquer cette notion. Mais en ce moment, est-ce vraiment un argument qui justifie&nbsp;la restriction des libert&eacute;s individuelles&nbsp;fondamentales comme celles de la libert&eacute; du corps, de se v&ecirc;tir, d&#39;aller et venir, et bien s&ucirc;r, la libert&eacute; religieuse ?D&#39;autant que toutes les villes de la C&ocirc;te d&#39;Azur n&#39;ont pas pris des arr&ecirc;t&eacute;s interdisant le burkini : est-ce &agrave; dire que le risque existe dans une ville, mais pas dans celle d&#39;&agrave; c&ocirc;t&eacute; ?&nbsp;Il&nbsp;ne suffit pas d&#39;invoquer le risque &agrave; l&#39;ordre public, puisque ces libert&eacute;s individuelles sont fondamentales.&nbsp;Il faut en justifier la n&eacute;cessit&eacute; et, surtout, le caract&egrave;re proportionnel de la limitation de la libert&eacute; en cause.\n<\/p>\n<p>\n\tLe maire LR de Cannes, David Lisnard, qui soutient le geste de ses policiers municipaux, a d&eacute;clar&eacute; : &quot;Ils ont estim&eacute; que la tenue de cette femme n&#39;&eacute;tait pas conforme &agrave; l&#39;arr&ecirc;t&eacute;&quot;. L&#39;arr&ecirc;t&eacute; interdit pr&eacute;cis&eacute;ment l&#39;acc&egrave;s aux plages et &agrave; la baignade &agrave; toute personne &quot;n&#39;ayant pas une tenue correcte, respectueuse des bonnes&nbsp;m&oelig;urs&nbsp;et de la la&iuml;cit&eacute;&quot;. Alors, cette femme pouvait-elle &ecirc;tre verbalis&eacute;e &agrave; cause de son voile ?<br \/>\n\t&nbsp;<br \/>\n\tIl s&#39;agit une formulation extr&ecirc;mement vague. Est-ce que le voile est contraire &agrave; la la&iuml;cit&eacute; ? C&#39;est l&#39;opinion individuelle du maire de Cannes. L&#39;espace public et la plage ne sont pas des espaces soumis au principe de la&iuml;cit&eacute;, &ccedil;a c&#39;est une extension pratiqu&eacute;e par les maires du Midi. Au sein de l&#39;espace public, il n&#39;y a pas d&#39;obligation d&#39;&ecirc;tre neutre religieusement, le contraire porte atteinte &agrave; la libert&eacute; religieuse.&nbsp;Le voile pour l&#39;instant, et &agrave; partir du moment o&ugrave; le visage est d&eacute;couvert, est interdit uniquement &agrave; l&#39;&eacute;cole publique.\n<\/p>\n<p>\n\tD&#39;un point de vue juridique, la sanction du port du voile sur la plage para&icirc;t peu fond&eacute;e. Consid&eacute;rer que le fait qu&#39;une femme soit voil&eacute;e sur la plage risque de provoquer une &eacute;meute para&icirc;t tr&egrave;s l&eacute;ger. Si cette femme remonte de la plage &agrave; la rue, elle ne peut &ecirc;tre verbalis&eacute;e car le port de signes religieux dans l&rsquo;espace public est garanti par la loi.&nbsp;Dans cette situation pr&eacute;cise, il y a peut-&ecirc;tre eu un probl&egrave;me d&#39;analyse des faits de la part des policiers. C&#39;est un peu l&#39;histoire du pompier pyromane : on cr&eacute;e le risque en le d&eacute;non&ccedil;ant &agrave; tort et &agrave; travers, en supposant par exemple&nbsp;qu&rsquo;une femme portant un voile est une islamiste dangereuse ou potentiellement dangereuse.&nbsp;On se trouve ici devant une r&eacute;pression tous azimuts qui risque encore de raviver la pol&eacute;mique.&nbsp;\n<\/p>\n<p>\n\tEst-on en train d&#39;assister &agrave; une d&eacute;rive, de basculer dans une soci&eacute;t&eacute; de non-tol&eacute;rance &agrave; l&#39;autre ?&nbsp;\n<\/p>\n<p>\n\t&Agrave; titre personnel, je le pense. L&#39;un des signes est cette volont&eacute; de &quot;la&iuml;ciser&quot; tout l&rsquo;espace public, ce qui a&nbsp;&eacute;t&eacute; formellement et tr&egrave;s clairement refus&eacute;&nbsp;par la loi de 1905. Il y a certainement un affrontement culturel qu&rsquo;on ne peut nier, mais qui ne peut se r&eacute;soudre par des interdictions touchant &agrave; des libert&eacute;s fondamentales &#8211; et qui ne sont pas seulement celles des musulmans.\n<\/p>\n<p>\n\tQuel recours cette femme a-t-elle ?\n<\/p>\n<p>\n\tElle peut contester son amende devant le tribunal de police en soutenant que le motif de cette contravention, puisqu&#39;elle portait juste un voile, est ill&eacute;gal. Le juge p&eacute;nal a en effet le pouvoir d&#39;examiner la l&eacute;galit&eacute; de l&#39;arr&ecirc;t&eacute; municipal.&nbsp;Cette femme peut aussi contester l&rsquo;arr&ecirc;t&eacute; lui-m&ecirc;me, devant un juge administratif.<\/p>\n","protected":false},"excerpt":{"rendered":"<p>la semaine derni&egrave;re, une femme arborant un simple voile s&#39;est vu infliger une amende sur une plage cannoise.&nbsp; Alors que la pol&eacute;mique autour du burkini agite la France depuis une dizaine de jours, une m&egrave;re de famille simplement voil&eacute;e&nbsp;a &eacute;t&eacute; verbalis&eacute;e sur une plage de Cannes, la semaine derni&egrave;re, au motif qu&#39;elle ne portait pas [&hellip;]<\/p>\n","protected":false},"author":2,"featured_media":5031,"comment_status":"open","ping_status":"open","sticky":false,"template":"","format":"standard","meta":{"_jetpack_memberships_contains_paid_content":false,"footnotes":"","jetpack_publicize_message":"","jetpack_publicize_feature_enabled":true,"jetpack_social_post_already_shared":true,"jetpack_social_options":{"image_generator_settings":{"template":"highway","default_image_id":0,"font":"","enabled":false},"version":2},"_wpas_customize_per_network":false},"categories":[405],"tags":[1200],"class_list":["post-5030","post","type-post","status-publish","format-standard","has-post-thumbnail","hentry","category-actu-france-monde","tag-femme-voilee-verbalisee-a-cannes"],"jetpack_publicize_connections":[],"jetpack_featured_media_url":"https:\/\/i0.wp.com\/www.iceagetv.com\/radiosite\/wp-content\/uploads\/2016\/08\/Femme-voil%C3%A9e-verbalis%C3%A9e-%C3%A0-Cannes.jpg?fit=1280%2C640&ssl=1","jetpack_sharing_enabled":true,"_links":{"self":[{"href":"https:\/\/www.iceagetv.com\/radiosite\/wp-json\/wp\/v2\/posts\/5030","targetHints":{"allow":["GET"]}}],"collection":[{"href":"https:\/\/www.iceagetv.com\/radiosite\/wp-json\/wp\/v2\/posts"}],"about":[{"href":"https:\/\/www.iceagetv.com\/radiosite\/wp-json\/wp\/v2\/types\/post"}],"author":[{"embeddable":true,"href":"https:\/\/www.iceagetv.com\/radiosite\/wp-json\/wp\/v2\/users\/2"}],"replies":[{"embeddable":true,"href":"https:\/\/www.iceagetv.com\/radiosite\/wp-json\/wp\/v2\/comments?post=5030"}],"version-history":[{"count":1,"href":"https:\/\/www.iceagetv.com\/radiosite\/wp-json\/wp\/v2\/posts\/5030\/revisions"}],"predecessor-version":[{"id":5032,"href":"https:\/\/www.iceagetv.com\/radiosite\/wp-json\/wp\/v2\/posts\/5030\/revisions\/5032"}],"wp:featuredmedia":[{"embeddable":true,"href":"https:\/\/www.iceagetv.com\/radiosite\/wp-json\/wp\/v2\/media\/5031"}],"wp:attachment":[{"href":"https:\/\/www.iceagetv.com\/radiosite\/wp-json\/wp\/v2\/media?parent=5030"}],"wp:term":[{"taxonomy":"category","embeddable":true,"href":"https:\/\/www.iceagetv.com\/radiosite\/wp-json\/wp\/v2\/categories?post=5030"},{"taxonomy":"post_tag","embeddable":true,"href":"https:\/\/www.iceagetv.com\/radiosite\/wp-json\/wp\/v2\/tags?post=5030"}],"curies":[{"name":"wp","href":"https:\/\/api.w.org\/{rel}","templated":true}]}}