{"id":5076,"date":"2016-09-04T14:31:41","date_gmt":"2016-09-04T14:31:41","guid":{"rendered":"http:\/\/www.iceagetv.com\/radiosite\/?p=5076"},"modified":"2016-09-04T14:31:41","modified_gmt":"2016-09-04T14:31:41","slug":"a-baule-sarkozy-prone-lunite-a-droite","status":"publish","type":"post","link":"https:\/\/www.iceagetv.com\/radiosite\/a-baule-sarkozy-prone-lunite-a-droite\/","title":{"rendered":"\u00c0 La Baule, Sarkozy pr\u00f4ne l&rsquo;unit\u00e9 \u00e0 droite"},"content":{"rendered":"<p>\n\tA l&#39;occasion du deuxi&egrave;me jour du campus des R&eacute;publicains, l&#39;ex-pr&eacute;sident en a profit&eacute; pour rappeler sa position politique de candidat &laquo;de la droite et du centre&raquo; et ses divergences avec Alain Jupp&eacute;.Une semaine apr&egrave;s le campus du Touquet, Nicolas Sarkozy a de nouveau largement insist&eacute; sur la n&eacute;cessit&eacute; de l&#39;unit&eacute; pour les R&eacute;publicains. Pour autant, il a soulign&eacute; en creux ses diff&eacute;rences avec Alain Jupp&eacute;&#8230; Et notamment sur le positionnement politique.Si le nom d&#39;Alain Jupp&eacute; n&#39;a jamais &eacute;t&eacute; prononc&eacute; dans le discours de Nicolas Sarkozy, le message a &eacute;t&eacute; clair au campus LR de la Baule: leurs positionnements n&#39;ont rien &agrave; voir, leurs campagnes r&eacute;v&egrave;lent deux visions de la soci&eacute;t&eacute; et les publics vis&eacute;s sont diff&eacute;rents.\n<\/p>\n<p>\n\tNicolas Sarkozy &laquo;n&#39;a pas l&#39;intention de s&#39;excuser d&#39;&ecirc;tre de droite&raquo;, selon l&#39;expression de Laurent Wauquiez. &laquo;Je suis candidat de la primaire de la droite et du centre, pas candidat de la primaire de la droite du centre de la gauche, c&#39;est ma diff&eacute;rence et je l&#39;assume&raquo;, glisse-t-il dans une allusion directe &agrave; son principal adversaire qui revendique clairement de vouloir s&eacute;duire aussi &laquo;les d&eacute;&ccedil;us du hollandisme. Et ils sont nombreux&raquo;. Poursuivant sur le m&ecirc;me ton, Nicolas Sarkozy encha&icirc;ne: &laquo;Je ne suis pas le candidat de l&#39;hypoth&eacute;tique voix du juste milieu, qui va un peu &agrave; droite un peu &agrave; gauche, au gr&eacute; du vent&raquo;.\n<\/p>\n<p>\n\tAlors qu&#39;Alain Jupp&eacute; avait propos&eacute; la veille un code de bonne conduite pour la primaire, Nicolas Sarkozy lui r&eacute;pond clairement: &laquo;Je n&#39;aime pas le code de bonne conduite. J&#39;aime la bonne conduite. S&#39;il faut un code, c&#39;est d&eacute;j&agrave; qu&#39;on est dans le probl&egrave;me!&raquo;. D&egrave;s le d&eacute;but du discours, le ton est donn&eacute;: d&eacute;finitivement pour l&#39;ancien pr&eacute;sident, la comp&eacute;tition se passera entre eux deux. Exit Fran&ccedil;ois Fillon, Bruno Le Maire et&nbsp;Natalie Kosciusko-Morizet&nbsp;qu&#39;il prend &agrave; nouveau le soin de citer.\n<\/p>\n<p>\n\t&laquo;Je n&#39;ai pas d&#39;adversaire, pas d&#39;ennemi, je n&#39;ai que des concurrents&raquo;\n<\/p>\n<p>\n\tNicolas Sarkozy a manifestement suivi avec attention le discours d&#39;Alain Jupp&eacute;.Le terme &laquo;pugilat&raquo;, utilis&eacute; hier par le maire de Bordeaux dans son expression &laquo;le d&eacute;bat plut&ocirc;t que le pugilat&raquo;&nbsp;est aussit&ocirc;t repris en allusion directe. &laquo;Il n&#39;y aura pas d&#39;alternance si la primaire devait continuer sur la base d&#39;un pugilat&raquo;, rebondit Nicolas Sarkozy. Le d&eacute;cor est camp&eacute;: il compte, lui, se positionner au-dessus de la m&ecirc;l&eacute;e, conscient que l&#39;&eacute;lectorat de la droite sanctionnera tout candidat qui partira sur le terrain des attaques. &laquo;Je n&#39;ai pas d&#39;adversaire, pas d&#39;ennemi, je n&#39;ai que des concurrents&raquo;, fait-il valoir, en endossant avec gourmandise le r&ocirc;le du candidat magnanime.\n<\/p>\n<p>\n\tDes lors, l&#39;ancien pr&eacute;sident exclut de &laquo;r&eacute;pondre aux attaques&raquo; quelles que soient leurs auteurs &#8211; Emmanuel Macron ou Marine Le Pen l&#39;ont pris pour cible ce week-end: &laquo;je ne serais pas celui qui souffle sur des braises qui n&#39;ont pas besoin d&#39;&ecirc;tre attis&eacute;es&raquo;.&nbsp;Et si Fran&ccedil;ois Fillon, son ancien premier ministre, a dans son discours de samedi, &agrave; la Baule, d&eacute;coch&eacute; quelques piques &agrave; son attention, en mode mineur par rapport au discours de Sabl&eacute;, Nicolas Sarkozy le renvoie dans ses cordes&hellip; sans le citer: &laquo;Je n&#39;infligerai pas le ridicule de critiquer ceux qui ont &eacute;t&eacute; dans mes gouvernements, je pense toujours qu&#39;ils ont &eacute;t&eacute; de grande qualit&eacute;. Dans la vie, un peu de constance!&raquo;.\n<\/p>\n<p>\n\tLe respect du r&eacute;sultat &laquo;quel qu&#39;il soit&raquo;\n<\/p>\n<p>\n\tDans cette campagne courte, le duel s&#39;installe tous les jours un peu plus entre Alain Jupp&eacute; et Nicolas Sarkozy. Mais alors que le corps &eacute;lectoral de cette &eacute;lection in&eacute;dite &agrave; droite n&#39;est pas connu et que beaucoup s&#39;interrogent sur l&#39;&eacute;ventualit&eacute; d&#39;un r&eacute;sultat entre le favori et son challenger, ce dernier a clairement rappel&eacute; que &laquo;la premi&egrave;re exigence de la primaire c&#39;est que chacun en respecte le r&eacute;sultat&raquo;. Au moins un point d&#39;accord entre les deux hommes. &laquo;C&#39;est vrai. Quel qu&#39;il soit&raquo;, a aussit&ocirc;t r&eacute;pondu Gilles Boyer, directeur de campagne d&#39;Alain Jupp&eacute; sur twitter.<\/p>\n","protected":false},"excerpt":{"rendered":"<p>A l&#39;occasion du deuxi&egrave;me jour du campus des R&eacute;publicains, l&#39;ex-pr&eacute;sident en a profit&eacute; pour rappeler sa position politique de candidat &laquo;de la droite et du centre&raquo; et ses divergences avec Alain Jupp&eacute;.Une semaine apr&egrave;s le campus du Touquet, Nicolas Sarkozy a de nouveau largement insist&eacute; sur la n&eacute;cessit&eacute; de l&#39;unit&eacute; pour les R&eacute;publicains. Pour autant, [&hellip;]<\/p>\n","protected":false},"author":2,"featured_media":5077,"comment_status":"open","ping_status":"open","sticky":false,"template":"","format":"standard","meta":{"_jetpack_memberships_contains_paid_content":false,"footnotes":"","jetpack_publicize_message":"","jetpack_publicize_feature_enabled":true,"jetpack_social_post_already_shared":true,"jetpack_social_options":{"image_generator_settings":{"template":"highway","default_image_id":0,"font":"","enabled":false},"version":2},"_wpas_customize_per_network":false},"categories":[405],"tags":[1213],"class_list":["post-5076","post","type-post","status-publish","format-standard","has-post-thumbnail","hentry","category-actu-france-monde","tag-sarkozy"],"jetpack_publicize_connections":[],"jetpack_featured_media_url":"https:\/\/i0.wp.com\/www.iceagetv.com\/radiosite\/wp-content\/uploads\/2016\/09\/Sarkozy.jpg?fit=805%2C453&ssl=1","jetpack_sharing_enabled":true,"_links":{"self":[{"href":"https:\/\/www.iceagetv.com\/radiosite\/wp-json\/wp\/v2\/posts\/5076","targetHints":{"allow":["GET"]}}],"collection":[{"href":"https:\/\/www.iceagetv.com\/radiosite\/wp-json\/wp\/v2\/posts"}],"about":[{"href":"https:\/\/www.iceagetv.com\/radiosite\/wp-json\/wp\/v2\/types\/post"}],"author":[{"embeddable":true,"href":"https:\/\/www.iceagetv.com\/radiosite\/wp-json\/wp\/v2\/users\/2"}],"replies":[{"embeddable":true,"href":"https:\/\/www.iceagetv.com\/radiosite\/wp-json\/wp\/v2\/comments?post=5076"}],"version-history":[{"count":1,"href":"https:\/\/www.iceagetv.com\/radiosite\/wp-json\/wp\/v2\/posts\/5076\/revisions"}],"predecessor-version":[{"id":5078,"href":"https:\/\/www.iceagetv.com\/radiosite\/wp-json\/wp\/v2\/posts\/5076\/revisions\/5078"}],"wp:featuredmedia":[{"embeddable":true,"href":"https:\/\/www.iceagetv.com\/radiosite\/wp-json\/wp\/v2\/media\/5077"}],"wp:attachment":[{"href":"https:\/\/www.iceagetv.com\/radiosite\/wp-json\/wp\/v2\/media?parent=5076"}],"wp:term":[{"taxonomy":"category","embeddable":true,"href":"https:\/\/www.iceagetv.com\/radiosite\/wp-json\/wp\/v2\/categories?post=5076"},{"taxonomy":"post_tag","embeddable":true,"href":"https:\/\/www.iceagetv.com\/radiosite\/wp-json\/wp\/v2\/tags?post=5076"}],"curies":[{"name":"wp","href":"https:\/\/api.w.org\/{rel}","templated":true}]}}