{"id":5184,"date":"2016-09-26T19:19:17","date_gmt":"2016-09-26T19:19:17","guid":{"rendered":"http:\/\/www.iceagetv.com\/radiosite\/?p=5184"},"modified":"2016-09-26T19:19:17","modified_gmt":"2016-09-26T19:19:17","slug":"chomage-repart-a-hausse-aout","status":"publish","type":"post","link":"https:\/\/www.iceagetv.com\/radiosite\/chomage-repart-a-hausse-aout\/","title":{"rendered":"Le ch\u00f4mage repart \u00e0 la hausse en ao\u00fbt"},"content":{"rendered":"<p>\n\tLe mois d&rsquo;ao&ucirc;t, p&eacute;riode estivale propice aux d&eacute;fauts d&rsquo;actualisation, r&eacute;serve souvent des surprises sur le front des chiffres de P&ocirc;le emploi. Celle de cette ann&eacute;e ne devrait pas&nbsp;faire&nbsp;plaisir au gouvernement. Lui qui tablait sur une baisse sensible du nombre de demandeurs d&rsquo;emploi&nbsp;d&rsquo;ici &agrave; la fin de l&rsquo;ann&eacute;e doit faire face, cette fois-ci, &agrave; une hausse importante.\n<\/p>\n<p>\n\tAu mois d&rsquo;ao&ucirc;t, le nombre de ch&ocirc;meurs inscrits &agrave; P&ocirc;le emploi en cat&eacute;gorie A a augment&eacute; donc de 50&nbsp;200 personnes en&nbsp;France&nbsp;m&eacute;tropolitaine. Cela repr&eacute;sente une hausse de 1,4&nbsp;% par rapport au mois pr&eacute;c&eacute;dent, de quoi largement&nbsp;compenser&nbsp;la baisse spectaculaire de 19&nbsp;000 personnes inscrites en cat&eacute;gorie A en juillet.\n<\/p>\n<p>\n\tEn ao&ucirc;t, 3,5&nbsp;millions de personnes &eacute;taient donc inscrites dans les registres de l&rsquo;organisme. En tout, c&rsquo;est-&agrave;-dire en comptant les travailleurs en activit&eacute; r&eacute;duite et les ch&ocirc;meurs en&nbsp;formation, le nombre de demandeurs d&rsquo;emploi en France m&eacute;tropolitaine s&rsquo;&eacute;tablit &agrave; 6,2&nbsp;millions de personnes pour le mois d&rsquo;ao&ucirc;t.\n<\/p>\n<p>\n\tSelon le minist&egrave;re du&nbsp;travail, ce mauvais r&eacute;sultat s&rsquo;explique d&rsquo;abord par un&nbsp;&laquo;&nbsp;trou d&rsquo;air conjoncturel&nbsp;&raquo;&nbsp;qu&rsquo;a connu l&rsquo;&eacute;conomie fran&ccedil;aise au mois d&rsquo;ao&ucirc;t, lequel est principalement d&ucirc; aux&nbsp;&laquo;&nbsp;difficult&eacute;s rencontr&eacute;es dans certains secteurs d&rsquo;activit&eacute; particuli&egrave;rement affect&eacute;s par les attentats de juillet (tourisme, h&ocirc;tellerie-restauration, commerce de loisir, notamment)&nbsp;&raquo;.\n<\/p>\n<p>\n\tPromouvoir la &laquo;&nbsp;destination France&nbsp;&raquo;\n<\/p>\n<p>\n\tLes attentats qui ont frapp&eacute; le pays cet &eacute;t&eacute; ont, semble-t-il, eu un impact consid&eacute;rable sur le secteur du tourisme. Selon une&nbsp;enqu&ecirc;te&nbsp;de l&rsquo;Insee, le&nbsp;climat&nbsp;des affaires dans l&rsquo;h&ocirc;tellerie et la restauration a perdu 11 points (sur une base de 100) sur le huiti&egrave;me mois de l&rsquo;ann&eacute;e. Signe de la profonde d&eacute;pression qui traverse un pan de l&rsquo;&eacute;conomie habituellement prosp&egrave;re. La France caracolant tous les ans dans le trio de t&ecirc;te des destinations pr&eacute;f&eacute;r&eacute;es des touristes.\n<\/p>\n<p>\n\tPour&nbsp;&eacute;teindre&nbsp;l&rsquo;incendie, un comit&eacute; d&rsquo;urgence &eacute;conomique pour le tourisme a &eacute;t&eacute; cr&eacute;&eacute; cet &eacute;t&eacute; par Jean-Marc Ayrault, ministre des&nbsp;affaires &eacute;trang&egrave;res. Il a pour but de&nbsp;promouvoir&nbsp;&laquo;&nbsp;la destination France&nbsp;&raquo;&nbsp;et de&nbsp;redresser&nbsp;la situation.\n<\/p>\n<p>\n\tMais ce n&rsquo;est pas tout. Les mauvais chiffres du mois d&rsquo;ao&ucirc;t s&rsquo;expliquent aussi, selon le minist&egrave;re, par&nbsp;&laquo;&nbsp;une augmentation inhabituelle du nombre d&rsquo;actualisations des demandeurs d&rsquo;emploi&nbsp;&raquo;,&nbsp;dit un communiqu&eacute;. En ao&ucirc;t, le nombre de jours ouvr&eacute;s &eacute;tait sup&eacute;rieur &agrave; celui des mois derniers, ce qui a donn&eacute; plus de temps aux demandeurs d&rsquo;emploi pour&nbsp;mettre&nbsp;&agrave; jour leur situation. Les chiffres ont donc m&eacute;caniquement augment&eacute;, explique-t-on au 127 de la rue de Grenelle, o&ugrave; l&rsquo;on veut&nbsp;croire&nbsp;qu&rsquo;il n&rsquo;y a pas encore p&eacute;ril.\n<\/p>\n<p>\n\tBien qu&rsquo;ayant augment&eacute; en ao&ucirc;t, le nombre de demandeurs en cat&eacute;gorie A a en effet baiss&eacute; de 0,3&nbsp;% sur trois mois. Ensuite, depuis le d&eacute;but de l&rsquo;ann&eacute;e, ils sont 23&nbsp;700 de moins &agrave; pointer au P&ocirc;le emploi tous les mois. Le gouvernement, qui table sur une croissance &agrave; 1,5&nbsp;% pour 2016, esp&egrave;re ainsi que les pr&eacute;visions de l&rsquo;Unedic (124&nbsp;000 ch&ocirc;meurs de moins sur l&rsquo;ann&eacute;e) se r&eacute;aliseront.\n<\/p>\n<p>\n\t&nbsp;<\/p>\n","protected":false},"excerpt":{"rendered":"<p>Le mois d&rsquo;ao&ucirc;t, p&eacute;riode estivale propice aux d&eacute;fauts d&rsquo;actualisation, r&eacute;serve souvent des surprises sur le front des chiffres de P&ocirc;le emploi. Celle de cette ann&eacute;e ne devrait pas&nbsp;faire&nbsp;plaisir au gouvernement. Lui qui tablait sur une baisse sensible du nombre de demandeurs d&rsquo;emploi&nbsp;d&rsquo;ici &agrave; la fin de l&rsquo;ann&eacute;e doit faire face, cette fois-ci, &agrave; une hausse [&hellip;]<\/p>\n","protected":false},"author":2,"featured_media":5185,"comment_status":"open","ping_status":"open","sticky":false,"template":"","format":"standard","meta":{"_jetpack_memberships_contains_paid_content":false,"footnotes":"","jetpack_publicize_message":"","jetpack_publicize_feature_enabled":true,"jetpack_social_post_already_shared":true,"jetpack_social_options":{"image_generator_settings":{"template":"highway","default_image_id":0,"font":"","enabled":false},"version":2},"_wpas_customize_per_network":false},"categories":[405],"tags":[1241],"class_list":["post-5184","post","type-post","status-publish","format-standard","has-post-thumbnail","hentry","category-actu-france-monde","tag-le-chomage-repart-a-la-hausse-en-aout"],"jetpack_publicize_connections":[],"jetpack_featured_media_url":"https:\/\/i0.wp.com\/www.iceagetv.com\/radiosite\/wp-content\/uploads\/2016\/09\/Le-ch%C3%B4mage-repart-%C3%A0-la-hausse-en-ao%C3%BBt.jpg?fit=534%2C356&ssl=1","jetpack_sharing_enabled":true,"_links":{"self":[{"href":"https:\/\/www.iceagetv.com\/radiosite\/wp-json\/wp\/v2\/posts\/5184","targetHints":{"allow":["GET"]}}],"collection":[{"href":"https:\/\/www.iceagetv.com\/radiosite\/wp-json\/wp\/v2\/posts"}],"about":[{"href":"https:\/\/www.iceagetv.com\/radiosite\/wp-json\/wp\/v2\/types\/post"}],"author":[{"embeddable":true,"href":"https:\/\/www.iceagetv.com\/radiosite\/wp-json\/wp\/v2\/users\/2"}],"replies":[{"embeddable":true,"href":"https:\/\/www.iceagetv.com\/radiosite\/wp-json\/wp\/v2\/comments?post=5184"}],"version-history":[{"count":1,"href":"https:\/\/www.iceagetv.com\/radiosite\/wp-json\/wp\/v2\/posts\/5184\/revisions"}],"predecessor-version":[{"id":5186,"href":"https:\/\/www.iceagetv.com\/radiosite\/wp-json\/wp\/v2\/posts\/5184\/revisions\/5186"}],"wp:featuredmedia":[{"embeddable":true,"href":"https:\/\/www.iceagetv.com\/radiosite\/wp-json\/wp\/v2\/media\/5185"}],"wp:attachment":[{"href":"https:\/\/www.iceagetv.com\/radiosite\/wp-json\/wp\/v2\/media?parent=5184"}],"wp:term":[{"taxonomy":"category","embeddable":true,"href":"https:\/\/www.iceagetv.com\/radiosite\/wp-json\/wp\/v2\/categories?post=5184"},{"taxonomy":"post_tag","embeddable":true,"href":"https:\/\/www.iceagetv.com\/radiosite\/wp-json\/wp\/v2\/tags?post=5184"}],"curies":[{"name":"wp","href":"https:\/\/api.w.org\/{rel}","templated":true}]}}