{"id":5378,"date":"2016-11-01T20:01:50","date_gmt":"2016-11-01T20:01:50","guid":{"rendered":"http:\/\/www.iceagetv.com\/radiosite\/?p=5378"},"modified":"2016-11-01T20:01:50","modified_gmt":"2016-11-01T20:01:50","slug":"primaire-a-droite-pecresse-soutient-juppe-saura-relever-fonction-presidentielle","status":"publish","type":"post","link":"https:\/\/www.iceagetv.com\/radiosite\/primaire-a-droite-pecresse-soutient-juppe-saura-relever-fonction-presidentielle\/","title":{"rendered":"Primaire \u00e0 droite : P\u00e9cresse soutient Jupp\u00e9, qui saura \u00ab relever la fonction pr\u00e9sidentielle \u00bb"},"content":{"rendered":"<p>\n\tVal&eacute;rie P&eacute;cresse, pr&eacute;sidente&nbsp;Les R&eacute;publicains&nbsp;(LR) de la r&eacute;gion&nbsp;Ile-de-France, a annonc&eacute; son soutien &agrave; Alain Jupp&eacute;, d&egrave;s le premier tour de la primaire de la droite pour l&rsquo;&eacute;lection pr&eacute;sidentielle de 2017. Selon elle, il&nbsp;&laquo;&nbsp;saura&nbsp;restaurer&nbsp;l&rsquo;autorit&eacute; de l&rsquo;Etat&nbsp;&raquo;&nbsp;et&nbsp;&laquo;&nbsp;relever la fonction pr&eacute;sidentielle&nbsp;&raquo;.\n<\/p>\n<p>\n\tDans un entretien au&nbsp;Figaro,&nbsp;publi&eacute; mardi 1er&nbsp;novembre, l&rsquo;ancienne ministre de&nbsp;Nicolas Sarkozy, qui soutint Fran&ccedil;ois Fillon face &agrave; Jean-Fran&ccedil;ois Cop&eacute; pour la pr&eacute;sidence de l&rsquo;UMP&nbsp;en&nbsp;2012, explique&nbsp;:&nbsp;&laquo;&nbsp;J&rsquo;ai longuement r&eacute;fl&eacute;chi &agrave; ce qui, pour moi, est le meilleur choix pour le pays aujourd&rsquo;hui et j&rsquo;ai d&eacute;cid&eacute; de&nbsp;soutenir&nbsp;d&egrave;s le premier tour Alain Jupp&eacute;. Il sera un pr&eacute;sident fort, qui saura&nbsp;r&eacute;former&nbsp;et restaurer l&rsquo;autorit&eacute; de l&rsquo;Etat.&nbsp;&raquo;&nbsp;Apr&egrave;s cinq ans de mandat de&nbsp;Fran&ccedil;ois Hollande, il est imp&eacute;ratif de&nbsp;relever&nbsp;la fonction pr&eacute;sidentielle, qui a &eacute;t&eacute; abaiss&eacute;e. Il est l&rsquo;homme qu&rsquo;il faut pour cela&nbsp;&raquo;,&nbsp;dit-elle, en appelant&nbsp;&laquo;&nbsp;tous les &eacute;lecteurs de la droite et du&nbsp;centre&nbsp;&raquo;&nbsp;&agrave; se&nbsp;mobiliser.\n<\/p>\n<p>\n\t&laquo;&nbsp;Une femme &agrave; Matignon&nbsp;?&nbsp;&raquo;\n<\/p>\n<p>\n\tMme&nbsp;P&eacute;cresse ajoute que ce choix a &eacute;t&eacute;&nbsp;&laquo;&nbsp;difficile &agrave; faire&nbsp;&raquo;, car elle a&nbsp;&laquo;&nbsp;des liens avec beaucoup de candidats&nbsp;&raquo;.\n<\/p>\n<p>\n\t&laquo;&nbsp;J&rsquo;ai &eacute;t&eacute; la ministre de Nicolas Sarkozy et de Fran&ccedil;ois Fillon. Je sais que Fran&ccedil;ois Fillon a l&rsquo;&eacute;toffe d&rsquo;un homme d&rsquo;Etat. Mais je pense que le score entre les deux favoris&nbsp;[Alain Jupp&eacute; et Nicolas Sarkozy]&nbsp;va&nbsp;&ecirc;tre&nbsp;serr&eacute; et qu&rsquo;il faut&nbsp;faire&nbsp;un choix clair d&egrave;s le premier tour de la primaire. L&rsquo;enjeu est maximum.&nbsp;&raquo;\n<\/p>\n<p>\n\tSe sent-elle concern&eacute;e quand Alain Jupp&eacute; d&eacute;clare&nbsp;&laquo;&nbsp;pourquoi pas une femme &agrave; Matignon&nbsp;?&nbsp;&raquo;&nbsp;s&rsquo;il remporte la pr&eacute;sidentielle&nbsp;? Mme&nbsp;P&eacute;cresse, qui se voit en Merkel &agrave; la fran&ccedil;aise, r&eacute;pond que&nbsp;&laquo;&nbsp;la question ne se pose pas&nbsp;&raquo;. &laquo;&nbsp;Val&eacute;rie P&eacute;cresse a la stature pour &ecirc;tre premier ministre&nbsp;&raquo;,&nbsp;confiait pourtant, Alain Jupp&eacute; au&nbsp;Monde&nbsp;en septembre.\n<\/p>\n<p>\n\t&laquo;&nbsp;Je suis parfaitement heureuse &agrave; la pr&eacute;sidence de l&rsquo;Ile-de-France&nbsp;et je m&rsquo;y donne &agrave; 150&nbsp;%&nbsp;! Mon objectif est d&rsquo;en faire la premi&egrave;re r&eacute;gion d&rsquo;Europe.&nbsp;&raquo;\n<\/p>\n<p>\n\tAvec Xavier Bertrand, Val&eacute;rie P&eacute;cresse faisait partie des derniers &laquo;&nbsp;poids lourds&nbsp;&raquo; des R&eacute;publicains &agrave; ne pas&nbsp;avoir&nbsp;pris position en faveur d&rsquo;un des candidats &agrave; la primaire de la droite.&nbsp;&laquo;&nbsp;Tout&nbsp;le monde&nbsp;me drague&nbsp;&raquo;, ironisait-t-elle, &agrave; la fin d&rsquo;ao&ucirc;t, ajoutant sur un ton humoristique&nbsp;:&nbsp;&laquo;&nbsp;Il va&nbsp;falloir&nbsp;que je fasse mon choix vite, sinon je vais&nbsp;passer&nbsp;pour une allumeuse&nbsp;!&nbsp;&raquo;&nbsp;C&rsquo;est d&eacute;sormais chose faite.<\/p>\n","protected":false},"excerpt":{"rendered":"<p>Val&eacute;rie P&eacute;cresse, pr&eacute;sidente&nbsp;Les R&eacute;publicains&nbsp;(LR) de la r&eacute;gion&nbsp;Ile-de-France, a annonc&eacute; son soutien &agrave; Alain Jupp&eacute;, d&egrave;s le premier tour de la primaire de la droite pour l&rsquo;&eacute;lection pr&eacute;sidentielle de 2017. Selon elle, il&nbsp;&laquo;&nbsp;saura&nbsp;restaurer&nbsp;l&rsquo;autorit&eacute; de l&rsquo;Etat&nbsp;&raquo;&nbsp;et&nbsp;&laquo;&nbsp;relever la fonction pr&eacute;sidentielle&nbsp;&raquo;. Dans un entretien au&nbsp;Figaro,&nbsp;publi&eacute; mardi 1er&nbsp;novembre, l&rsquo;ancienne ministre de&nbsp;Nicolas Sarkozy, qui soutint Fran&ccedil;ois Fillon face &agrave; Jean-Fran&ccedil;ois Cop&eacute; [&hellip;]<\/p>\n","protected":false},"author":2,"featured_media":5379,"comment_status":"open","ping_status":"open","sticky":false,"template":"","format":"standard","meta":{"_jetpack_memberships_contains_paid_content":false,"footnotes":"","jetpack_publicize_message":"","jetpack_publicize_feature_enabled":true,"jetpack_social_post_already_shared":true,"jetpack_social_options":{"image_generator_settings":{"template":"highway","default_image_id":0,"font":"","enabled":false},"version":2},"_wpas_customize_per_network":false},"categories":[405],"tags":[1264],"class_list":["post-5378","post","type-post","status-publish","format-standard","has-post-thumbnail","hentry","category-actu-france-monde","tag-primaire-a-droite"],"jetpack_publicize_connections":[],"jetpack_featured_media_url":"https:\/\/i0.wp.com\/www.iceagetv.com\/radiosite\/wp-content\/uploads\/2016\/11\/Primaire-%C3%A0-droite.jpg?fit=534%2C355&ssl=1","jetpack_sharing_enabled":true,"_links":{"self":[{"href":"https:\/\/www.iceagetv.com\/radiosite\/wp-json\/wp\/v2\/posts\/5378","targetHints":{"allow":["GET"]}}],"collection":[{"href":"https:\/\/www.iceagetv.com\/radiosite\/wp-json\/wp\/v2\/posts"}],"about":[{"href":"https:\/\/www.iceagetv.com\/radiosite\/wp-json\/wp\/v2\/types\/post"}],"author":[{"embeddable":true,"href":"https:\/\/www.iceagetv.com\/radiosite\/wp-json\/wp\/v2\/users\/2"}],"replies":[{"embeddable":true,"href":"https:\/\/www.iceagetv.com\/radiosite\/wp-json\/wp\/v2\/comments?post=5378"}],"version-history":[{"count":1,"href":"https:\/\/www.iceagetv.com\/radiosite\/wp-json\/wp\/v2\/posts\/5378\/revisions"}],"predecessor-version":[{"id":5380,"href":"https:\/\/www.iceagetv.com\/radiosite\/wp-json\/wp\/v2\/posts\/5378\/revisions\/5380"}],"wp:featuredmedia":[{"embeddable":true,"href":"https:\/\/www.iceagetv.com\/radiosite\/wp-json\/wp\/v2\/media\/5379"}],"wp:attachment":[{"href":"https:\/\/www.iceagetv.com\/radiosite\/wp-json\/wp\/v2\/media?parent=5378"}],"wp:term":[{"taxonomy":"category","embeddable":true,"href":"https:\/\/www.iceagetv.com\/radiosite\/wp-json\/wp\/v2\/categories?post=5378"},{"taxonomy":"post_tag","embeddable":true,"href":"https:\/\/www.iceagetv.com\/radiosite\/wp-json\/wp\/v2\/tags?post=5378"}],"curies":[{"name":"wp","href":"https:\/\/api.w.org\/{rel}","templated":true}]}}