{"id":5429,"date":"2016-11-10T10:55:13","date_gmt":"2016-11-10T10:55:13","guid":{"rendered":"http:\/\/www.iceagetv.com\/radiosite\/?p=5429"},"modified":"2016-11-10T10:55:13","modified_gmt":"2016-11-10T10:55:13","slug":"greve-a-itele-gouvernement-va-recevoir-direction-de-canal","status":"publish","type":"post","link":"https:\/\/www.iceagetv.com\/radiosite\/greve-a-itele-gouvernement-va-recevoir-direction-de-canal\/","title":{"rendered":"GR\u00c8VE \u00c0 IT\u00c9L\u00c9 : LE GOUVERNEMENT VA RECEVOIR LA DIRECTION DE CANAL"},"content":{"rendered":"<p>\n\tCRISE &#8211; Alors que la gr&egrave;ve &agrave; iT&eacute;l&eacute; s&#39;enlise chaque jour un peu plus, le gouvernement entre dans la danse de la concertation. Les ministres Myriam El Khomri et Audrey Azoulay recevront lundi 14 novembre, la direction de Canal +, au minist&egrave;re du travail.\n<\/p>\n<p>\n\tC&#39;est une crise douloureuse, avec des pleurs et une &eacute;quipe traumatis&eacute;e&quot;, indiquait Florent Peiffer, journaliste &agrave; IT&eacute;l&eacute;, ces derniers jours. Alors que la gr&egrave;ve a &eacute;t&eacute; reconduite ce mercredi pour une 24&egrave;me journ&eacute;e, au lendemain d&#39;une proposition de la direction d&#39;am&eacute;liorer les conditions de d&eacute;part des salari&eacute;s, on apprend ce jeudi 10 novembre que la direction de la chaine sera re&ccedil;ue au minist&egrave;re du travail, lundi 14 novembre prochain.&nbsp;\n<\/p>\n<p>\n\tMyriam El Khomri, ministre du travail et Audrey Azoulay, ministre de la Culture et de la Communication avaient toutes deux appel&eacute; la direction &agrave; tenir ses engagements, d&#39;une part et trouver une issue rapide au conflit, d&#39;autre part.&nbsp;\n<\/p>\n<p>\n\t&quot;La direction veut nous briser le moral&quot;\n<\/p>\n<p>\n\tPour la direction d&#39;It&eacute;l&eacute;, &quot;un r&egrave;glement est proche&quot; et &quot;le dialogue est engag&eacute; au-del&agrave; du point social&quot; pr&eacute;voyant d&#39;augmenter les indemnit&eacute;s de d&eacute;part de certains salari&eacute;s, a assur&eacute; la direction de Canal+, la maison m&egrave;re d&#39;iT&Eacute;L&Eacute;. Sauf que les salari&eacute;s ne r&eacute;pond pas aux revendications des gr&eacute;vistes : &quot;les principaux points de blocage restent le d&eacute;part de Jean-Marc Morandini et l&#39;obtention de garanties d&#39;ind&eacute;pendance pour la r&eacute;daction&quot;, a d&eacute;clar&eacute; ce mardi un journaliste de la cha&icirc;ne &agrave; l&#39;AFP.\n<\/p>\n<p>\n\t&nbsp;&quot;La direction veut nous briser le moral&quot;, a-t-il estim&eacute;. &quot;Quand bien m&ecirc;me la direction serait hyper g&eacute;n&eacute;reuse, aucun salari&eacute; ne souhaitait partir de cette cha&icirc;ne &agrave; la base&quot;, a protest&eacute; une autre salari&eacute;e.&nbsp;<\/p>\n","protected":false},"excerpt":{"rendered":"<p>CRISE &#8211; Alors que la gr&egrave;ve &agrave; iT&eacute;l&eacute; s&#39;enlise chaque jour un peu plus, le gouvernement entre dans la danse de la concertation. Les ministres Myriam El Khomri et Audrey Azoulay recevront lundi 14 novembre, la direction de Canal +, au minist&egrave;re du travail. C&#39;est une crise douloureuse, avec des pleurs et une &eacute;quipe traumatis&eacute;e&quot;, [&hellip;]<\/p>\n","protected":false},"author":2,"featured_media":5430,"comment_status":"open","ping_status":"open","sticky":false,"template":"","format":"standard","meta":{"_jetpack_memberships_contains_paid_content":false,"footnotes":"","jetpack_publicize_message":"","jetpack_publicize_feature_enabled":true,"jetpack_social_post_already_shared":true,"jetpack_social_options":{"image_generator_settings":{"template":"highway","default_image_id":0,"font":"","enabled":false},"version":2},"_wpas_customize_per_network":false},"categories":[68],"tags":[1306],"class_list":["post-5429","post","type-post","status-publish","format-standard","has-post-thumbnail","hentry","category-actu-culturelle","tag-greve-a-itele"],"jetpack_publicize_connections":[],"jetpack_featured_media_url":"https:\/\/i0.wp.com\/www.iceagetv.com\/radiosite\/wp-content\/uploads\/2016\/11\/t%C3%A9l%C3%A9chargement.png?fit=225%2C225&ssl=1","jetpack_sharing_enabled":true,"_links":{"self":[{"href":"https:\/\/www.iceagetv.com\/radiosite\/wp-json\/wp\/v2\/posts\/5429","targetHints":{"allow":["GET"]}}],"collection":[{"href":"https:\/\/www.iceagetv.com\/radiosite\/wp-json\/wp\/v2\/posts"}],"about":[{"href":"https:\/\/www.iceagetv.com\/radiosite\/wp-json\/wp\/v2\/types\/post"}],"author":[{"embeddable":true,"href":"https:\/\/www.iceagetv.com\/radiosite\/wp-json\/wp\/v2\/users\/2"}],"replies":[{"embeddable":true,"href":"https:\/\/www.iceagetv.com\/radiosite\/wp-json\/wp\/v2\/comments?post=5429"}],"version-history":[{"count":1,"href":"https:\/\/www.iceagetv.com\/radiosite\/wp-json\/wp\/v2\/posts\/5429\/revisions"}],"predecessor-version":[{"id":5431,"href":"https:\/\/www.iceagetv.com\/radiosite\/wp-json\/wp\/v2\/posts\/5429\/revisions\/5431"}],"wp:featuredmedia":[{"embeddable":true,"href":"https:\/\/www.iceagetv.com\/radiosite\/wp-json\/wp\/v2\/media\/5430"}],"wp:attachment":[{"href":"https:\/\/www.iceagetv.com\/radiosite\/wp-json\/wp\/v2\/media?parent=5429"}],"wp:term":[{"taxonomy":"category","embeddable":true,"href":"https:\/\/www.iceagetv.com\/radiosite\/wp-json\/wp\/v2\/categories?post=5429"},{"taxonomy":"post_tag","embeddable":true,"href":"https:\/\/www.iceagetv.com\/radiosite\/wp-json\/wp\/v2\/tags?post=5429"}],"curies":[{"name":"wp","href":"https:\/\/api.w.org\/{rel}","templated":true}]}}