{"id":5509,"date":"2016-11-23T19:55:34","date_gmt":"2016-11-23T19:55:34","guid":{"rendered":"http:\/\/www.iceagetv.com\/radiosite\/?p=5509"},"modified":"2016-11-23T19:55:34","modified_gmt":"2016-11-23T19:55:34","slug":"jacques-sapir-incoherences-europeennes-de-francois-fillon","status":"publish","type":"post","link":"https:\/\/www.iceagetv.com\/radiosite\/jacques-sapir-incoherences-europeennes-de-francois-fillon\/","title":{"rendered":"Jacques Sapir : les incoh\u00e9rences europ\u00e9ennes de Fran\u00e7ois Fillon"},"content":{"rendered":"<p>\n\tL&#39;ancien Premier ministre est souvent pr&eacute;sent&eacute; comme &eacute;conomiquement ultra-lib&eacute;ral. Pour Jacques Sapir, celui qui a vot&eacute; &laquo;Non&raquo; &agrave; Maastricht est d&#39;abord marqu&eacute; par sa soumission &agrave; l&#39;Euro, laquelle d&eacute;cr&eacute;dibilise son positionnement gaulliste.&Eacute;conomiste, directeur d&#39;&eacute;tudes &agrave; l&#39;EHESS, r&eacute;cemment &eacute;lu membre de l&#39;Acad&eacute;mie des Sciences de Russie, Jacques Sapir dirige le Centre d&#39;&Eacute;tudes des Modes d&#39;Industrialisation (CEMI) et coorganise avec l&#39;Institut de pr&eacute;vision de l&#39;&eacute;conomie nationale (IPEN-ASR) le s&eacute;minaire franco-russe sur les probl&egrave;mes financiers et mon&eacute;taires du d&eacute;veloppement de la Russie. Vous pouvez lire ses chroniques sur son blog&nbsp;RussEurope. Il a derni&egrave;rement publi&eacute;&nbsp;Souverainet&eacute;, d&eacute;mocratie, la&iuml;cit&eacute;(&eacute;d. Michalon, 2016) et&nbsp;L&#39;Euro contre la France, l&#39;Euro contre l&#39;Europe&nbsp;(&eacute;d. du Cerf, 2016).\n<\/p>\n<p>\n\tLe succ&egrave;s de Fran&ccedil;ois Fillon au premier tour de la primaire de la Droite et du Centre a &eacute;t&eacute; spectaculaire. Avec plus de 44% des suffrages il a presque 16 points d&#39;avance sur le deuxi&egrave;me, Alain Jupp&eacute;, et pratiquement 23,5 points d&#39;avance sur Nicolas Sarkozy, qui est &eacute;limin&eacute;. Ce succ&egrave;s s&#39;explique par le double mouvement de rejet dont ont &eacute;t&eacute; l&#39;objet tant Nicolas Sarkozy qu&#39;Alain Jupp&eacute;. On savait les fran&ccedil;ais lass&eacute;s par l&#39;ancien pr&eacute;sident, qui n&#39;avait quitt&eacute; la politique que pour mieux y revenir. Sous des dehors de fermet&eacute;, sa versatilit&eacute;, mais aussi ses compromissions, l&#39;ont trahi. Quant &agrave; Alain Jupp&eacute;, il paye au prix fort l&#39;ambigu&iuml;t&eacute; de son personnage, qui se dit de droite mais n&#39;a de cesse de vouloir draguer la gauche. Il a aussi souffert de sa superbe et de son arrogance, de son petit c&ocirc;t&eacute; Aznavour chantant &laquo;Je m&#39;voyait d&eacute;j&agrave;, en haut de l&#39;affiche&hellip;&raquo;[1]. Mais il a prouv&eacute; qu&#39;il ne suffit pas d&#39;&ecirc;tre vieux pour avoir du talent.\n<\/p>\n<p>\n\tFran&ccedil;ois Fillon, quant &agrave; lui n&#39;a rien cach&eacute; de ses opinions, et s&#39;affirme un homme de droite, de la droite catholique qui a toujours exist&eacute; en France. L&#39;honn&ecirc;tet&eacute; paye en politique, et c&#39;est une bonne nouvelle. Il ne reste plus qu&#39;&agrave; esp&eacute;rer que le candidat de la gauche r&eacute;elle, on veut parler de Jean-Luc M&eacute;lenchon, sera aussi au premier tour de la Pr&eacute;sidentielle. La clart&eacute; des opinions vaut cent fois le clair-obscur d&#39;un Jupp&eacute; ou d&#39;un Macron.\n<\/p>\n<p>\n\tLa perc&eacute;e de Fran&ccedil;ois Fillon\n<\/p>\n<p>\n\tLes primaires dites &laquo;ouvertes&raquo; ont un caract&egrave;re non d&eacute;mocratique et manipulatoire. Ceci valide l&#39;id&eacute;e que les &laquo;fronti&egrave;res&raquo; sont bien importantes pour la d&eacute;mocratie.\n<\/p>\n<p>\n\tLa probabilit&eacute; d&eacute;sormais pour que Fran&ccedil;ois Fillon soit le candidat des &laquo;R&eacute;publicains&raquo; &agrave; l&#39;&eacute;lection pr&eacute;sidentielle de 2017 est donc importante. On ne peut, pourtant, exclure une mobilisation&nbsp;in extremis&nbsp;d&#39;&eacute;lecteurs de gauche allant voter &agrave; la primaire de la Droite et du centre pour &eacute;liminer celui qu&#39;ils consid&egrave;rent comme &laquo;le pire&raquo; des candidats. Ce sc&eacute;nario est rendu possible par les r&egrave;gles m&ecirc;me d&#39;organisation de la primaire, qui permet toutes les manipulations. Mais, ce serait un comble d&#39;immoralit&eacute; et de malhonn&ecirc;tet&eacute; politique. Si l&#39;on en croit les sondeurs, 15% des &eacute;lecteurs au premier tour de cette primaire sont venus de ce que l&#39;on appelle la &laquo;gauche&raquo;. Cela repr&eacute;senterait 600 000 voix sur les 4 millions de suffrages[2]. Il n&rsquo;est donc pas impossible que le r&eacute;sultat du scrutin, en ce qui concerne l&rsquo;&eacute;limination de Nicolas Sarkozy, ait pu &ecirc;tre fauss&eacute; par ce vote, que l&rsquo;on qualifie de &laquo;strat&eacute;gique&raquo; d&rsquo;&eacute;lecteurs de &laquo;gauche&raquo;. En effet, la diff&eacute;rence entre Alain Jupp&eacute; et Nicolas Sarkozy &eacute;tait d&rsquo;environ 330 000 voix (8 points), et l&rsquo;on ne peut donc exclure, si l&rsquo;on consid&egrave;re que les &eacute;lecteurs venus de la &laquo;gauche&raquo; se sont majoritairement port&eacute;s sur Alain Jupp&eacute;, que ceci ait influenc&eacute; le r&eacute;sultat final. Voil&agrave; qui montre bien le caract&egrave;re non d&eacute;mocratique et manipulatoire des primaires dites &laquo;ouvertes&raquo;[3]. Ceci valide l&#39;id&eacute;e que les &laquo;fronti&egrave;res&raquo; sont bien importantes pour la d&eacute;mocratie, une id&eacute;e dont certains des adversaires des &laquo;primaires&raquo;, n&#39;est-ce pas Alexis Corbi&egrave;re, feraient bien de reconna&icirc;tre&hellip;\n<\/p>\n<p>\n\tCertains candidats ont donc d&eacute;cid&eacute; de rejeter ce syst&egrave;me, et ils ont bien fait.\n<\/p>\n<p>\n\tL&#39;&eacute;mergence de Fran&ccedil;ois Fillon comme probable vainqueur de la primaire implique une modification de l&#39;&eacute;chiquier politique.\n<\/p>\n<p>\n\tL&#39;&eacute;mergence de Fran&ccedil;ois Fillon comme probable vainqueur de la primaire de la Droite et du Centre implique une modification de l&#39;&eacute;chiquier politique. A l&#39;inverse d&#39;Alain Jupp&eacute;, ce candidat aura &#8211; du moins en apparence &#8211; un programme &agrave; la fois plus radical en &eacute;conomie, mais aussi plus appuy&eacute; sur ce qu&#39;il appelle la souverainet&eacute; de la Nation. On peut, &agrave; l&#39;&eacute;vidence, douter de cela, tout comme l&#39;on peut aussi douter de l&#39;efficacit&eacute; du programme &eacute;conomique. Fran&ccedil;ois Fillon appara&icirc;t comme un homme respectable, mais dont le projet est aussi gros de fortes incoh&eacute;rences.\n<\/p>\n<p>\n\tLes contradictions de Fran&ccedil;ois Fillon\n<\/p>\n<p>\n\tCe n&#39;est pas sur l&#39;&eacute;ducation ou sur la politique ext&eacute;rieur qu&#39;il faut chercher les contradictions de Fran&ccedil;ois Fillon.\n<\/p>\n<p>\n\tCe n&#39;est pas sur l&#39;&eacute;ducation, o&ugrave; il prend assez courageusement le contre-pied des positions p&eacute;dagogistes de la gauche comme de la droite, ou sur la politique ext&eacute;rieur qu&#39;il faut, au premier regard les chercher. On ne peut qu&#39;approuver la volont&eacute; de prendre ses distances avec l&#39;Arabie Saoudite, pays qui finance l&#39;expansion du salafisme &agrave; l&#39;&eacute;chelle internationale, et qui s&#39;enfonce chaque jour un peu plus dans une crise qui le conduira &agrave; l&#39;&eacute;clatement. De m&ecirc;me, la volont&eacute; affich&eacute;e de se rapprocher et de l&#39;Iran et de la Russie fait sens. Encore que, en politique ext&eacute;rieur, on peut et on doit s&#39;interroger sur la coh&eacute;rence qu&#39;il y a &agrave; vouloir construire une politique commune au niveau de l&#39;Union europ&eacute;enne, dont on ne sait que trop qu&#39;elle est travers&eacute;e de courants et de positions contradictoires, et l&#39;affirmation &#8211; certes, bienvenue &#8211; d&#39;une politique diff&eacute;rente sur le Moyen-Orient et sur la Russie. Nomm&eacute; Pr&eacute;sident, s&#39;il y parvient, Fran&ccedil;ois Fillon devra ici choisir entre les int&eacute;r&ecirc;ts de l&#39;Allemagne et ceux de la France. Et, sur ce point, il semble bien qu&#39;il y ait incompatibilit&eacute;. D&egrave;s lors, que vaudront ses proclamation d&#39;attachement &agrave; la foi europ&eacute;enne, ce que d&#39;aucuns taxeraient d&#39;europ&eacute;isme, et sa volont&eacute; de faire avancer l&#39;ind&eacute;pendance nationale et la souverainet&eacute; fran&ccedil;aise? On sait que Fran&ccedil;ois Fillon avait, &agrave; la suite de Philippe S&eacute;guin, appel&eacute; &agrave; voter &laquo;non&raquo; au trait&eacute; de Maastricht, un choix qu&#39;il dit maintenant regretter. C&#39;est son droit le plus strict. N&eacute;anmoins, cela lui &ocirc;te bien de la cr&eacute;dibilit&eacute; quand il parle de la souverainet&eacute; de la France.\n<\/p>\n<p>\n\tOn ne court pas impun&eacute;ment deux li&egrave;vres &agrave; la fois ; &agrave; jouer &agrave; ce jeu on peut facilement tout perdre, et une &eacute;lection, et sa r&eacute;putation.\n<\/p>\n<p>\n\tLes incoh&eacute;rences de Fran&ccedil;ois Fillon\n<\/p>\n<p>\n\tElu pour la premi&egrave;re fois &agrave; l&#39;Assembl&eacute;e nationale en 1981, il n&#39;est pas un perdreau de l&#39;ann&eacute;e et il convient de lui demander des comptes sur son action pass&eacute;e.\n<\/p>\n<p>\n\tOn n&#39;attaque pas Fran&ccedil;ois Fillon comme on attaquerait Nicolas Sarkozy, un homme qui s&#39;est tellement d&eacute;jug&eacute; et parjur&eacute; ces derni&egrave;res ann&eacute;es que l&#39;on en a le tournis, ni comme on attaquerait un Alain Jupp&eacute;, certes matois maire de Bordeaux, mais dont la carri&egrave;re contient de si nombreux couacs, &agrave; commencer par le mouvement social de 1995 et jusqu&#39;&agrave; sa responsabilit&eacute; dans le chaos Libyen, qu&#39;il suffit de les rappeler pour le discr&eacute;diter.\n<\/p>\n<p>\n\tFran&ccedil;ois Fillon a, quant &agrave; lui, &eacute;t&eacute; Premier ministre pendant cinq ans, de 2007 &agrave; 2012. Elu pour la premi&egrave;re fois &agrave; l&#39;Assembl&eacute;e Nationale en 1981 (il y a donc 35 ans de cela), il n&#39;est pas ce que l&#39;on appelle un perdreau de l&#39;ann&eacute;e, et il convient donc de lui demander des comptes sur son action pass&eacute;e. S&#39;il a eu des d&eacute;saccords avec Nicolas Sarkozy, il lui est toujours rest&eacute; fid&egrave;le et n&#39;a jamais d&eacute;missionn&eacute;. Il doit donc assumer sa part d&#39;h&eacute;ritage et de responsabilit&eacute;s.\n<\/p>\n<p>\n\tFran&ccedil;ois Fillon, il convient de le reconna&icirc;tre, a dit des choses justes sur la s&eacute;curit&eacute; publique et la lutte contre le terrorisme. Son dialogue avec le juge Tr&eacute;vidic sur France-2 il y a quelques semaines (le 24 octobre) en portait la marque. Mais, on ne peut pr&eacute;tendre restaurer l&#39;autorit&eacute; de l&#39;Etat et vouloir supprimer 500 000 postes de fonctionnaires sans une totale incoh&eacute;rence.\n<\/p>\n<p>\n\tFran&ccedil;ois Fillon a dit des choses justes sur la s&eacute;curit&eacute; publique et la lutte contre le terrorisme. Son dialogue avec le juge Tr&eacute;vidic il y a quelques semaines en portait la marque.\n<\/p>\n<p>\n\tQue Fran&ccedil;ois Fillon pense que dans certaines activit&eacute;s il y a trop de fonctionnaires n&#39;est pas un crime. Qu&#39;il ne comprenne pas que la fonction publique qui est directement au contact avec le crise de la soci&eacute;t&eacute;, les policiers, les pompiers, les infirmi&egrave;res, les enseignants et quelques autres, est &agrave; bout de force, souffre dans ses conditions de travail d&#39;un profond manque d&#39;effectif tout comme de soutien de sa haute hi&eacute;rarchie, est largement d&eacute;mobilis&eacute;e par des conditions salariales indignes, est la preuve qu&#39;il ne comprend pas la crise que la France traverse. Ou alors pire, qu&#39;il ne VEUT pas la voir ayant chauss&eacute; les lunettes du dogmatisme le plus rigide.\n<\/p>\n<p>\n\tIl est certain que la fonction publique est aujourd&#39;hui mal distribu&eacute;e. Mais, elle n&#39;est pas en sureffectifs globaux. Elle est au m&ecirc;me niveau, par nombre d&#39;habitants, que ce que l&#39;on peut avoir dans des pays voisins comme l&#39;Allemagne ou la Grande-Bretagne. Vouloir aggraver les conditions de travail en joignant au manque d&#39;effectif une surcharge d&#39;horaire, dont on rappelle qu&#39;elle est nomm&eacute;ment pr&eacute;vue dans son projet, est une lourde faute qui risque &#8211; si cette politique est appliqu&eacute;e &#8211; de provoquer un effondrement de pans entiers de l&#39;appareil d&#39;Etat &agrave; un moment critique de notre histoire. Notons ici qu&#39;Alain Jupp&eacute; n&#39;est pas en reste sur cette id&eacute;e de diminution des fonctionnaires. L&#39;un et l&#39;autre ont donc sur ce point des positions irresponsables.\n<\/p>\n<p>\n\tContre Fillon?\n<\/p>\n<p>\n\tSes positions sur l&#39;&eacute;conomie sont connues. Il est cependant faux de les traiter, comme s&#39;empresse de le faire un P &laquo;S&raquo; &agrave; l&#39;agonie, mais aussi un Alain Jupp&eacute; en mal de soutien et en qu&ecirc;te de voix de &laquo;gauche&raquo;, d&#39;ultra-lib&eacute;rales. Son projet est en r&eacute;alit&eacute; moins un projet de privatisations g&eacute;n&eacute;rales qu&#39;un projet d&#39;adaptation, et donc de soumission, au cadre ext&eacute;rieur.\n<\/p>\n<p>\n\tSon projet est en r&eacute;alit&eacute; moins un projet de privatisations g&eacute;n&eacute;rales qu&#39;un projet d&#39;adaptation, et donc de soumission, au cadre ext&eacute;rieur.\n<\/p>\n<p>\n\tElles n&#39;en sont pas moins d&eacute;sastreuses quant &agrave; leurs cons&eacute;quences. Obs&eacute;d&eacute; par le probl&egrave;me de la dette publique, au point d&#39;oublier que cette derni&egrave;re atteignait les 150% du PIB en 1945 pour descendre &agrave; 35% dans les ann&eacute;es soixante, il ne comprend &agrave; l&#39;&eacute;vidence pas que la question sur ce point est celle de la croissance mais aussi des taux d&#39;int&eacute;r&ecirc;ts. Les recettes qu&#39;il pr&eacute;tend appliquer, forte baisse des d&eacute;penses publiques, baisses des imp&ocirc;ts et des cotisations sociales des entreprises (avec transfert sur les m&eacute;nages d&#39;une partie des cotisations manquantes financ&eacute;e par une hausse de la TVA), enfin baisse des retraites et des salaires effectivement per&ccedil;us, vont cumuler un choc d&eacute;pressif fiscal ET un choc d&eacute;pressif de consommation. La d&eacute;monstration de l&#39;effet n&eacute;gatif de ces mesures a &eacute;t&eacute; faites par de nombreux &eacute;conomistes peu suspects de sympathies gauchistes, et en particulier par des &eacute;conomistes du FMI[4].\n<\/p>\n<p>\n\tCe n&#39;est donc pas la th&eacute;rapie de choc que nous promet Fran&ccedil;ois Fillon, mais le choc sans th&eacute;rapie.\n<\/p>\n<p>\n\tCe n&#39;est donc pas la th&eacute;rapie de choc que nous promet Fran&ccedil;ois Fillon, mais le choc sans th&eacute;rapie. Les cons&eacute;quences en seront une nouvelle pouss&eacute;e du ch&ocirc;mage, une nouvelle mont&eacute;e de la pr&eacute;carit&eacute;. Ces politiques sont l&#39;&eacute;quivalent, en ce d&eacute;but du XXI&egrave;me si&egrave;cle, des politiques d&eacute;sastreuses men&eacute;es par le Chancelier Br&uuml;nning en Allemagne, Ramsay MacDonald en Grande-Bretagne, et Pierre Laval en France, au d&eacute;but des ann&eacute;es 1930. Il a certes une excuse. Comme au d&eacute;but des ann&eacute;es trente, avec le &laquo;bloc-Or&raquo;, notre pays se trouve pi&eacute;g&eacute; par la monnaie unique, qui ne nous laisse aucun degr&eacute; de libert&eacute;.\n<\/p>\n<p>\n\tMais l&agrave; o&ugrave; un v&eacute;ritable gaulliste prendrait la d&eacute;cision de rompre, Fran&ccedil;ois Fillon s&#39;enfonce dans des combinaisons douteuses.\n<\/p>\n<p>\n\tMais, l&agrave; o&ugrave; un v&eacute;ritable gaulliste prendrait la d&eacute;cision de rompre, o&ugrave; un patriote sinc&egrave;re et d&eacute;sint&eacute;ress&eacute; saurait faire l&#39;unit&eacute; nationale de la gauche &agrave; la droite pour proposer une autre politique, Fran&ccedil;ois Fillon s&#39;enfonce dans des combinaisons douteuses, et pour tout dire compl&egrave;tement illusoires. Le renforcement de la &laquo;gouvernance&raquo; de la zone Euro n&#39;aboutira qu&#39;&agrave; serrer un peu plus le corset qui &eacute;touffe d&eacute;j&agrave; la France. Fran&ccedil;ois Fillon aime bien prendre la pose, assumer des postures gaulliennes, mais &#8211; au final &#8211; il se r&eacute;v&egrave;le tout &agrave; fait soumis &agrave; la commission europ&eacute;enne, et &agrave; son id&eacute;ologie supranationale que de Gaulle aurait honni. Il y a l&agrave; une v&eacute;ritable trahison.\n<\/p>\n<p>\n\tL&#39;impact sur l&#39;investissement\n<\/p>\n<p>\n\tLes mesures qu&#39;il entend appliquer seront profond&eacute;ment n&eacute;fastes &agrave; l&#39;investissement et priveront d&#39;avenir les g&eacute;n&eacute;rations montantes.\n<\/p>\n<p>\n\tIl y a cependant plus grave. Les mesures qu&#39;il entend appliquer seront profond&eacute;ment n&eacute;fastes &agrave; l&#39;investissement et priveront d&#39;avenir les g&eacute;n&eacute;rations montantes. Fors de baisser les prestations patronales et de permettre aux entreprises de faire travailler plus pour le m&ecirc;me salaire, le projet de Fran&ccedil;ois Fillon ne contient rien sur l&#39;investissement. Or, si les mesures &eacute;voqu&eacute;es vont augmenter les profits des entreprises (et de leurs propri&eacute;taires), leur impact sur l&#39;investissement sera des plus faible, voire nul. On le sait depuis de nombreuses ann&eacute;es, et cela a &eacute;t&eacute; dit et &eacute;crit par de nombreux coll&egrave;gues, l&#39;investissement n&#39;est jamais le produit de plus de profit mais de perspectives de croissance[5]. Quand la demande est incertaine, ou stagnante, les entreprises n&rsquo;investissent pas et les profits partent se placer sur des produits financiers divers, donnant naissance &agrave; des bulles sp&eacute;culatives[6].\n<\/p>\n<p>\n\tL&#39;investissement est donc une fonction (certes, pas lin&eacute;aire) des perspectives de croissance mais aussi, et on tend &agrave; l&#39;oublier, des conditions mat&eacute;rielles et humaines de production sur un territoire donn&eacute;[7]. Les effets indirects sur l&rsquo;investissement d&rsquo;une bonne infrastructure tant mat&eacute;rielle que sociale sont largement d&eacute;montr&eacute;s[8]. C&rsquo;est ce que l&rsquo;on appelle les facteurs de comp&eacute;titivit&eacute; d&rsquo;un territoire[9].\n<\/p>\n<p>\n\tLa politique pr&eacute;conis&eacute;e par Fran&ccedil;ois Fillon provoquerait une chute de la croissance.\n<\/p>\n<p>\n\tLa politique pr&eacute;conis&eacute;e par Fran&ccedil;ois Fillon provoquerait une chute de la croissance, estim&eacute;e entre -0,5% et -1,0% la premi&egrave;re ann&eacute;e, entre 0,0% et -0,5% la deuxi&egrave;me. Ces estimations sont certainement critiquables, mais elles s&#39;appuient sur les estimations les plus r&eacute;centes de ce que l&#39;on appelle le &laquo;multiplicateur budg&eacute;taire[10]&raquo; pour l&#39;&eacute;conomie fran&ccedil;aise. On peut consid&eacute;rer qu&#39;elles ont probablement tendance &agrave; sous-estimer l&#39;effet d&eacute;pressif de ces mesures. La cons&eacute;quence pour l&#39;emploi serait probablement une hausse du nombre des demandeurs (calcul&eacute; selon les chiffres de la DARES pour les cat&eacute;gories A, B et D) d&#39;environ 350 000 pour 2018 et de 150 000 &#8211; 200 000 pour 2019, soit un total d&#39;environ 500 000 demandeurs d&#39;emploi de plus.\n<\/p>\n<p>\n\tMais, la destruction des services publics qui r&eacute;sulterait de la diminution du nombre des fonctionnaires dans les trois cat&eacute;gories &eacute;voqu&eacute;es, et de l&#39;arr&ecirc;t des investissements publics, aurait des cons&eacute;quences aussi nocives, quoi que certainement plus diffuses. Elles se feraient sentir sur les ann&eacute;es 2019 &agrave; 2022. Au total, non seulement le projet de Fran&ccedil;ois Fillon serait nocif dans l&#39;imm&eacute;diat, mais il d&eacute;t&eacute;riorerait la comp&eacute;titivit&eacute; de la France de mani&egrave;re consid&eacute;rable, et provoquerait une hausse importante du nombre global des demandeurs d&#39;emplois, entre 700 000 et 1 million. Ajoutons, pour &ecirc;tre juste, que ces r&eacute;sultats d&eacute;sastreux seraient les m&ecirc;mes, &agrave; des variantes pr&egrave;s, avec Alain Jupp&eacute;, mais aussi des candidats du centre gauche comme Emmanuel Macron.\n<\/p>\n<p>\n\tUne folie europ&eacute;iste\n<\/p>\n<p>\n\tTout ceci est folie dans la situation dans laquelle nous sommes. Mais, il y a de la logique dans cette folie. Et cette logique s&#39;appelle l&#39;Euro.\n<\/p>\n<p>\n\tOn dira que tout ceci est folie dans la situation dans laquelle nous sommes. Mais, il y a de la logique dans cette folie. Et cette logique s&#39;appelle l&#39;Euro. Cela place le projet port&eacute; par Fran&ccedil;ois Fillon au c&oelig;ur m&ecirc;me du d&eacute;bat sur l&#39;Euro, et en cons&eacute;quence nous dit comment le combattre. Car, on comprend qu&#39;il ne sert &agrave; rien de s&#39;attaquer &agrave; des mesures diverses, qu&#39;un candidat peut toujours r&eacute;voquer ou mod&eacute;rer, si l&#39;on ne s&#39;attaque &agrave; la logique de son projet.\n<\/p>\n<p>\n\tSi Fran&ccedil;ois Fillon est, de par ses qualit&eacute;s qui ne sont pas n&eacute;gligeables et que l&#39;on aurait tort de sous-estimer, un adversaire en apparence formidable, un homme qui a r&eacute;ussi &agrave; renverser les pendules &agrave; sa faveur, &agrave; faire mordre la poussi&egrave;re &agrave; Nicolas Sarkozy et &agrave; acculer le favori de la presse et de l&#39;&eacute;tablissement, Alain Jupp&eacute;, au r&ocirc;le d&#39;outsider, sa faiblesse cependant est l&agrave;. En r&eacute;v&eacute;lant un projet qui reprend les principes m&ecirc;mes de la politique de d&eacute;flation qui fut men&eacute;e dans les ann&eacute;es trente, il r&eacute;v&egrave;le &#8211; certainement &agrave; son propre insu &#8211; la nature de la politique qu&#39;il propose. Il pr&eacute;tend relever la France et d&eacute;fendre sa souverainet&eacute;, mais en r&eacute;alit&eacute; son projet n&#39;est que la cons&eacute;quence logique de la soumission &agrave; la logique de l&#39;Union europ&eacute;enne et de l&#39;Euro.\n<\/p>\n<p>\n\tCela implique que l&#39;Euro et ses cons&eacute;quences seront au centre de la campagne pr&eacute;sidentielle.\n<\/p>\n<p>\n\tCela implique que l&#39;Euro et ses cons&eacute;quences seront au centre de la campagne pr&eacute;sidentielle. Cette derni&egrave;re se jouera sur l&#39;Euro, ou sera irr&eacute;m&eacute;diablement perdue. Soit on accepte l&#39;Euro, et les fran&ccedil;ais n&#39;ont pas d&#39;autres choix que cette politique d&eacute;pressive et de r&eacute;gression sociale (comme on en a eu un exemple avec la loi El Khomri) qui entra&icirc;nera plus de ch&ocirc;mage, moins de services publics, plus de mis&egrave;re et de crimes. Soit on rejette l&#39;Euro, et on le rejette de mani&egrave;re cons&eacute;quente, en proposant aux fran&ccedil;ais un programme coh&eacute;rent de sortie de la monnaie unique et en en tirant toutes les cons&eacute;quences, que ce soit en &eacute;conomie ou que ce soit en ce qui concerne les institutions europ&eacute;ennes. Il faut le dire haut et fort: soit c&#39;est l&#39;Euro, avec ses cons&eacute;quences, le ch&ocirc;mage, la mis&egrave;re, la d&eacute;construction acc&eacute;l&eacute;r&eacute;e de notre Nation, ou soit c&#39;est la sortie de l&#39;Euro qui, elle et elle seule, nous permettra d&#39;inverser cette pente mortif&egrave;re. La meilleure mani&egrave;re de s&#39;opposer &agrave; Fillon (et le cas &eacute;ch&eacute;ant &agrave; Jupp&eacute;) ce n&#39;est pas tant d&#39;attaquer l&#39;homme que d&#39;attaquer le projet, d&#39;en montrer la coh&eacute;rence et aussi les incoh&eacute;rences tout comme les cons&eacute;quences in&eacute;vitables, et de montrer qu&#39;il existe une autre voie, qu&#39;il existe une alternative. Mais, pour cela, il faudra &ecirc;tre au clair sur l&#39;Euro. Aujourd&#39;hui, il n&#39;y a que trois candidats pour pouvoir occuper ce terrain l&agrave;.\n<\/p>\n<p>\n\tLe projet clarifie les choix qui sont propos&eacute;s aux Fran&ccedil;ais.\n<\/p>\n<p>\n\tLe projet port&eacute; par Fran&ccedil;ois Fillon a un immense avantage. Il clarifie les choix qui sont propos&eacute;s aux Fran&ccedil;ais. La bataille qui s&#39;annonce ne sera pas autour du pr&eacute;tendu &laquo;ultra-lib&eacute;ralisme&raquo; de l&#39;un (Fillon) ou du &laquo;lib&eacute;ralisme mod&eacute;r&eacute;&raquo; de l&#39;autre (Jupp&eacute;). Car, l&#39;un et l&#39;autre, tout comme le cas &eacute;ch&eacute;ant un Macron ou tout candidat issu de la matrice agonisante de la &laquo;gauche&raquo; parlementaire, n&#39;ont d&#39;autre projet que celui qu&#39;imposent immanquablement l&#39;Euro et son corset de fer. C&#39;est ce corset qu&#39;il convient de le briser, ici et maintenant.\n<\/p>\n<p>\n\tL&#39;&eacute;lection pr&eacute;sidentielle se fera sur la question de l&#39;Euro. Tous les candidats doivent en &ecirc;tre conscients, et choisir leur camp.\n<\/p>\n<p>\n\t[1] https:\/\/www.youtube.com\/watch?v=MCDMCLwosIc<br \/>\n\t[2] Rappelons les r&eacute;sultats: Fran&ccedil;ois Fillon: 44,1%, Alain Jupp&eacute; 28,5%, Nicolas Sarkozy: 20,6%, avec une participation d&#39;environ 4,1 millions de suffrages.<br \/>\n\t[3] Voir Corbi&egrave;re A. Le pi&egrave;ge des primaires, Paris, Le Cerf, 2016.<br \/>\n\t[4] Blanchard O. and Daniel Leigh, Growth Forecast Errors and Fiscal Multipliers, IMF Working Paper, Janvier 2013, Washington DC. Voir aussi, Baum A., Marcos Poplawski-Ribeiro, and Anke Weber, Fiscal Multipliers and the State of the Economy, IMF Working Paper, d&eacute;cembre 2012, Washington DC.<br \/>\n\t[5] Bourdieu J, Beno&icirc;t C&oelig;ur&eacute; et B&eacute;atrice S&eacute;dillot &laquo;Investissement, incertitude et irr&eacute;versibilit&eacute;&raquo;, Revue &eacute;conomique, Volume 48, n&deg;1, 1997. pp. 23-53. Auerbach A.J., et Y. Gorodnichenko &laquo;Measuring the Output Responses to Fiscal Policy&raquo;, American Economic Journal: Economic Policy 2012, Vol. 4, n&deg; 2, pp 1-27.<br \/>\n\t[6] Malinvaud, E, &laquo;Profitability and investment facing uncertain demand&raquo;, Document de travail de l&#39;INSEE, n&deg; 8303, Paris, 1983 ; Idem, &laquo;Capital productif, incertitudes et profitabilit&eacute;s&raquo;, Document de recherche de l&#39;IME, Universit&eacute; de Dijon, n&deg;93, 1986. Carruth A., Dickerson A. et Henley A. (2000), &laquo;What Do We Know About Investment Under Uncertainty?&raquo;, Journal of Economic Surveys, vol. 14, n&deg; 2, pp. 119-153.<br \/>\n\t[7] Pindyck R.,&laquo;Irreversible Investment, Capacity Choice and the Value of the Firm&raquo;, American Economic Review, vol. 78, n&deg;5, 1988, d&eacute;cembre, pp. 969-985.<br \/>\n\t[8] Naboulet A. et Raspiller S., &laquo;Les d&eacute;terminants de la d&eacute;cision d&#39;investir: une approche par les perceptions subjectives des \ufb01rmes&raquo;, Document de travail de la Direction des &Eacute;tudes et Synth&egrave;ses Economiques, n&deg; G 0404, Insee, 2004.<br \/>\n\t[9] D.A. Aschauer, &ldquo;Is public expenditure productive?&rdquo;, in Journal of Monetary Economics, vol. XXIII, n&deg;2, mars, 1989, pp. 177-200. Idem, &ldquo;Why is Infrastructure Important?&rdquo;, in A. H. Munnell, (ed.), Is there a Shortfall in Public Capital Investment, Federal Reserve Bank of Boston, Boston ; et R. Ford &amp; P. Poret, &ldquo;Infrastructure and Private-Sector productivity&rdquo;, OCDE, Departement d&#39;&eacute;conomie et statistique, Working paper n&deg;91, OCDE, Paris, 1991.<br \/>\n\t[10] En anglais Fiscal Multiplier. Voir Blanchard O., et D. Leigh, &laquo;Growth Forecast Errors and Fiscal Multipliers&raquo;, IMF Working Paper, WP\/13\/1, FMI, Washington D.C., 2013.<\/p>\n","protected":false},"excerpt":{"rendered":"<p>L&#39;ancien Premier ministre est souvent pr&eacute;sent&eacute; comme &eacute;conomiquement ultra-lib&eacute;ral. Pour Jacques Sapir, celui qui a vot&eacute; &laquo;Non&raquo; &agrave; Maastricht est d&#39;abord marqu&eacute; par sa soumission &agrave; l&#39;Euro, laquelle d&eacute;cr&eacute;dibilise son positionnement gaulliste.&Eacute;conomiste, directeur d&#39;&eacute;tudes &agrave; l&#39;EHESS, r&eacute;cemment &eacute;lu membre de l&#39;Acad&eacute;mie des Sciences de Russie, Jacques Sapir dirige le Centre d&#39;&Eacute;tudes des Modes d&#39;Industrialisation (CEMI) [&hellip;]<\/p>\n","protected":false},"author":2,"featured_media":5510,"comment_status":"open","ping_status":"open","sticky":false,"template":"","format":"standard","meta":{"_jetpack_memberships_contains_paid_content":false,"footnotes":"","jetpack_publicize_message":"","jetpack_publicize_feature_enabled":true,"jetpack_social_post_already_shared":true,"jetpack_social_options":{"image_generator_settings":{"template":"highway","default_image_id":0,"font":"","enabled":false},"version":2},"_wpas_customize_per_network":false},"categories":[405],"tags":[1320],"class_list":["post-5509","post","type-post","status-publish","format-standard","has-post-thumbnail","hentry","category-actu-france-monde","tag-jacques-sapir"],"jetpack_publicize_connections":[],"jetpack_featured_media_url":"https:\/\/i0.wp.com\/www.iceagetv.com\/radiosite\/wp-content\/uploads\/2016\/11\/Jacques-Sapir.jpg?fit=805%2C453&ssl=1","jetpack_sharing_enabled":true,"_links":{"self":[{"href":"https:\/\/www.iceagetv.com\/radiosite\/wp-json\/wp\/v2\/posts\/5509","targetHints":{"allow":["GET"]}}],"collection":[{"href":"https:\/\/www.iceagetv.com\/radiosite\/wp-json\/wp\/v2\/posts"}],"about":[{"href":"https:\/\/www.iceagetv.com\/radiosite\/wp-json\/wp\/v2\/types\/post"}],"author":[{"embeddable":true,"href":"https:\/\/www.iceagetv.com\/radiosite\/wp-json\/wp\/v2\/users\/2"}],"replies":[{"embeddable":true,"href":"https:\/\/www.iceagetv.com\/radiosite\/wp-json\/wp\/v2\/comments?post=5509"}],"version-history":[{"count":1,"href":"https:\/\/www.iceagetv.com\/radiosite\/wp-json\/wp\/v2\/posts\/5509\/revisions"}],"predecessor-version":[{"id":5511,"href":"https:\/\/www.iceagetv.com\/radiosite\/wp-json\/wp\/v2\/posts\/5509\/revisions\/5511"}],"wp:featuredmedia":[{"embeddable":true,"href":"https:\/\/www.iceagetv.com\/radiosite\/wp-json\/wp\/v2\/media\/5510"}],"wp:attachment":[{"href":"https:\/\/www.iceagetv.com\/radiosite\/wp-json\/wp\/v2\/media?parent=5509"}],"wp:term":[{"taxonomy":"category","embeddable":true,"href":"https:\/\/www.iceagetv.com\/radiosite\/wp-json\/wp\/v2\/categories?post=5509"},{"taxonomy":"post_tag","embeddable":true,"href":"https:\/\/www.iceagetv.com\/radiosite\/wp-json\/wp\/v2\/tags?post=5509"}],"curies":[{"name":"wp","href":"https:\/\/api.w.org\/{rel}","templated":true}]}}