{"id":5566,"date":"2016-12-01T20:34:15","date_gmt":"2016-12-01T20:34:15","guid":{"rendered":"http:\/\/www.iceagetv.com\/radiosite\/?p=5566"},"modified":"2016-12-01T20:34:15","modified_gmt":"2016-12-01T20:34:15","slug":"presidentielle-apres-retrait-de-hollande-candidat-a-gauche","status":"publish","type":"post","link":"https:\/\/www.iceagetv.com\/radiosite\/presidentielle-apres-retrait-de-hollande-candidat-a-gauche\/","title":{"rendered":"PR\u00c9SIDENTIELLE Apr\u00e8s le retrait de Hollande, qui est candidat \u00e0 gauche ?"},"content":{"rendered":"<p>\n\tDe Montebourg &agrave; M&eacute;lenchon, en passant par Macron et Valls, tour d&#39;horizon des nombreuses candidatures d&eacute;clar&eacute;es et de celles qui pourraient encore l&#39;&ecirc;tre.Hollande renonce et tout est d&eacute;peupl&eacute;&nbsp;? Pas vraiment. Alors que le pr&eacute;sident de la R&eacute;publique&nbsp;vient de d&eacute;clarer qu&rsquo;il ne briguerait pas un second mandat, les candidats &agrave; sa succession se pressent. Il y a ceux qui concourent dans le cadre de la primaire de la &laquo;Belle Alliance populaire&raquo;. Et ceux qui grillent r&eacute;solument cette &eacute;tape. Et celui qui n&rsquo;attendait que l&rsquo;annonce du chef de l&rsquo;Etat pour se lancer. Le point.\n<\/p>\n<p>\n\tIls sont s&ucirc;rs d&rsquo;y aller\n<\/p>\n<p>\n\tAu centre\n<\/p>\n<p>\n\tEmmanuel Macron.&nbsp;L&rsquo;ancien ministre de l&rsquo;Economie&nbsp;s&rsquo;est mis &laquo;en marche&raquo; le 16 novembre&nbsp;en annon&ccedil;ant sa candidature &agrave; Bobigny.&nbsp;&laquo;J&rsquo;ai pu mesurer ces derniers mois ce qu&rsquo;il en co&ucirc;te de refuser les r&egrave;gles obsol&egrave;tes et claniques d&rsquo;un syst&egrave;me politique qui est devenu le principal obstacle de la transformation de notre pays&raquo;, avait affirm&eacute; Macron. Sa d&eacute;claration est tout sauf une surprise&nbsp;: depuis sa sortie du gouvernement, Emmanuel Macron multiplie les meetings et les rencontres. A Bobigny, il a pr&eacute;venu son monde&nbsp;:&nbsp;&laquo;L&rsquo;enjeu n&rsquo;est pas de rassembler la gauche ou la droite, c&rsquo;est de rassembler les Fran&ccedil;ais.&raquo;\n<\/p>\n<p>\n\tSylvia Pinel.&nbsp;Elle squeeze sans vergogne la case &laquo;primaire&raquo; alors que sa formation, le Parti radical de gauche, bien loti au gouvernement (avec trois ministres), &eacute;tait l&rsquo;un des derniers alli&eacute;s de l&rsquo;ex&eacute;cutif. M&ecirc;me si la quadra, elle-m&ecirc;me ancienne ministre et inconnue du grand public, ne p&egrave;se pas grand-chose, sa toute r&eacute;cente candidature fragilise encore un peu plus la primaire cens&eacute;e rassembler &agrave; gauche. Pinel dit qu&rsquo;en fonction du candidat socialiste, elle pourrait se retirer de la course. Qu&rsquo;en est-il puisque plus Fran&ccedil;ois Hollande n&#39;est plus dans la course&nbsp;?\n<\/p>\n<p>\n\tA gauche de la gauche\n<\/p>\n<p>\n\tJean-Luc M&eacute;lenchon.&nbsp;C&rsquo;est l&rsquo;un des premiers &agrave; s&rsquo;&ecirc;tre d&eacute;clar&eacute;. Sur TF1, au mois de f&eacute;vrier, le fondateur du Parti de gauche&nbsp;a indiqu&eacute; se lancer dans une nouvelle campagne, apr&egrave;s celle de 2012, o&ugrave; il &eacute;tait arriv&eacute; en quatri&egrave;me position au premier tour, avec 11% des voix.&nbsp;&laquo;Je propose ma candidature pour la pr&eacute;sidentielle de&nbsp;2017. C&rsquo;est une occasion formidable de d&eacute;noncer les liens qui nous paralysent aujourd&rsquo;hui&raquo;, avait martel&eacute; M&eacute;lenchon, souhaitant se lancer dans l&rsquo;aventure sans parti ni primaire. Il a re&ccedil;u en novembre le soutien des militants communistes. Le PCF ne pr&eacute;sentera donc pas de candidat officiel &agrave; la pr&eacute;sidentielle de&nbsp;2017.\n<\/p>\n<p>\n\tNathalie Arthaud et Philippe Poutou.&nbsp;D&eacute;j&agrave; de la partie en 2012, les t&ecirc;tes d&rsquo;affiche de&nbsp;Lutte ouvri&egrave;re&nbsp;et du&nbsp;Nouveau Parti anticapitalisteseront de nouveau candidats.\n<\/p>\n<p>\n\tChez les &eacute;cologistes\n<\/p>\n<p>\n\tYannick Jadot.&nbsp;Lui qui plaidait au printemps pour une grande primaire de la gauche portera les couleurs des &eacute;cologistes en rupture avec l&rsquo;ex&eacute;cutif,&nbsp;apr&egrave;s sa victoire &agrave; la primaire d&rsquo;Europe Ecologie-les Verts. Il a d&eacute;j&agrave; pr&eacute;venu qu&rsquo;il ne nouera&nbsp;&laquo;pas d&rsquo;alliance&raquo;&nbsp;avec le PS&nbsp;:&nbsp;&laquo;L&rsquo;&eacute;cologie doit, aujourd&rsquo;hui, prouver que les solutions que nous portons sont les bonnes solutions pour la France.&raquo;\n<\/p>\n<p>\n\tAutour du Parti socialiste\n<\/p>\n<p>\n\tLa primaire de la gauche aura lieu au mois de janvier et plusieurs personnalit&eacute;s se sont d&rsquo;ores et d&eacute;j&agrave; d&eacute;clar&eacute;es.\n<\/p>\n<p>\n\tG&eacute;rard Filoche.&nbsp;Membre de l&rsquo;aile gauche du PS, l&rsquo;ancien inspecteur du travail est candidat &agrave; la primaire, qu&rsquo;il aurait souhait&eacute;e plus large, en y int&eacute;grant notamment les communistes. Contempteur de la loi travail et d&rsquo;un gouvernement qu&rsquo;il juge en pleine d&eacute;rive droiti&egrave;re, Filoche se veut&nbsp;&laquo;le candidat des petites retraites et des petits salaires&raquo;.\n<\/p>\n<p>\n\tBeno&icirc;t Hamon.&nbsp;L&rsquo;ancien ministre parti du gouvernement en&nbsp;2014 s&rsquo;est d&eacute;clar&eacute; en ao&ucirc;t. D&eacute;put&eacute; frondeur des Yvelines, il&nbsp;sillonne la France&nbsp;pour parler emploi, vivre-ensemble et revenu universel.\n<\/p>\n<p>\n\tMarie-No&euml;lle Lienemann.&nbsp;Dans un entretien &agrave;&nbsp;Lib&eacute;ration, la s&eacute;natrice socialiste sortait le lance-flammes pour faire le bilan du quinquennat Hollande.&nbsp;&laquo;Ce sont surtout des r&eacute;formes lib&eacute;rales, donc faites &agrave; contretemps. Regardons le bilan&nbsp;: la France n&rsquo;exporte pas davantage, le ch&ocirc;mage n&rsquo;a pas vraiment baiss&eacute;. Les in&eacute;galit&eacute;s ne se sont pas r&eacute;duites et la soci&eacute;t&eacute; fran&ccedil;aise n&rsquo;est ni plus confiante ni plus optimiste&hellip;&raquo;&nbsp;En cas de candidature de Manuel Valls &agrave; la primaire, elle a appel&eacute; ses camarades de l&rsquo;aile gauche du PS &agrave; se rassembler pour lui faire barrage.\n<\/p>\n<p>\n\tArnaud Montebourg.&nbsp;Pour l&rsquo;ex-ministre de l&rsquo;Economie, vir&eacute; du gouvernement Valls fin ao&ucirc;t&nbsp;2014, la primaire &agrave; gauche est d&eacute;sormais&laquo;l&rsquo;outil du rassemblement&raquo;,&nbsp;&laquo;la seule arme qui [&hellip;] permet de sauver la gauche&raquo;&nbsp;et surtout&nbsp;&laquo;un outil de lib&eacute;ration des Fran&ccedil;ais&raquo;. Parmi ses propositions, des mesures de&nbsp;&laquo;protection&raquo;&nbsp;en Europe face aux&nbsp;&laquo;exc&egrave;s de la mondialisation&raquo;. Il pr&ocirc;ne une&nbsp;&laquo;taxe carbone aux fronti&egrave;res&raquo;&nbsp;de l&rsquo;UE ou encore la fin de la directive sur les travailleurs d&eacute;tach&eacute;s.\n<\/p>\n<p>\n\tFran&ccedil;ois de Rugy.&nbsp;Parti d&rsquo;EE-LV il y a un an, le d&eacute;put&eacute; nantais qui plaidait pour continuer le partenariat avec les socialistes, a fond&eacute; son (tout) petit parti, Ecologistes! R&eacute;cemment, il trouvait&nbsp;&laquo;assez logique&raquo;que Valls, qui&nbsp;&laquo;a une autre fa&ccedil;on de faire, de gouverner, des id&eacute;es &agrave; faire valoir, qui l&rsquo;a plut&ocirc;t mise en veilleuse depuis qu&rsquo;il est Premier ministre par loyaut&eacute; avec le Pr&eacute;sident&raquo;&nbsp;envisage de se pr&eacute;senter.\n<\/p>\n<p>\n\tJean-Luc Bennahmias.&nbsp;Sur le minicr&eacute;neau du centre gauche &eacute;colo, il y a embouteillage&nbsp;: l&rsquo;ex-Vert et ex-Modem,&nbsp;Jean-Luc Bennahmias, qui repr&eacute;sente l&rsquo;Union des d&eacute;mocrates et des &eacute;cologistes (UDE), a lui aussi pr&eacute;vu de participer &agrave; la primaire.\n<\/p>\n<p>\n\tPierre Larrouturou.&nbsp;Il est le dernier candidat d&eacute;clar&eacute; &agrave; la primaire de janvier. Le cofondateur de Nouvelle Donne a formul&eacute; quelques propositions au&nbsp;Parisien&nbsp;:&nbsp;&laquo;Sauver le climat en proposant un plan Marshall de 1 000 milliards, au niveau europ&eacute;en, c&rsquo;est possible. Changer l&rsquo;Europe, en red&eacute;marrant avec neuf ou dix pays et en se donnant deux ans pour avoir de nouveaux trait&eacute;s, c&rsquo;est possible.&raquo;\n<\/p>\n<p>\n\tDans les starting-blocks\n<\/p>\n<p>\n\tManuel Valls.&nbsp;C&rsquo;est une question d&rsquo;heures ou de jours. Le Premier ministre,&nbsp;qui depuis trois semaines pressait Hollande de questions sur ses intentions, pourrait se d&eacute;clarer vendredi ou samedi &agrave; la convention de la Belle Alliance populaire, Porte de la Villette &agrave; Paris. Dans un entretien au&nbsp;Journal du dimanche&nbsp;le 27&nbsp;novembre, le Premier ministre synth&eacute;tisait les raisons pour lesquelles, selon lui, Fran&ccedil;ois Hollande ne pouvait pas briguer de nouveau mandat, et faisant, en creux, son propre &eacute;loge.&nbsp;&laquo;Toute candidature doit int&eacute;grer le rapport avec les Fran&ccedil;ais, avec la gauche et avec notre famille politique, disait-il.&nbsp;Toute candidature qui ferait fi de ces trois dimensions appara&icirc;trait bancale ou fragile. Me concernant, j&rsquo;int&egrave;gre en permanence ces trois &eacute;l&eacute;ments.&raquo;\n<\/p>\n<p>\n\tEt si c&rsquo;&eacute;tait elles&nbsp;?\n<\/p>\n<p>\n\tS&eacute;gol&egrave;ne Royal.&nbsp;L&rsquo;hypoth&egrave;se, avanc&eacute;e &agrave; la Une du&nbsp;JDD&nbsp;le 23 octobre, a fait sourire l&rsquo;int&eacute;ress&eacute;e&nbsp;:&nbsp;&laquo;On cherche quelqu&rsquo;un pour se sacrifier, il faut que la situation soit vraiment d&eacute;sesp&eacute;r&eacute;e pour que ceux qui m&rsquo;ont combattue me red&eacute;couvrent.&raquo;&nbsp;L&rsquo;id&eacute;e, selon le&nbsp;JDD, serait de lancer l&rsquo;ancienne candidate de&nbsp;2007 pour limiter au maximum les d&eacute;g&acirc;ts lors du prochain scrutin.\n<\/p>\n<p>\n\tChristiane Taubira.&nbsp;&laquo;A l&rsquo;aide ! C&rsquo;est toute la gauche qui vous r&eacute;clame, Madame Taubira !&raquo;&nbsp;Ainsi commence la p&eacute;tition, sign&eacute;e par 70 000 personnes, demandant &agrave; l&rsquo;ancienne ministre de la Justice de se lancer dans la course &agrave; l&rsquo;Elys&eacute;e. Taubira ne s&rsquo;est jamais exprim&eacute;e sur le sujet, mais &agrave; gauche, ils sont nombreux &agrave; &ecirc;tre s&eacute;duits par l&rsquo;id&eacute;e,&nbsp;comme le racontait&nbsp;Lib&eacute;ration&nbsp;en octobre.<\/p>\n","protected":false},"excerpt":{"rendered":"<p>De Montebourg &agrave; M&eacute;lenchon, en passant par Macron et Valls, tour d&#39;horizon des nombreuses candidatures d&eacute;clar&eacute;es et de celles qui pourraient encore l&#39;&ecirc;tre.Hollande renonce et tout est d&eacute;peupl&eacute;&nbsp;? Pas vraiment. Alors que le pr&eacute;sident de la R&eacute;publique&nbsp;vient de d&eacute;clarer qu&rsquo;il ne briguerait pas un second mandat, les candidats &agrave; sa succession se pressent. Il y [&hellip;]<\/p>\n","protected":false},"author":2,"featured_media":5567,"comment_status":"open","ping_status":"open","sticky":false,"template":"","format":"standard","meta":{"_jetpack_memberships_contains_paid_content":false,"footnotes":"","jetpack_publicize_message":"","jetpack_publicize_feature_enabled":true,"jetpack_social_post_already_shared":true,"jetpack_social_options":{"image_generator_settings":{"template":"highway","default_image_id":0,"font":"","enabled":false},"version":2},"_wpas_customize_per_network":false},"categories":[405],"tags":[942],"class_list":["post-5566","post","type-post","status-publish","format-standard","has-post-thumbnail","hentry","category-actu-france-monde","tag-presidentielle"],"jetpack_publicize_connections":[],"jetpack_featured_media_url":"https:\/\/i0.wp.com\/www.iceagetv.com\/radiosite\/wp-content\/uploads\/2016\/12\/Pr%C3%A9sidentielle.jpg?fit=960%2C633&ssl=1","jetpack_sharing_enabled":true,"_links":{"self":[{"href":"https:\/\/www.iceagetv.com\/radiosite\/wp-json\/wp\/v2\/posts\/5566","targetHints":{"allow":["GET"]}}],"collection":[{"href":"https:\/\/www.iceagetv.com\/radiosite\/wp-json\/wp\/v2\/posts"}],"about":[{"href":"https:\/\/www.iceagetv.com\/radiosite\/wp-json\/wp\/v2\/types\/post"}],"author":[{"embeddable":true,"href":"https:\/\/www.iceagetv.com\/radiosite\/wp-json\/wp\/v2\/users\/2"}],"replies":[{"embeddable":true,"href":"https:\/\/www.iceagetv.com\/radiosite\/wp-json\/wp\/v2\/comments?post=5566"}],"version-history":[{"count":1,"href":"https:\/\/www.iceagetv.com\/radiosite\/wp-json\/wp\/v2\/posts\/5566\/revisions"}],"predecessor-version":[{"id":5568,"href":"https:\/\/www.iceagetv.com\/radiosite\/wp-json\/wp\/v2\/posts\/5566\/revisions\/5568"}],"wp:featuredmedia":[{"embeddable":true,"href":"https:\/\/www.iceagetv.com\/radiosite\/wp-json\/wp\/v2\/media\/5567"}],"wp:attachment":[{"href":"https:\/\/www.iceagetv.com\/radiosite\/wp-json\/wp\/v2\/media?parent=5566"}],"wp:term":[{"taxonomy":"category","embeddable":true,"href":"https:\/\/www.iceagetv.com\/radiosite\/wp-json\/wp\/v2\/categories?post=5566"},{"taxonomy":"post_tag","embeddable":true,"href":"https:\/\/www.iceagetv.com\/radiosite\/wp-json\/wp\/v2\/tags?post=5566"}],"curies":[{"name":"wp","href":"https:\/\/api.w.org\/{rel}","templated":true}]}}