{"id":5593,"date":"2016-12-05T17:27:18","date_gmt":"2016-12-05T17:27:18","guid":{"rendered":"http:\/\/www.iceagetv.com\/radiosite\/?p=5593"},"modified":"2016-12-05T17:44:28","modified_gmt":"2016-12-05T17:44:28","slug":"5-choses-a-savoir-evry-fief-de-manuel-valls","status":"publish","type":"post","link":"https:\/\/www.iceagetv.com\/radiosite\/5-choses-a-savoir-evry-fief-de-manuel-valls\/","title":{"rendered":"Manuel Valls annonce sa candidature \u00e0 l\u2019\u00e9lection pr\u00e9sidentielle fran\u00e7aise"},"content":{"rendered":"<p>\n\t&nbsp;\n<\/p>\n<p>\n\tLe Premier ministre a annonc&eacute; depuis la mairie d&rsquo;Evry, son fief &eacute;lectoral, qu&#39;il &eacute;tait candidat &agrave; la pr&eacute;sidentielle. Une annonce qui ne faisait plus de doute depuis l&rsquo;annonce du renoncement de Fran&ccedil;ois Hollande.\n<\/p>\n<p>\n\tJe ne veux pas que la France revive ce traumatisme d&#39;une extr&ecirc;me droite au second tour de l&#39;&eacute;lection pr&eacute;sidentielle&raquo;\n<\/p>\n<p>\n\tValls.\n<\/p>\n<p>\n\t&laquo;Je ne veux pas que la France revive ce traumatisme d&#39;une extr&ecirc;me droite au second tour de l&#39;&eacute;lection pr&eacute;sidentielle. Son programme ruinerait les petites gens, les retrait&eacute;s, les ouvriers.&raquo;Valls veut aussi se battre contre la droite et son candidat,&nbsp;&laquo;ses vieilles recettes des ann&eacute;es 80. Je ne veux pas que les fonctionnaires travaillent plus pour gagner moins. [&#8230;] Je ne veux pas que nos enfants aient moins de professeurs. Je ne veux pas que l&rsquo;on casse notre s&eacute;curit&eacute; sociale [&#8230;] et que les salari&eacute;s attendent 70 ans pour toucher une retraite &agrave; taux plein.&raquo;&nbsp;affirme Manuel Valls. Il dit &ecirc;tre port&eacute; par une&nbsp;&laquo;r&eacute;volte&raquo;.\n<\/p>\n<p>\n\t18:37Manuel Valls d&eacute;missionnera demain\n<\/p>\n<p>\n\tValls.\n<\/p>\n<p>\n\t&laquo;A ses c&ocirc;t&eacute;s, je n&#39;ai jamais c&eacute;d&eacute; &agrave; la tentation de l&#39;individualisme. [&#8230;]Le temps est venu d&#39;aller plus loin dans mon engagement. Le sens de l&#39;Etat me fait consid&eacute;rer que je ne peux plus &ecirc;tre Premier ministre en m&ecirc;me temps que candidat. En accord total avec le Pr&eacute;sident, je quitterai mes fonctions d&egrave;s demain.&raquo;\n<\/p>\n<p>\n\t18:36\n<\/p>\n<p>\n\tValls.\n<\/p>\n<p>\n\t&laquo;J&#39;ai cette force en moi, cette volont&eacute; de servir mon pays. C&#39;est au-del&agrave; des mots, c&#39;est une conviction totale. Je veux tout donner pour la France qui m&#39;a tant donn&eacute;. [&#8230;] A Fran&ccedil;ois Hollande, je veux dire mon &eacute;motion, mon affection. Sa d&eacute;cision est celle d&#39;un homme d&#39;Etat qui place l&#39;int&eacute;r&ecirc;t g&eacute;n&eacute;ral au-dessus de tout. Elle nous oblige tous. Je veux lui dire la&nbsp;chaleur de mes sentiments. Ils se sont forg&eacute;s &agrave; jamais dans le prix douloureux que notre pays a pay&eacute; dans son engagement pour la libert&eacute;.&raquo;\n<\/p>\n<p>\n\t18:34\n<\/p>\n<p>\n\tValls.\n<\/p>\n<p>\n\t&laquo;Oui, je suis candidat &agrave; la pr&eacute;sidence de la R&eacute;publique&raquo;, annonce Manuel Valls.\n<\/p>\n<p>\n\t18:33\n<\/p>\n<p>\n\tValls.\n<\/p>\n<p>\n\tManuel Valls commence son discours &agrave; Evry, derri&egrave;re un pupitre dont le slogan est :&nbsp;&laquo;Faire gagner tout ce qui nous rassemble&raquo;.\n<\/p>\n<p>\n\t18:21\n<\/p>\n<p>\n\tValls.\n<\/p>\n<p>\n\tNotre journaliste Lilian Alemagna est &agrave; Evry, o&ugrave; Manuel Valls doit annoncer sa candidature &agrave; la primaire organis&eacute;e par le PS d&#39;ici quinze minutes.<\/p>\n","protected":false},"excerpt":{"rendered":"<p>&nbsp; Le Premier ministre a annonc&eacute; depuis la mairie d&rsquo;Evry, son fief &eacute;lectoral, qu&#39;il &eacute;tait candidat &agrave; la pr&eacute;sidentielle. Une annonce qui ne faisait plus de doute depuis l&rsquo;annonce du renoncement de Fran&ccedil;ois Hollande. Je ne veux pas que la France revive ce traumatisme d&#39;une extr&ecirc;me droite au second tour de l&#39;&eacute;lection pr&eacute;sidentielle&raquo; Valls. &laquo;Je [&hellip;]<\/p>\n","protected":false},"author":2,"featured_media":5594,"comment_status":"open","ping_status":"open","sticky":false,"template":"","format":"standard","meta":{"_jetpack_memberships_contains_paid_content":false,"footnotes":"","jetpack_publicize_message":"","jetpack_publicize_feature_enabled":true,"jetpack_social_post_already_shared":true,"jetpack_social_options":{"image_generator_settings":{"template":"highway","default_image_id":0,"font":"","enabled":false},"version":2},"_wpas_customize_per_network":false},"categories":[405],"tags":[581],"class_list":["post-5593","post","type-post","status-publish","format-standard","has-post-thumbnail","hentry","category-actu-france-monde","tag-manuel-valls"],"jetpack_publicize_connections":[],"jetpack_featured_media_url":"https:\/\/i0.wp.com\/www.iceagetv.com\/radiosite\/wp-content\/uploads\/2016\/12\/Manuel-Valls.jpg?fit=805%2C453&ssl=1","jetpack_sharing_enabled":true,"_links":{"self":[{"href":"https:\/\/www.iceagetv.com\/radiosite\/wp-json\/wp\/v2\/posts\/5593","targetHints":{"allow":["GET"]}}],"collection":[{"href":"https:\/\/www.iceagetv.com\/radiosite\/wp-json\/wp\/v2\/posts"}],"about":[{"href":"https:\/\/www.iceagetv.com\/radiosite\/wp-json\/wp\/v2\/types\/post"}],"author":[{"embeddable":true,"href":"https:\/\/www.iceagetv.com\/radiosite\/wp-json\/wp\/v2\/users\/2"}],"replies":[{"embeddable":true,"href":"https:\/\/www.iceagetv.com\/radiosite\/wp-json\/wp\/v2\/comments?post=5593"}],"version-history":[{"count":4,"href":"https:\/\/www.iceagetv.com\/radiosite\/wp-json\/wp\/v2\/posts\/5593\/revisions"}],"predecessor-version":[{"id":5601,"href":"https:\/\/www.iceagetv.com\/radiosite\/wp-json\/wp\/v2\/posts\/5593\/revisions\/5601"}],"wp:featuredmedia":[{"embeddable":true,"href":"https:\/\/www.iceagetv.com\/radiosite\/wp-json\/wp\/v2\/media\/5594"}],"wp:attachment":[{"href":"https:\/\/www.iceagetv.com\/radiosite\/wp-json\/wp\/v2\/media?parent=5593"}],"wp:term":[{"taxonomy":"category","embeddable":true,"href":"https:\/\/www.iceagetv.com\/radiosite\/wp-json\/wp\/v2\/categories?post=5593"},{"taxonomy":"post_tag","embeddable":true,"href":"https:\/\/www.iceagetv.com\/radiosite\/wp-json\/wp\/v2\/tags?post=5593"}],"curies":[{"name":"wp","href":"https:\/\/api.w.org\/{rel}","templated":true}]}}