{"id":5626,"date":"2016-12-08T20:55:53","date_gmt":"2016-12-08T20:55:53","guid":{"rendered":"http:\/\/www.iceagetv.com\/radiosite\/?p=5626"},"modified":"2016-12-08T20:55:53","modified_gmt":"2016-12-08T20:55:53","slug":"michele-alliot-marie-candidate-a-lelection-presidentielle","status":"publish","type":"post","link":"https:\/\/www.iceagetv.com\/radiosite\/michele-alliot-marie-candidate-a-lelection-presidentielle\/","title":{"rendered":"Mich\u00e8le Alliot-Marie candidate \u00e0 l&rsquo;\u00e9lection pr\u00e9sidentielle"},"content":{"rendered":"<p>\n\tL&#39;ancienne ministre, figure de la chiraquie, n&#39;a pas souhait&eacute; passer par la case primaire. Elle a longtemps entretenu le suspense sur ses intentions.\n<\/p>\n<p>\n\tElle a finalement d&eacute;cid&eacute; de sauter le pas. Mich&egrave;le Alliot-Marie est candidate &agrave; l&#39;&eacute;lection pr&eacute;sidentielle. Elle l&#39;a annonc&eacute; ce jeudi dans une&nbsp;interview &agrave; 20 minutes: &laquo;Oui, je suis candidate &agrave; la pr&eacute;sidence de la R&eacute;publique. Je propose une vision pour renouer avec un esprit de conqu&ecirc;te pour la France et pour chacun des Fran&ccedil;ais. Je suis pour la libert&eacute; des entreprises pour faire face &agrave; la concurrence &eacute;trang&egrave;re, mais je pense que dans le monde actuel, l&#39;Etat a toujours un r&ocirc;le &agrave; jouer&raquo;\n<\/p>\n<p>\n\tPas question pour l&#39;eurod&eacute;put&eacute;e de se plier &agrave; une primaire. &laquo;Les primaires ne sont pas dans l&#39;esprit de nos institutions. Le candidat issu d&#39;un parti ne peut incarner l&#39;unit&eacute; nationale&raquo;, explique-t-elle. Le g&eacute;n&eacute;ral de Gaulle, estime-t-elle, ne serait jamais pr&ecirc;t&eacute; &agrave; cet exercice. &Acirc;g&eacute;e de 70 ans, elle a longtemps occup&eacute; une position centrale au RPR puis &agrave; l&#39;UMP avant de perdre pied &agrave; l&#39;hiver 2011, prise dans une pol&eacute;mique pour avoir utilis&eacute; le jet priv&eacute; d&#39;un proche du dictateur tunisien Ben Ali. La ministre des Affaires &eacute;trang&egrave;res n&#39;a alors pas eu d&#39;autre option que de quitter le gouvernement. La suite? Une travers&eacute;e du d&eacute;sert pour &ldquo;MAM&rdquo;. Les l&eacute;gislatives de 2012 se soldent par un &eacute;chec cuisant. En 2014, elle ne doit sa timide r&eacute;apparition sur la sc&egrave;ne politique qu&#39;&agrave; la faveur d&#39;un scrutin de listes, les europ&eacute;ennes. Tenue &agrave; l&#39;&eacute;cart de Paris, Alliot-Marie reste discr&egrave;te. &Agrave; peine juge-t-elle que ses ambitieux et dissip&eacute;s comparses de l&#39;UMP &laquo;m&eacute;ritent une bonne fess&eacute;e&raquo; alors que le retour de Nicolas Sarkozy se profile&#8230;\n<\/p>\n<p>\n\tLongtemps dans le c&oelig;ur des militants de droite qui louaient son autorit&eacute; et sa stature, son intervention lors du congr&egrave;s fondateur des R&eacute;publicains en mai 2015 ne soul&egrave;ve pas les foules. Son discours est occult&eacute; par l&#39;arriv&eacute;e, au m&ecirc;me moment, d&#39;Alain Jupp&eacute; dans la salle&#8230; En f&eacute;vrier 2016, elle tente de d&eacute;crocher la pr&eacute;sidence du conseil national du parti. Certes, elle &eacute;choue mais &agrave; la surprise g&eacute;n&eacute;rale elle obtient un score non-n&eacute;gligeable (44,7%) face &agrave; l&#39;archi-favori Luc Chatel, soutenu par Nicolas Sarkozy.\n<\/p>\n<p>\n\t&laquo;Et si c&#39;&eacute;tait M?&raquo;\n<\/p>\n<p>\n\tC&#39;est le d&eacute;but d&#39;une intuition. Et si elle se pr&eacute;sentait &agrave; la primaire de la droite et du centre? Apr&egrave;s tout, des &eacute;lus au CV bien moins garni que le sien se lancent. Avec 700 conseils des ministres au compteur, pourquoi pas elle? Premi&egrave;re femme ministre de la D&eacute;fense, premi&egrave;re &eacute;galement &agrave; occuper la place Beauvau, le Quai d&#39;Orsay ou la t&ecirc;te du principal parti de droite. Premi&egrave;re pr&eacute;sidente? MAM consulte. Lance un site internet. En avril dernier, elle pr&eacute;sente &laquo;Nouvelle France&raquo;, son nouveau mouvement qui peut compter sur la b&eacute;n&eacute;diction du magicien Sylvain Mirouf. Mais en coulisses, des &eacute;lus annonc&eacute;s dans son comit&eacute; de soutien confient, embarass&eacute;s, qu&#39;ils n&#39;ont jamais eu l&#39;intention de la parrainer. Consciente de son incapacit&eacute; &agrave; rassembler les paraphes, MAM ne fait plus parler d&#39;elle.\n<\/p>\n<p>\n\tJusqu&#39;&agrave; une annonce surprise pendant l&#39;entre-deux tours de la primaire, pour mieux tenter de la discr&eacute;diter: &laquo;Mich&egrave;le Alliot-Marie a d&eacute;cid&eacute; de se mettre en retrait du parti les R&eacute;publicains et de ses fonctions au sein de celui-ci&raquo;. Sibyllin, le communiqu&eacute; laisse toutefois pr&eacute;sager de ses intentions&#8230; Surtout que de tr&egrave;s nombreux journalistes ont re&ccedil;u quelques jours auparavant une curieuse lettre contenant une affiche sur laquelle un &ldquo;M&rdquo; tricolore est accompagn&eacute; d&#39;une question: &laquo;Et si c&#39;&eacute;tait M?&raquo;\n<\/p>\n<p>\n\tCe n&#39;est pas la premi&egrave;re fois que MAM s&#39;imagine un destin pr&eacute;sidentiel. En 2007, d&eacute;j&agrave;, elle avait caress&eacute; l&#39;id&eacute;e de candidater &agrave; l&#39;investiture de l&#39;UMP face &agrave; Nicolas Sarkozy. Avant de se ranger in extremis. Dix ans plus tard, ce sc&eacute;nario se r&eacute;p&egrave;tera-t-il?<\/p>\n","protected":false},"excerpt":{"rendered":"<p>L&#39;ancienne ministre, figure de la chiraquie, n&#39;a pas souhait&eacute; passer par la case primaire. Elle a longtemps entretenu le suspense sur ses intentions. Elle a finalement d&eacute;cid&eacute; de sauter le pas. Mich&egrave;le Alliot-Marie est candidate &agrave; l&#39;&eacute;lection pr&eacute;sidentielle. Elle l&#39;a annonc&eacute; ce jeudi dans une&nbsp;interview &agrave; 20 minutes: &laquo;Oui, je suis candidate &agrave; la pr&eacute;sidence [&hellip;]<\/p>\n","protected":false},"author":2,"featured_media":5627,"comment_status":"open","ping_status":"open","sticky":false,"template":"","format":"standard","meta":{"_jetpack_memberships_contains_paid_content":false,"footnotes":"","jetpack_publicize_message":"","jetpack_publicize_feature_enabled":true,"jetpack_social_post_already_shared":true,"jetpack_social_options":{"image_generator_settings":{"template":"highway","default_image_id":0,"font":"","enabled":false},"version":2},"_wpas_customize_per_network":false},"categories":[405],"tags":[1344],"class_list":["post-5626","post","type-post","status-publish","format-standard","has-post-thumbnail","hentry","category-actu-france-monde","tag-michele-alliot-marie"],"jetpack_publicize_connections":[],"jetpack_featured_media_url":"https:\/\/i0.wp.com\/www.iceagetv.com\/radiosite\/wp-content\/uploads\/2016\/12\/Mich%C3%A8le-Alliot-Marie.jpg?fit=1256%2C708&ssl=1","jetpack_sharing_enabled":true,"_links":{"self":[{"href":"https:\/\/www.iceagetv.com\/radiosite\/wp-json\/wp\/v2\/posts\/5626","targetHints":{"allow":["GET"]}}],"collection":[{"href":"https:\/\/www.iceagetv.com\/radiosite\/wp-json\/wp\/v2\/posts"}],"about":[{"href":"https:\/\/www.iceagetv.com\/radiosite\/wp-json\/wp\/v2\/types\/post"}],"author":[{"embeddable":true,"href":"https:\/\/www.iceagetv.com\/radiosite\/wp-json\/wp\/v2\/users\/2"}],"replies":[{"embeddable":true,"href":"https:\/\/www.iceagetv.com\/radiosite\/wp-json\/wp\/v2\/comments?post=5626"}],"version-history":[{"count":1,"href":"https:\/\/www.iceagetv.com\/radiosite\/wp-json\/wp\/v2\/posts\/5626\/revisions"}],"predecessor-version":[{"id":5628,"href":"https:\/\/www.iceagetv.com\/radiosite\/wp-json\/wp\/v2\/posts\/5626\/revisions\/5628"}],"wp:featuredmedia":[{"embeddable":true,"href":"https:\/\/www.iceagetv.com\/radiosite\/wp-json\/wp\/v2\/media\/5627"}],"wp:attachment":[{"href":"https:\/\/www.iceagetv.com\/radiosite\/wp-json\/wp\/v2\/media?parent=5626"}],"wp:term":[{"taxonomy":"category","embeddable":true,"href":"https:\/\/www.iceagetv.com\/radiosite\/wp-json\/wp\/v2\/categories?post=5626"},{"taxonomy":"post_tag","embeddable":true,"href":"https:\/\/www.iceagetv.com\/radiosite\/wp-json\/wp\/v2\/tags?post=5626"}],"curies":[{"name":"wp","href":"https:\/\/api.w.org\/{rel}","templated":true}]}}