{"id":5771,"date":"2017-01-02T09:28:38","date_gmt":"2017-01-02T09:28:38","guid":{"rendered":"http:\/\/www.iceagetv.com\/radiosite\/?p=5771"},"modified":"2017-01-02T09:28:39","modified_gmt":"2017-01-02T09:28:39","slug":"bilan-definitif-incidents-lors-reveillon-france-454-personnes-interpellees-650-voitures-brulees","status":"publish","type":"post","link":"https:\/\/www.iceagetv.com\/radiosite\/bilan-definitif-incidents-lors-reveillon-france-454-personnes-interpellees-650-voitures-brulees\/","title":{"rendered":"Bilan d\u00e9finitif des incidents lors du r\u00e9veillon en France: 454 personnes interpell\u00e9es et 650 voitures br\u00fbl\u00e9es"},"content":{"rendered":"<p>\n\tLe ministre de l&#39;Int&eacute;rieur Bruno Le Roux vient d&#39;annoncer que la nuit du Nouvel An s&#39;est &quot;particuli&egrave;rement bien pass&eacute;e&quot; en France cette ann&eacute;e.\n<\/p>\n<p>\n\tN&eacute;anmoins, le Ministre a pr&eacute;cis&eacute; dimanche soir que&nbsp;454 personnes ont &eacute;t&eacute; interpell&eacute;es&nbsp;&agrave; travers la France notamment pour des agressions contre les forces de s&eacute;curit&eacute;, a d&eacute;clar&eacute; dimanche le ministre de l&#39;Int&eacute;rieur.\n<\/p>\n<p>\n\tLe nombre de voitures br&ucirc;l&eacute;es durant la nuit a augment&eacute; par rapport &agrave; l&#39;ann&eacute;e derni&egrave;re, passant de 602 &agrave; 650Dans les Yveline&nbsp;s,&nbsp;selon le Parisien&nbsp;des voitures ont &eacute;t&eacute; br&ucirc;l&eacute;es durant la nuit de la Saint-Sylvestre dans le d&eacute;partement des Yvelines.\n<\/p>\n<p>\n\tSelon un premier bilan &eacute;volutif entre 18 heures et 6 heures du matin, les forces de l&#39;ordre ont relev&eacute; dix-sept incendies de voitures et ce qui porte &agrave; 25 le nombre de voitures br&ucirc;l&eacute;es avec celles qui ont &eacute;t&eacute; atteintes par propagation.\n<\/p>\n<p>\n\tLes policiers d&eacute;plorent trois &eacute;pisodes de jets de projectiles &agrave; leur encontre mais aucun bless&eacute; n&#39;est &agrave; d&eacute;plorer.\n<\/p>\n<p>\n\tSelon le T&eacute;l&eacute;gramme&nbsp;,&nbsp;&agrave; Brest&nbsp;, six voitures ont &eacute;t&eacute; br&ucirc;l&eacute;es cette nuit.\n<\/p>\n<p>\n\tOn signale par ailleurs des feux de poubelle et une vitrine bris&eacute;e rue Jean Jaur&egrave;s.\n<\/p>\n<p>\n\tA Vannes&nbsp;, une voiture et un scooter ont &eacute;t&eacute; incendi&eacute;s.\n<\/p>\n<p>\n\tLes pompiers ont r&eacute;guli&egrave;rement &eacute;t&eacute; pris &agrave; partie par des groupes de jeunes qui, dans certains cas, ont jet&eacute; des p&eacute;tards dans leur direction.\n<\/p>\n<p>\n\tA Rennes&nbsp;, au moins trois voitures -gar&eacute;es dans trois parkings- auraient &eacute;t&eacute; incendi&eacute;es.\n<\/p>\n<p>\n\tA Carcassonne&nbsp;, trois voitures ont &eacute;t&eacute; incendi&eacute;es selon&nbsp;l&#39;Ind&eacute;pendant\n<\/p>\n<p>\n\tA Limoges&nbsp;, huit voitures ont &eacute;t&eacute; incendi&eacute;es dans les quartiers de La Bastide, Beaubreuil et dans le centre-ville rue Th&eacute;ophile-Gautier selon&nbsp;le Populaire du Centre\n<\/p>\n<p>\n\tDans ces m&ecirc;mes quartiers &nbsp;(ainsi que dans celui des Portes-Ferr&eacute;es), des feux de poubelles ont &eacute;galement &eacute;t&eacute; signal&eacute;s, puis ma&icirc;tris&eacute;s par les soldats du feu.<\/p>\n","protected":false},"excerpt":{"rendered":"<p>Le ministre de l&#39;Int&eacute;rieur Bruno Le Roux vient d&#39;annoncer que la nuit du Nouvel An s&#39;est &quot;particuli&egrave;rement bien pass&eacute;e&quot; en France cette ann&eacute;e. N&eacute;anmoins, le Ministre a pr&eacute;cis&eacute; dimanche soir que&nbsp;454 personnes ont &eacute;t&eacute; interpell&eacute;es&nbsp;&agrave; travers la France notamment pour des agressions contre les forces de s&eacute;curit&eacute;, a d&eacute;clar&eacute; dimanche le ministre de l&#39;Int&eacute;rieur. Le [&hellip;]<\/p>\n","protected":false},"author":2,"featured_media":5772,"comment_status":"open","ping_status":"open","sticky":false,"template":"","format":"standard","meta":{"_jetpack_memberships_contains_paid_content":false,"footnotes":"","jetpack_publicize_message":"","jetpack_publicize_feature_enabled":true,"jetpack_social_post_already_shared":true,"jetpack_social_options":{"image_generator_settings":{"template":"highway","default_image_id":0,"font":"","enabled":false},"version":2},"_wpas_customize_per_network":false},"categories":[405],"tags":[1376],"class_list":["post-5771","post","type-post","status-publish","format-standard","has-post-thumbnail","hentry","category-actu-france-monde","tag-bilan-definitif-des-incidents-lors-du-reveillon-en-france"],"jetpack_publicize_connections":[],"jetpack_featured_media_url":"https:\/\/i0.wp.com\/www.iceagetv.com\/radiosite\/wp-content\/uploads\/2017\/01\/Bilan-d%C3%A9finitif-des-incidents-lors-du-r%C3%A9veillon-en-France.jpg?fit=628%2C287&ssl=1","jetpack_sharing_enabled":true,"_links":{"self":[{"href":"https:\/\/www.iceagetv.com\/radiosite\/wp-json\/wp\/v2\/posts\/5771","targetHints":{"allow":["GET"]}}],"collection":[{"href":"https:\/\/www.iceagetv.com\/radiosite\/wp-json\/wp\/v2\/posts"}],"about":[{"href":"https:\/\/www.iceagetv.com\/radiosite\/wp-json\/wp\/v2\/types\/post"}],"author":[{"embeddable":true,"href":"https:\/\/www.iceagetv.com\/radiosite\/wp-json\/wp\/v2\/users\/2"}],"replies":[{"embeddable":true,"href":"https:\/\/www.iceagetv.com\/radiosite\/wp-json\/wp\/v2\/comments?post=5771"}],"version-history":[{"count":1,"href":"https:\/\/www.iceagetv.com\/radiosite\/wp-json\/wp\/v2\/posts\/5771\/revisions"}],"predecessor-version":[{"id":5773,"href":"https:\/\/www.iceagetv.com\/radiosite\/wp-json\/wp\/v2\/posts\/5771\/revisions\/5773"}],"wp:featuredmedia":[{"embeddable":true,"href":"https:\/\/www.iceagetv.com\/radiosite\/wp-json\/wp\/v2\/media\/5772"}],"wp:attachment":[{"href":"https:\/\/www.iceagetv.com\/radiosite\/wp-json\/wp\/v2\/media?parent=5771"}],"wp:term":[{"taxonomy":"category","embeddable":true,"href":"https:\/\/www.iceagetv.com\/radiosite\/wp-json\/wp\/v2\/categories?post=5771"},{"taxonomy":"post_tag","embeddable":true,"href":"https:\/\/www.iceagetv.com\/radiosite\/wp-json\/wp\/v2\/tags?post=5771"}],"curies":[{"name":"wp","href":"https:\/\/api.w.org\/{rel}","templated":true}]}}