{"id":5774,"date":"2017-01-02T12:41:42","date_gmt":"2017-01-02T12:41:42","guid":{"rendered":"http:\/\/www.iceagetv.com\/radiosite\/?p=5774"},"modified":"2017-01-02T12:41:42","modified_gmt":"2017-01-02T12:41:42","slug":"francois-chereque-ancien-secretaire-general-de-cfdt-decede-aujourdhui-a-60-ans-apres-long-combat-contre-cancer","status":"publish","type":"post","link":"https:\/\/www.iceagetv.com\/radiosite\/francois-chereque-ancien-secretaire-general-de-cfdt-decede-aujourdhui-a-60-ans-apres-long-combat-contre-cancer\/","title":{"rendered":"Fran\u00e7ois Ch\u00e9r\u00e8que, ancien secr\u00e9taire g\u00e9n\u00e9ral de la CFDT, est d\u00e9c\u00e9d\u00e9 aujourd&rsquo;hui \u00e0 60 ans apr\u00e8s un long combat contre un cancer"},"content":{"rendered":"<p>\n\tFran&ccedil;ois Ch&eacute;r&egrave;que, ancien secr&eacute;taire g&eacute;n&eacute;ral de la CFDT, est d&eacute;c&eacute;d&eacute; aujourd&#39;hui &agrave; 60 ans.\n<\/p>\n<p>\n\tC&#39;est sa famille qui vient de l&#39;annoncer dans un communiqu&eacute;.\n<\/p>\n<p>\n\tIl avait suspendu ses activit&eacute;s en septembre 2015 pour suivre un traitement de chimioth&eacute;rapie et quitt&eacute; ses fonctions &agrave; la t&ecirc;te de Haut commissaire &agrave; l&#39;engagement civique en juin 2016 pour &quot;raisons de sant&eacute;&quot;.\n<\/p>\n<p>\n\tFran&ccedil;ois Ch&eacute;r&egrave;que n&eacute; le&nbsp;1&nbsp;er&nbsp;&nbsp;juin 1956 &agrave; Nancy (Meurthe-et-Moselle) et d&eacute;c&eacute;d&eacute; le 2 janvier 2017, &eacute;tait un syndicaliste fran&ccedil;ais, secr&eacute;taire g&eacute;n&eacute;ral de la CFDT de 2002 &agrave; 2012.\n<\/p>\n<p>\n\tIl &eacute;tait pr&eacute;sident de l&#39;Agence du service civique de 2013 &agrave; 2016 et pr&eacute;sident du conseil d&#39;administration du think tank de gauche Terra Nova.\n<\/p>\n<p>\n\tIl adh&egrave;re &agrave; la CFDT en 1978 et y prend des responsabilit&eacute;s.\n<\/p>\n<p>\n\tEn 1986, il devient secr&eacute;taire g&eacute;n&eacute;ral de l&#39;union d&eacute;partementale CFDT des Alpes-de-Haute-Provence et entre au bureau r&eacute;gional interprofessionnel CFDT de la r&eacute;gion Provence-Alpes-C&ocirc;te d&#39;Azur (PACA).\n<\/p>\n<p>\n\tEn 1996, il devient secr&eacute;taire g&eacute;n&eacute;ral de la f&eacute;d&eacute;ration CFDT des services et &eacute;tablissements de la sant&eacute; et du social (CFDT sant&eacute;-sociaux), premi&egrave;re f&eacute;d&eacute;ration de la conf&eacute;d&eacute;ration en nombre d&#39;adh&eacute;rents. En octobre 2001, il entre au bureau national de la CFDT et &agrave; la commission ex&eacute;cutive1.\n<\/p>\n<p>\n\tDepuis 2002, il est secr&eacute;taire g&eacute;n&eacute;ral de la CFDT, o&ugrave; il a succ&eacute;d&eacute; &agrave; Nicole Notat, apr&egrave;s avoir &eacute;t&eacute; &agrave; la t&ecirc;te de la F&eacute;d&eacute;ration Sant&eacute;-Sociaux.\n<\/p>\n<p>\n\tIl est r&eacute;&eacute;lu au Congr&egrave;s de Grenoble le 16 juin 2006, puis &agrave; celui de Tours le 10 juin 2010, pour un dernier mandat de quatre ans. Syndicaliste cherchant &agrave; d&eacute;passer certains clivages, il a donn&eacute; &agrave; la revue Le Meilleur des Mondes un entretien sur sa vision du lib&eacute;ralisme intitul&eacute;: &laquo; En France, on n&rsquo;&eacute;voque la mondialisation qu&rsquo;&agrave; travers ses effets n&eacute;gatifs &raquo;.\n<\/p>\n<p>\n\tApr&egrave;s avoir obtenu en 2003, lors de la r&eacute;forme des retraites, des concessions du gouvernement comme le dispositif pour carri&egrave;re longue, il fut surnomm&eacute; le tra&icirc;tre, collabo ou complice par ses opposants.\n<\/p>\n<p>\n\tIl est l&#39;un des dirigeants des gr&egrave;ves contre la r&eacute;forme fran&ccedil;aise des retraites de 2010. Le 28 novembre 2012, il quitte le secr&eacute;tariat g&eacute;n&eacute;ral et laisse la place &agrave; son successeur, Laurent Berger.<\/p>\n","protected":false},"excerpt":{"rendered":"<p>Fran&ccedil;ois Ch&eacute;r&egrave;que, ancien secr&eacute;taire g&eacute;n&eacute;ral de la CFDT, est d&eacute;c&eacute;d&eacute; aujourd&#39;hui &agrave; 60 ans. C&#39;est sa famille qui vient de l&#39;annoncer dans un communiqu&eacute;. Il avait suspendu ses activit&eacute;s en septembre 2015 pour suivre un traitement de chimioth&eacute;rapie et quitt&eacute; ses fonctions &agrave; la t&ecirc;te de Haut commissaire &agrave; l&#39;engagement civique en juin 2016 pour [&hellip;]<\/p>\n","protected":false},"author":2,"featured_media":5775,"comment_status":"open","ping_status":"open","sticky":false,"template":"","format":"standard","meta":{"_jetpack_memberships_contains_paid_content":false,"footnotes":"","jetpack_publicize_message":"","jetpack_publicize_feature_enabled":true,"jetpack_social_post_already_shared":true,"jetpack_social_options":{"image_generator_settings":{"template":"highway","default_image_id":0,"font":"","enabled":false},"version":2},"_wpas_customize_per_network":false},"categories":[405],"tags":[1377],"class_list":["post-5774","post","type-post","status-publish","format-standard","has-post-thumbnail","hentry","category-actu-france-monde","tag-francois-chereque"],"jetpack_publicize_connections":[],"jetpack_featured_media_url":"https:\/\/i0.wp.com\/www.iceagetv.com\/radiosite\/wp-content\/uploads\/2017\/01\/Fran%C3%A7ois-Ch%C3%A9r%C3%A8que.jpg?fit=628%2C287&ssl=1","jetpack_sharing_enabled":true,"_links":{"self":[{"href":"https:\/\/www.iceagetv.com\/radiosite\/wp-json\/wp\/v2\/posts\/5774","targetHints":{"allow":["GET"]}}],"collection":[{"href":"https:\/\/www.iceagetv.com\/radiosite\/wp-json\/wp\/v2\/posts"}],"about":[{"href":"https:\/\/www.iceagetv.com\/radiosite\/wp-json\/wp\/v2\/types\/post"}],"author":[{"embeddable":true,"href":"https:\/\/www.iceagetv.com\/radiosite\/wp-json\/wp\/v2\/users\/2"}],"replies":[{"embeddable":true,"href":"https:\/\/www.iceagetv.com\/radiosite\/wp-json\/wp\/v2\/comments?post=5774"}],"version-history":[{"count":1,"href":"https:\/\/www.iceagetv.com\/radiosite\/wp-json\/wp\/v2\/posts\/5774\/revisions"}],"predecessor-version":[{"id":5776,"href":"https:\/\/www.iceagetv.com\/radiosite\/wp-json\/wp\/v2\/posts\/5774\/revisions\/5776"}],"wp:featuredmedia":[{"embeddable":true,"href":"https:\/\/www.iceagetv.com\/radiosite\/wp-json\/wp\/v2\/media\/5775"}],"wp:attachment":[{"href":"https:\/\/www.iceagetv.com\/radiosite\/wp-json\/wp\/v2\/media?parent=5774"}],"wp:term":[{"taxonomy":"category","embeddable":true,"href":"https:\/\/www.iceagetv.com\/radiosite\/wp-json\/wp\/v2\/categories?post=5774"},{"taxonomy":"post_tag","embeddable":true,"href":"https:\/\/www.iceagetv.com\/radiosite\/wp-json\/wp\/v2\/tags?post=5774"}],"curies":[{"name":"wp","href":"https:\/\/api.w.org\/{rel}","templated":true}]}}